{"id":10023,"date":"2020-07-03T11:17:40","date_gmt":"2020-07-03T15:17:40","guid":{"rendered":"https:\/\/cpar.ufms.br\/?p=10023"},"modified":"2020-07-03T11:17:40","modified_gmt":"2020-07-03T15:17:40","slug":"processo-seletivo-de-transferencia-externa-refugiados-e-portador-de-diploma-2semestre-de-2020","status":"publish","type":"post","link":"https:\/\/cpar.ufms.br\/en\/processo-seletivo-de-transferencia-externa-refugiados-e-portador-de-diploma-2semestre-de-2020\/","title":{"rendered":"Processo seletivo de Transfer\u00eancia Externa, Refugiados e Portador de Diploma &#8211; 2\u00b0semestre de 2020"},"content":{"rendered":"<p style=\"text-align: justify\">A FUNDA\u00c7\u00c3O UNIVERSIDADE FEDERAL DE MATO GROSSO DO SUL, por meio da Pr\u00f3-Reitoria de Gradua\u00e7\u00e3o, no uso de suas atribui\u00e7\u00f5es legais e considerando o disposto na Resolu\u00e7\u00e3o n\u00ba 78, Coun, de 22 de setembro de 2011; na Resolu\u00e7\u00e3o Coeg n\u00ba 750, de 16 de setembro de 2016; nas Resolu\u00e7\u00f5es Cograd n\u00ba 550, de 20 de novembro de 2018; n\u00ba 327, de 27 de junho de 2019; e nos Editais Prograd n\u00ba 107, de 28 de maio de 2020; e n\u00ba 112, de 22 de junho de 2020, torna p\u00fablica a abertura do processo seletivo de <strong>transfer\u00eancia de cursos de outras institui\u00e7\u00f5es <\/strong>nacionais de ensino superior de gradua\u00e7\u00e3o<strong>, <\/strong>ingresso de<strong> estrangeiros portadores de visto de refugiado, humanit\u00e1rio ou reuni\u00e3o familiar <\/strong>e ingresso de<strong> portador de diploma de gradua\u00e7\u00e3o <\/strong>para preenchimento das vagas ociosas nos Cursos de Gradua\u00e7\u00e3o da UFMS, para ingresso no 2\u00ba semestre do ano levo de 2020, mediante as condi\u00e7\u00f5es estabelecidas neste Edital e demais disposi\u00e7\u00f5es legais.<\/p>\n<p>O per\u00edodo de inscri\u00e7\u00e3o \u00e9 de\u00a0<strong>9 a 22 de julho<\/strong>. No Campus de Parana\u00edba est\u00e3o abertas 2 vagas para o curso de Matem\u00e1tica &#8211; Licenciatura. Para mais informa\u00e7\u00f5es leia o Edital abaixo.<\/p>\n<p><a href=\"https:\/\/ingresso.ufms.br\/files\/2020\/07\/Edital_116.pdf\" target=\"_blank\" rel=\"noopener noreferrer\">Edital de Sele\u00e7\u00e3o n\u00b0 116 Prograd\/UFMS <\/a><\/p>\n","protected":false},"excerpt":{"rendered":"<p>A FUNDA\u00c7\u00c3O UNIVERSIDADE FEDERAL DE MATO GROSSO DO SUL, por meio da Pr\u00f3-Reitoria de Gradua\u00e7\u00e3o, no uso de suas atribui\u00e7\u00f5es legais e considerando o disposto na Resolu\u00e7\u00e3o n\u00ba 78, Coun, de 22 de setembro de 2011; na Resolu\u00e7\u00e3o Coeg n\u00ba 750, de 16 de setembro de 2016; nas Resolu\u00e7\u00f5es Cograd n\u00ba 550, de 20 de [&hellip;]<\/p>\n","protected":false},"author":12416,"featured_media":10024,"comment_status":"closed","ping_status":"open","sticky":false,"template":"","format":"standard","meta":{"footnotes":""},"categories":[3,1],"tags":[],"coauthors":[],"class_list":["post-10023","post","type-post","status-publish","format-standard","has-post-thumbnail","hentry","category-fotos-imagens","category-noticias"],"yoast_head":"<!-- This site is optimized with the Yoast SEO plugin v26.2 - https:\/\/yoast.com\/wordpress\/plugins\/seo\/ -->\n<title>Processo seletivo de Transfer\u00eancia Externa, Refugiados e Portador de Diploma - 2\u00b0semestre de 2020 - CPAR - Campus de Parana\u00edba<\/title>\n<meta name=\"robots\" content=\"index, follow, max-snippet:-1, max-image-preview:large, max-video-preview:-1\" \/>\n<link rel=\"canonical\" href=\"https:\/\/cpar.ufms.br\/processo-seletivo-de-transferencia-externa-refugiados-e-portador-de-diploma-2semestre-de-2020\/\" \/>\n<meta property=\"og:locale\" content=\"en_US\" \/>\n<meta property=\"og:type\" content=\"article\" \/>\n<meta property=\"og:title\" content=\"Processo seletivo de Transfer\u00eancia Externa, Refugiados e Portador de Diploma - 2\u00b0semestre de 2020 - CPAR - Campus de Parana\u00edba\" \/>\n<meta property=\"og:description\" content=\"A FUNDA\u00c7\u00c3O UNIVERSIDADE FEDERAL DE MATO GROSSO DO SUL, por meio da Pr\u00f3-Reitoria de Gradua\u00e7\u00e3o, no uso de suas atribui\u00e7\u00f5es legais e considerando o disposto na Resolu\u00e7\u00e3o n\u00ba 78, Coun, de 22 de setembro de 2011; na Resolu\u00e7\u00e3o Coeg n\u00ba 750, de 16 de setembro de 2016; nas Resolu\u00e7\u00f5es Cograd n\u00ba 550, de 20 de [&hellip;]\" \/>\n<meta property=\"og:url\" content=\"https:\/\/cpar.ufms.br\/processo-seletivo-de-transferencia-externa-refugiados-e-portador-de-diploma-2semestre-de-2020\/\" \/>\n<meta property=\"og:site_name\" content=\"CPAR - Campus de Parana\u00edba\" \/>\n<meta property=\"article:published_time\" content=\"2020-07-03T15:17:40+00:00\" \/>\n<meta property=\"og:image\" content=\"https:\/\/cpar.ufms.br\/files\/2020\/07\/banner_vest_transferenciaexterna_pagina.jpg\" \/>\n\t<meta property=\"og:image:width\" content=\"723\" \/>\n\t<meta property=\"og:image:height\" content=\"361\" \/>\n\t<meta property=\"og:image:type\" content=\"image\/jpeg\" \/>\n<meta name=\"author\" content=\"BRUNNA DE OLIVEIRA FREITAS\" \/>\n<meta name=\"twitter:label1\" content=\"Written by\" \/>\n\t<meta name=\"twitter:data1\" content=\"BRUNNA DE OLIVEIRA FREITAS\" \/>\n\t<meta name=\"twitter:label2\" content=\"Est. reading time\" \/>\n\t<meta name=\"twitter:data2\" content=\"1 minute\" \/>\n<script type=\"application\/ld+json\" class=\"yoast-schema-graph\">{\"@context\":\"https:\/\/schema.org\",\"@graph\":[{\"@type\":\"WebPage\",\"@id\":\"https:\/\/cpar.ufms.br\/processo-seletivo-de-transferencia-externa-refugiados-e-portador-de-diploma-2semestre-de-2020\/\",\"url\":\"https:\/\/cpar.ufms.br\/processo-seletivo-de-transferencia-externa-refugiados-e-portador-de-diploma-2semestre-de-2020\/\",\"name\":\"Processo seletivo de Transfer\u00eancia Externa, Refugiados e Portador de Diploma - 2\u00b0semestre de 2020 - CPAR - Campus de Parana\u00edba\",\"isPartOf\":{\"@id\":\"https:\/\/cpar.ufms.br\/#website\"},\"primaryImageOfPage\":{\"@id\":\"https:\/\/cpar.ufms.br\/processo-seletivo-de-transferencia-externa-refugiados-e-portador-de-diploma-2semestre-de-2020\/#primaryimage\"},\"image\":{\"@id\":\"https:\/\/cpar.ufms.br\/processo-seletivo-de-transferencia-externa-refugiados-e-portador-de-diploma-2semestre-de-2020\/#primaryimage\"},\"thumbnailUrl\":\"https:\/\/cpar.ufms.br\/files\/2020\/07\/banner_vest_transferenciaexterna_pagina.jpg\",\"datePublished\":\"2020-07-03T15:17:40+00:00\",\"author\":{\"@id\":\"https:\/\/cpar.ufms.br\/#\/schema\/person\/e75a5c4d95c933476a42c9eed9d6d303\"},\"breadcrumb\":{\"@id\":\"https:\/\/cpar.ufms.br\/processo-seletivo-de-transferencia-externa-refugiados-e-portador-de-diploma-2semestre-de-2020\/#breadcrumb\"},\"inLanguage\":\"en-US\",\"potentialAction\":[{\"@type\":\"ReadAction\",\"target\":[\"https:\/\/cpar.ufms.br\/processo-seletivo-de-transferencia-externa-refugiados-e-portador-de-diploma-2semestre-de-2020\/\"]}]},{\"@type\":\"ImageObject\",\"inLanguage\":\"en-US\",\"@id\":\"https:\/\/cpar.ufms.br\/processo-seletivo-de-transferencia-externa-refugiados-e-portador-de-diploma-2semestre-de-2020\/#primaryimage\",\"url\":\"https:\/\/cpar.ufms.br\/files\/2020\/07\/banner_vest_transferenciaexterna_pagina.jpg\",\"contentUrl\":\"https:\/\/cpar.ufms.br\/files\/2020\/07\/banner_vest_transferenciaexterna_pagina.jpg\",\"width\":723,\"height\":361},{\"@type\":\"BreadcrumbList\",\"@id\":\"https:\/\/cpar.ufms.br\/processo-seletivo-de-transferencia-externa-refugiados-e-portador-de-diploma-2semestre-de-2020\/#breadcrumb\",\"itemListElement\":[{\"@type\":\"ListItem\",\"position\":1,\"name\":\"In\u00edcio\",\"item\":\"https:\/\/cpar.ufms.br\/\"},{\"@type\":\"ListItem\",\"position\":2,\"name\":\"Processo seletivo de Transfer\u00eancia Externa, Refugiados e Portador de Diploma &#8211; 2\u00b0semestre de 2020\"}]},{\"@type\":\"WebSite\",\"@id\":\"https:\/\/cpar.ufms.br\/#website\",\"url\":\"https:\/\/cpar.ufms.br\/\",\"name\":\"CPAR - Campus de Parana\u00edba\",\"description\":\"Universidade Federal de Mato Grosso do Sul\",\"potentialAction\":[{\"@type\":\"SearchAction\",\"target\":{\"@type\":\"EntryPoint\",\"urlTemplate\":\"https:\/\/cpar.ufms.br\/?s={search_term_string}\"},\"query-input\":{\"@type\":\"PropertyValueSpecification\",\"valueRequired\":true,\"valueName\":\"search_term_string\"}}],\"inLanguage\":\"en-US\"},{\"@type\":\"Person\",\"@id\":\"https:\/\/cpar.ufms.br\/#\/schema\/person\/e75a5c4d95c933476a42c9eed9d6d303\",\"name\":\"BRUNNA DE OLIVEIRA FREITAS\",\"image\":{\"@type\":\"ImageObject\",\"inLanguage\":\"en-US\",\"@id\":\"https:\/\/cpar.ufms.br\/#\/schema\/person\/image\/a5b1ee798b6a6714654635c4095dd105\",\"url\":\"https:\/\/secure.gravatar.com\/avatar\/0e568014b00d86ba9cccf606b7c7dc623dec5048de6cf896970c939fc6e3ddc4?s=96&d=mm&r=g\",\"contentUrl\":\"https:\/\/secure.gravatar.com\/avatar\/0e568014b00d86ba9cccf606b7c7dc623dec5048de6cf896970c939fc6e3ddc4?s=96&d=mm&r=g\",\"caption\":\"BRUNNA DE OLIVEIRA FREITAS\"},\"url\":\"https:\/\/cpar.ufms.br\/en\/author\/brunna-oliveira\/\"}]}<\/script>\n<!-- \/ Yoast SEO plugin. -->","yoast_head_json":{"title":"Processo seletivo de Transfer\u00eancia Externa, Refugiados e Portador de Diploma - 2\u00b0semestre de 2020 - CPAR - Campus de Parana\u00edba","robots":{"index":"index","follow":"follow","max-snippet":"max-snippet:-1","max-image-preview":"max-image-preview:large","max-video-preview":"max-video-preview:-1"},"canonical":"https:\/\/cpar.ufms.br\/processo-seletivo-de-transferencia-externa-refugiados-e-portador-de-diploma-2semestre-de-2020\/","og_locale":"en_US","og_type":"article","og_title":"Processo seletivo de Transfer\u00eancia Externa, Refugiados e Portador de Diploma - 2\u00b0semestre de 2020 - CPAR - Campus de Parana\u00edba","og_description":"A FUNDA\u00c7\u00c3O UNIVERSIDADE FEDERAL DE MATO GROSSO DO SUL, por meio da Pr\u00f3-Reitoria de Gradua\u00e7\u00e3o, no uso de suas atribui\u00e7\u00f5es legais e considerando o disposto na Resolu\u00e7\u00e3o n\u00ba 78, Coun, de 22 de setembro de 2011; na Resolu\u00e7\u00e3o Coeg n\u00ba 750, de 16 de setembro de 2016; nas Resolu\u00e7\u00f5es Cograd n\u00ba 550, de 20 de [&hellip;]","og_url":"https:\/\/cpar.ufms.br\/processo-seletivo-de-transferencia-externa-refugiados-e-portador-de-diploma-2semestre-de-2020\/","og_site_name":"CPAR - Campus de Parana\u00edba","article_published_time":"2020-07-03T15:17:40+00:00","og_image":[{"width":723,"height":361,"url":"https:\/\/cpar.ufms.br\/files\/2020\/07\/banner_vest_transferenciaexterna_pagina.jpg","type":"image\/jpeg"}],"author":"BRUNNA DE OLIVEIRA FREITAS","twitter_misc":{"Written by":"BRUNNA DE OLIVEIRA FREITAS","Est. reading time":"1 minute"},"schema":{"@context":"https:\/\/schema.org","@graph":[{"@type":"WebPage","@id":"https:\/\/cpar.ufms.br\/processo-seletivo-de-transferencia-externa-refugiados-e-portador-de-diploma-2semestre-de-2020\/","url":"https:\/\/cpar.ufms.br\/processo-seletivo-de-transferencia-externa-refugiados-e-portador-de-diploma-2semestre-de-2020\/","name":"Processo seletivo de Transfer\u00eancia Externa, Refugiados e Portador de Diploma - 2\u00b0semestre de 2020 - CPAR - Campus de Parana\u00edba","isPartOf":{"@id":"https:\/\/cpar.ufms.br\/#website"},"primaryImageOfPage":{"@id":"https:\/\/cpar.ufms.br\/processo-seletivo-de-transferencia-externa-refugiados-e-portador-de-diploma-2semestre-de-2020\/#primaryimage"},"image":{"@id":"https:\/\/cpar.ufms.br\/processo-seletivo-de-transferencia-externa-refugiados-e-portador-de-diploma-2semestre-de-2020\/#primaryimage"},"thumbnailUrl":"https:\/\/cpar.ufms.br\/files\/2020\/07\/banner_vest_transferenciaexterna_pagina.jpg","datePublished":"2020-07-03T15:17:40+00:00","author":{"@id":"https:\/\/cpar.ufms.br\/#\/schema\/person\/e75a5c4d95c933476a42c9eed9d6d303"},"breadcrumb":{"@id":"https:\/\/cpar.ufms.br\/processo-seletivo-de-transferencia-externa-refugiados-e-portador-de-diploma-2semestre-de-2020\/#breadcrumb"},"inLanguage":"en-US","potentialAction":[{"@type":"ReadAction","target":["https:\/\/cpar.ufms.br\/processo-seletivo-de-transferencia-externa-refugiados-e-portador-de-diploma-2semestre-de-2020\/"]}]},{"@type":"ImageObject","inLanguage":"en-US","@id":"https:\/\/cpar.ufms.br\/processo-seletivo-de-transferencia-externa-refugiados-e-portador-de-diploma-2semestre-de-2020\/#primaryimage","url":"https:\/\/cpar.ufms.br\/files\/2020\/07\/banner_vest_transferenciaexterna_pagina.jpg","contentUrl":"https:\/\/cpar.ufms.br\/files\/2020\/07\/banner_vest_transferenciaexterna_pagina.jpg","width":723,"height":361},{"@type":"BreadcrumbList","@id":"https:\/\/cpar.ufms.br\/processo-seletivo-de-transferencia-externa-refugiados-e-portador-de-diploma-2semestre-de-2020\/#breadcrumb","itemListElement":[{"@type":"ListItem","position":1,"name":"In\u00edcio","item":"https:\/\/cpar.ufms.br\/"},{"@type":"ListItem","position":2,"name":"Processo seletivo de Transfer\u00eancia Externa, Refugiados e Portador de Diploma &#8211; 2\u00b0semestre de 2020"}]},{"@type":"WebSite","@id":"https:\/\/cpar.ufms.br\/#website","url":"https:\/\/cpar.ufms.br\/","name":"CPAR - Campus de Parana\u00edba","description":"Universidade Federal de Mato Grosso do Sul","potentialAction":[{"@type":"SearchAction","target":{"@type":"EntryPoint","urlTemplate":"https:\/\/cpar.ufms.br\/?s={search_term_string}"},"query-input":{"@type":"PropertyValueSpecification","valueRequired":true,"valueName":"search_term_string"}}],"inLanguage":"en-US"},{"@type":"Person","@id":"https:\/\/cpar.ufms.br\/#\/schema\/person\/e75a5c4d95c933476a42c9eed9d6d303","name":"BRUNNA DE OLIVEIRA FREITAS","image":{"@type":"ImageObject","inLanguage":"en-US","@id":"https:\/\/cpar.ufms.br\/#\/schema\/person\/image\/a5b1ee798b6a6714654635c4095dd105","url":"https:\/\/secure.gravatar.com\/avatar\/0e568014b00d86ba9cccf606b7c7dc623dec5048de6cf896970c939fc6e3ddc4?s=96&d=mm&r=g","contentUrl":"https:\/\/secure.gravatar.com\/avatar\/0e568014b00d86ba9cccf606b7c7dc623dec5048de6cf896970c939fc6e3ddc4?s=96&d=mm&r=g","caption":"BRUNNA DE OLIVEIRA FREITAS"},"url":"https:\/\/cpar.ufms.br\/en\/author\/brunna-oliveira\/"}]}},"_links":{"self":[{"href":"https:\/\/cpar.ufms.br\/en\/wp-json\/wp\/v2\/posts\/10023","targetHints":{"allow":["GET"]}}],"collection":[{"href":"https:\/\/cpar.ufms.br\/en\/wp-json\/wp\/v2\/posts"}],"about":[{"href":"https:\/\/cpar.ufms.br\/en\/wp-json\/wp\/v2\/types\/post"}],"author":[{"embeddable":true,"href":"https:\/\/cpar.ufms.br\/en\/wp-json\/wp\/v2\/users\/12416"}],"replies":[{"embeddable":true,"href":"https:\/\/cpar.ufms.br\/en\/wp-json\/wp\/v2\/comments?post=10023"}],"version-history":[{"count":1,"href":"https:\/\/cpar.ufms.br\/en\/wp-json\/wp\/v2\/posts\/10023\/revisions"}],"predecessor-version":[{"id":10025,"href":"https:\/\/cpar.ufms.br\/en\/wp-json\/wp\/v2\/posts\/10023\/revisions\/10025"}],"wp:featuredmedia":[{"embeddable":true,"href":"https:\/\/cpar.ufms.br\/en\/wp-json\/wp\/v2\/media\/10024"}],"wp:attachment":[{"href":"https:\/\/cpar.ufms.br\/en\/wp-json\/wp\/v2\/media?parent=10023"}],"wp:term":[{"taxonomy":"category","embeddable":true,"href":"https:\/\/cpar.ufms.br\/en\/wp-json\/wp\/v2\/categories?post=10023"},{"taxonomy":"post_tag","embeddable":true,"href":"https:\/\/cpar.ufms.br\/en\/wp-json\/wp\/v2\/tags?post=10023"},{"taxonomy":"author","embeddable":true,"href":"https:\/\/cpar.ufms.br\/en\/wp-json\/wp\/v2\/coauthors?post=10023"}],"curies":[{"name":"wp","href":"https:\/\/api.w.org\/{rel}","templated":true}]}}