{"id":10199,"date":"2020-08-20T08:32:13","date_gmt":"2020-08-20T12:32:13","guid":{"rendered":"https:\/\/cpar.ufms.br\/?p=10199"},"modified":"2020-08-20T09:00:15","modified_gmt":"2020-08-20T13:00:15","slug":"selecao-de-estudantes-para-o-programa-de-iniciacao-a-docencia-pibid-ufms","status":"publish","type":"post","link":"https:\/\/cpar.ufms.br\/en\/selecao-de-estudantes-para-o-programa-de-iniciacao-a-docencia-pibid-ufms\/","title":{"rendered":"Sele\u00e7\u00e3o de estudantes para o programa de inicia\u00e7\u00e3o \u00e0 doc\u00eancia &#8211; PIBID\/UFMS"},"content":{"rendered":"<p style=\"text-align: justify\"><span class=\"fontstyle0\">A FUNDA\u00c7\u00c3O UNIVERSIDADE FEDERAL DE MATO GROSSO DO SUL <\/span><span class=\"fontstyle2\">por meio da Pr\u00f3-Reitoria de Gradua\u00e7\u00e3o &#8211; Prograd, no uso de suas atribui\u00e7\u00f5es legais, nos termos da Resolu\u00e7\u00e3o n\u00ba 344\/2015-Coeg, torna p\u00fablica a abertura das inscri\u00e7\u00f5es para estudantes de gradua\u00e7\u00e3o dos cursos de licenciatura, para integrarem o Programa Institucional de Bolsa de Inicia\u00e7\u00e3o \u00e0 Doc\u00eancia (PIBID), conforme as normas constantes no Edital Capes n\u00ba 2\/2020 e Portaria Capes\/GAB n\u00ba 259, de 17 de dezembro de 2019.<\/span><\/p>\n<p style=\"text-align: justify\">No Cpar s\u00e3o 10 vagas para alunos do curso de Matem\u00e1tica, <strong>oito<\/strong><strong> para bolsistas e duas para volunt\u00e1rios. Inscri\u00e7\u00f5es abertas de 9 a 19 de agosto.\u00a0<\/strong><\/p>\n<p style=\"text-align: justify\"><a href=\"https:\/\/cpar.ufms.br\/files\/2020\/08\/edital-138.pdf\" target=\"_blank\" rel=\"noopener noreferrer\">Edital de sele\u00e7\u00e3o n\u00b0 138\/2020 &#8211; Prograd\/UFMS<\/a><\/p>\n<p><a href=\"https:\/\/cpar.ufms.br\/files\/2020\/08\/EDITAL-PROGRAD_RTR-n-144-RETIFICAC\u0327A\u0303O.pdf\">EDITAL (PROGRAD_RTR) n 144, RETIFICAC\u0327A\u0303O<\/a><\/p>\n<p style=\"text-align: justify\">\n","protected":false},"excerpt":{"rendered":"<p>A FUNDA\u00c7\u00c3O UNIVERSIDADE FEDERAL DE MATO GROSSO DO SUL por meio da Pr\u00f3-Reitoria de Gradua\u00e7\u00e3o &#8211; Prograd, no uso de suas atribui\u00e7\u00f5es legais, nos termos da Resolu\u00e7\u00e3o n\u00ba 344\/2015-Coeg, torna p\u00fablica a abertura das inscri\u00e7\u00f5es para estudantes de gradua\u00e7\u00e3o dos cursos de licenciatura, para integrarem o Programa Institucional de Bolsa de Inicia\u00e7\u00e3o \u00e0 Doc\u00eancia (PIBID), [&hellip;]<\/p>\n","protected":false},"author":12416,"featured_media":0,"comment_status":"closed","ping_status":"open","sticky":false,"template":"","format":"standard","meta":{"footnotes":""},"categories":[3,1],"tags":[],"coauthors":[],"class_list":["post-10199","post","type-post","status-publish","format-standard","hentry","category-fotos-imagens","category-noticias"],"yoast_head":"<!-- This site is optimized with the Yoast SEO plugin v26.2 - https:\/\/yoast.com\/wordpress\/plugins\/seo\/ -->\n<title>Sele\u00e7\u00e3o de estudantes para o programa de inicia\u00e7\u00e3o \u00e0 doc\u00eancia - PIBID\/UFMS - CPAR - Campus de Parana\u00edba<\/title>\n<meta name=\"robots\" content=\"index, follow, max-snippet:-1, max-image-preview:large, max-video-preview:-1\" \/>\n<link rel=\"canonical\" href=\"https:\/\/cpar.ufms.br\/selecao-de-estudantes-para-o-programa-de-iniciacao-a-docencia-pibid-ufms\/\" \/>\n<meta property=\"og:locale\" content=\"en_US\" \/>\n<meta property=\"og:type\" content=\"article\" \/>\n<meta property=\"og:title\" content=\"Sele\u00e7\u00e3o de estudantes para o programa de inicia\u00e7\u00e3o \u00e0 doc\u00eancia - PIBID\/UFMS - CPAR - Campus de Parana\u00edba\" \/>\n<meta property=\"og:description\" content=\"A FUNDA\u00c7\u00c3O UNIVERSIDADE FEDERAL DE MATO GROSSO DO SUL por meio da Pr\u00f3-Reitoria de Gradua\u00e7\u00e3o &#8211; Prograd, no uso de suas atribui\u00e7\u00f5es legais, nos termos da Resolu\u00e7\u00e3o n\u00ba 344\/2015-Coeg, torna p\u00fablica a abertura das inscri\u00e7\u00f5es para estudantes de gradua\u00e7\u00e3o dos cursos de licenciatura, para integrarem o Programa Institucional de Bolsa de Inicia\u00e7\u00e3o \u00e0 Doc\u00eancia (PIBID), [&hellip;]\" \/>\n<meta property=\"og:url\" content=\"https:\/\/cpar.ufms.br\/selecao-de-estudantes-para-o-programa-de-iniciacao-a-docencia-pibid-ufms\/\" \/>\n<meta property=\"og:site_name\" content=\"CPAR - Campus de Parana\u00edba\" \/>\n<meta property=\"article:published_time\" content=\"2020-08-20T12:32:13+00:00\" \/>\n<meta property=\"article:modified_time\" content=\"2020-08-20T13:00:15+00:00\" \/>\n<meta property=\"og:image\" content=\"https:\/\/cpar.ufms.br\/files\/2020\/08\/pibd-sele\u00e7\u00e3o.png\" \/>\n\t<meta property=\"og:image:width\" content=\"1584\" \/>\n\t<meta property=\"og:image:height\" content=\"508\" \/>\n\t<meta property=\"og:image:type\" content=\"image\/png\" \/>\n<meta name=\"author\" content=\"BRUNNA DE OLIVEIRA FREITAS\" \/>\n<meta name=\"twitter:label1\" content=\"Written by\" \/>\n\t<meta name=\"twitter:data1\" content=\"BRUNNA DE OLIVEIRA FREITAS\" \/>\n\t<meta name=\"twitter:label2\" content=\"Est. reading time\" \/>\n\t<meta name=\"twitter:data2\" content=\"1 minute\" \/>\n<script type=\"application\/ld+json\" class=\"yoast-schema-graph\">{\"@context\":\"https:\/\/schema.org\",\"@graph\":[{\"@type\":\"WebPage\",\"@id\":\"https:\/\/cpar.ufms.br\/selecao-de-estudantes-para-o-programa-de-iniciacao-a-docencia-pibid-ufms\/\",\"url\":\"https:\/\/cpar.ufms.br\/selecao-de-estudantes-para-o-programa-de-iniciacao-a-docencia-pibid-ufms\/\",\"name\":\"Sele\u00e7\u00e3o de estudantes para o programa de inicia\u00e7\u00e3o \u00e0 doc\u00eancia - PIBID\/UFMS - CPAR - Campus de Parana\u00edba\",\"isPartOf\":{\"@id\":\"https:\/\/cpar.ufms.br\/#website\"},\"datePublished\":\"2020-08-20T12:32:13+00:00\",\"dateModified\":\"2020-08-20T13:00:15+00:00\",\"author\":{\"@id\":\"https:\/\/cpar.ufms.br\/#\/schema\/person\/e75a5c4d95c933476a42c9eed9d6d303\"},\"breadcrumb\":{\"@id\":\"https:\/\/cpar.ufms.br\/selecao-de-estudantes-para-o-programa-de-iniciacao-a-docencia-pibid-ufms\/#breadcrumb\"},\"inLanguage\":\"en-US\",\"potentialAction\":[{\"@type\":\"ReadAction\",\"target\":[\"https:\/\/cpar.ufms.br\/selecao-de-estudantes-para-o-programa-de-iniciacao-a-docencia-pibid-ufms\/\"]}]},{\"@type\":\"BreadcrumbList\",\"@id\":\"https:\/\/cpar.ufms.br\/selecao-de-estudantes-para-o-programa-de-iniciacao-a-docencia-pibid-ufms\/#breadcrumb\",\"itemListElement\":[{\"@type\":\"ListItem\",\"position\":1,\"name\":\"In\u00edcio\",\"item\":\"https:\/\/cpar.ufms.br\/\"},{\"@type\":\"ListItem\",\"position\":2,\"name\":\"Sele\u00e7\u00e3o de estudantes para o programa de inicia\u00e7\u00e3o \u00e0 doc\u00eancia &#8211; PIBID\/UFMS\"}]},{\"@type\":\"WebSite\",\"@id\":\"https:\/\/cpar.ufms.br\/#website\",\"url\":\"https:\/\/cpar.ufms.br\/\",\"name\":\"CPAR - Campus de Parana\u00edba\",\"description\":\"Universidade Federal de Mato Grosso do Sul\",\"potentialAction\":[{\"@type\":\"SearchAction\",\"target\":{\"@type\":\"EntryPoint\",\"urlTemplate\":\"https:\/\/cpar.ufms.br\/?s={search_term_string}\"},\"query-input\":{\"@type\":\"PropertyValueSpecification\",\"valueRequired\":true,\"valueName\":\"search_term_string\"}}],\"inLanguage\":\"en-US\"},{\"@type\":\"Person\",\"@id\":\"https:\/\/cpar.ufms.br\/#\/schema\/person\/e75a5c4d95c933476a42c9eed9d6d303\",\"name\":\"BRUNNA DE OLIVEIRA FREITAS\",\"image\":{\"@type\":\"ImageObject\",\"inLanguage\":\"en-US\",\"@id\":\"https:\/\/cpar.ufms.br\/#\/schema\/person\/image\/a5b1ee798b6a6714654635c4095dd105\",\"url\":\"https:\/\/secure.gravatar.com\/avatar\/0e568014b00d86ba9cccf606b7c7dc623dec5048de6cf896970c939fc6e3ddc4?s=96&d=mm&r=g\",\"contentUrl\":\"https:\/\/secure.gravatar.com\/avatar\/0e568014b00d86ba9cccf606b7c7dc623dec5048de6cf896970c939fc6e3ddc4?s=96&d=mm&r=g\",\"caption\":\"BRUNNA DE OLIVEIRA FREITAS\"},\"url\":\"https:\/\/cpar.ufms.br\/en\/author\/brunna-oliveira\/\"}]}<\/script>\n<!-- \/ Yoast SEO plugin. -->","yoast_head_json":{"title":"Sele\u00e7\u00e3o de estudantes para o programa de inicia\u00e7\u00e3o \u00e0 doc\u00eancia - PIBID\/UFMS - CPAR - Campus de Parana\u00edba","robots":{"index":"index","follow":"follow","max-snippet":"max-snippet:-1","max-image-preview":"max-image-preview:large","max-video-preview":"max-video-preview:-1"},"canonical":"https:\/\/cpar.ufms.br\/selecao-de-estudantes-para-o-programa-de-iniciacao-a-docencia-pibid-ufms\/","og_locale":"en_US","og_type":"article","og_title":"Sele\u00e7\u00e3o de estudantes para o programa de inicia\u00e7\u00e3o \u00e0 doc\u00eancia - PIBID\/UFMS - CPAR - Campus de Parana\u00edba","og_description":"A FUNDA\u00c7\u00c3O UNIVERSIDADE FEDERAL DE MATO GROSSO DO SUL por meio da Pr\u00f3-Reitoria de Gradua\u00e7\u00e3o &#8211; Prograd, no uso de suas atribui\u00e7\u00f5es legais, nos termos da Resolu\u00e7\u00e3o n\u00ba 344\/2015-Coeg, torna p\u00fablica a abertura das inscri\u00e7\u00f5es para estudantes de gradua\u00e7\u00e3o dos cursos de licenciatura, para integrarem o Programa Institucional de Bolsa de Inicia\u00e7\u00e3o \u00e0 Doc\u00eancia (PIBID), [&hellip;]","og_url":"https:\/\/cpar.ufms.br\/selecao-de-estudantes-para-o-programa-de-iniciacao-a-docencia-pibid-ufms\/","og_site_name":"CPAR - Campus de Parana\u00edba","article_published_time":"2020-08-20T12:32:13+00:00","article_modified_time":"2020-08-20T13:00:15+00:00","og_image":[{"width":1584,"height":508,"url":"https:\/\/cpar.ufms.br\/files\/2020\/08\/pibd-sele\u00e7\u00e3o.png","type":"image\/png"}],"author":"BRUNNA DE OLIVEIRA FREITAS","twitter_misc":{"Written by":"BRUNNA DE OLIVEIRA FREITAS","Est. reading time":"1 minute"},"schema":{"@context":"https:\/\/schema.org","@graph":[{"@type":"WebPage","@id":"https:\/\/cpar.ufms.br\/selecao-de-estudantes-para-o-programa-de-iniciacao-a-docencia-pibid-ufms\/","url":"https:\/\/cpar.ufms.br\/selecao-de-estudantes-para-o-programa-de-iniciacao-a-docencia-pibid-ufms\/","name":"Sele\u00e7\u00e3o de estudantes para o programa de inicia\u00e7\u00e3o \u00e0 doc\u00eancia - PIBID\/UFMS - CPAR - Campus de Parana\u00edba","isPartOf":{"@id":"https:\/\/cpar.ufms.br\/#website"},"datePublished":"2020-08-20T12:32:13+00:00","dateModified":"2020-08-20T13:00:15+00:00","author":{"@id":"https:\/\/cpar.ufms.br\/#\/schema\/person\/e75a5c4d95c933476a42c9eed9d6d303"},"breadcrumb":{"@id":"https:\/\/cpar.ufms.br\/selecao-de-estudantes-para-o-programa-de-iniciacao-a-docencia-pibid-ufms\/#breadcrumb"},"inLanguage":"en-US","potentialAction":[{"@type":"ReadAction","target":["https:\/\/cpar.ufms.br\/selecao-de-estudantes-para-o-programa-de-iniciacao-a-docencia-pibid-ufms\/"]}]},{"@type":"BreadcrumbList","@id":"https:\/\/cpar.ufms.br\/selecao-de-estudantes-para-o-programa-de-iniciacao-a-docencia-pibid-ufms\/#breadcrumb","itemListElement":[{"@type":"ListItem","position":1,"name":"In\u00edcio","item":"https:\/\/cpar.ufms.br\/"},{"@type":"ListItem","position":2,"name":"Sele\u00e7\u00e3o de estudantes para o programa de inicia\u00e7\u00e3o \u00e0 doc\u00eancia &#8211; PIBID\/UFMS"}]},{"@type":"WebSite","@id":"https:\/\/cpar.ufms.br\/#website","url":"https:\/\/cpar.ufms.br\/","name":"CPAR - Campus de Parana\u00edba","description":"Universidade Federal de Mato Grosso do Sul","potentialAction":[{"@type":"SearchAction","target":{"@type":"EntryPoint","urlTemplate":"https:\/\/cpar.ufms.br\/?s={search_term_string}"},"query-input":{"@type":"PropertyValueSpecification","valueRequired":true,"valueName":"search_term_string"}}],"inLanguage":"en-US"},{"@type":"Person","@id":"https:\/\/cpar.ufms.br\/#\/schema\/person\/e75a5c4d95c933476a42c9eed9d6d303","name":"BRUNNA DE OLIVEIRA FREITAS","image":{"@type":"ImageObject","inLanguage":"en-US","@id":"https:\/\/cpar.ufms.br\/#\/schema\/person\/image\/a5b1ee798b6a6714654635c4095dd105","url":"https:\/\/secure.gravatar.com\/avatar\/0e568014b00d86ba9cccf606b7c7dc623dec5048de6cf896970c939fc6e3ddc4?s=96&d=mm&r=g","contentUrl":"https:\/\/secure.gravatar.com\/avatar\/0e568014b00d86ba9cccf606b7c7dc623dec5048de6cf896970c939fc6e3ddc4?s=96&d=mm&r=g","caption":"BRUNNA DE OLIVEIRA FREITAS"},"url":"https:\/\/cpar.ufms.br\/en\/author\/brunna-oliveira\/"}]}},"_links":{"self":[{"href":"https:\/\/cpar.ufms.br\/en\/wp-json\/wp\/v2\/posts\/10199","targetHints":{"allow":["GET"]}}],"collection":[{"href":"https:\/\/cpar.ufms.br\/en\/wp-json\/wp\/v2\/posts"}],"about":[{"href":"https:\/\/cpar.ufms.br\/en\/wp-json\/wp\/v2\/types\/post"}],"author":[{"embeddable":true,"href":"https:\/\/cpar.ufms.br\/en\/wp-json\/wp\/v2\/users\/12416"}],"replies":[{"embeddable":true,"href":"https:\/\/cpar.ufms.br\/en\/wp-json\/wp\/v2\/comments?post=10199"}],"version-history":[{"count":5,"href":"https:\/\/cpar.ufms.br\/en\/wp-json\/wp\/v2\/posts\/10199\/revisions"}],"predecessor-version":[{"id":10346,"href":"https:\/\/cpar.ufms.br\/en\/wp-json\/wp\/v2\/posts\/10199\/revisions\/10346"}],"wp:attachment":[{"href":"https:\/\/cpar.ufms.br\/en\/wp-json\/wp\/v2\/media?parent=10199"}],"wp:term":[{"taxonomy":"category","embeddable":true,"href":"https:\/\/cpar.ufms.br\/en\/wp-json\/wp\/v2\/categories?post=10199"},{"taxonomy":"post_tag","embeddable":true,"href":"https:\/\/cpar.ufms.br\/en\/wp-json\/wp\/v2\/tags?post=10199"},{"taxonomy":"author","embeddable":true,"href":"https:\/\/cpar.ufms.br\/en\/wp-json\/wp\/v2\/coauthors?post=10199"}],"curies":[{"name":"wp","href":"https:\/\/api.w.org\/{rel}","templated":true}]}}