{"id":10231,"date":"2020-08-11T09:15:22","date_gmt":"2020-08-11T13:15:22","guid":{"rendered":"https:\/\/cpar.ufms.br\/?p=10231"},"modified":"2020-08-11T09:15:22","modified_gmt":"2020-08-11T13:15:22","slug":"prorrogado-o-prazo-para-criacao-de-cadastro-de-estudantes-que-necessitem-receber-por-emprestimo-equipamentos-tecnologicos","status":"publish","type":"post","link":"https:\/\/cpar.ufms.br\/en\/prorrogado-o-prazo-para-criacao-de-cadastro-de-estudantes-que-necessitem-receber-por-emprestimo-equipamentos-tecnologicos\/","title":{"rendered":"Prorrogado o prazo para cria\u00e7\u00e3o de cadastro de estudantes que necessitem receber por empr\u00e9stimo equipamentos tecnol\u00f3gicos"},"content":{"rendered":"<p style=\"text-align: justify\">A FUNDA\u00c7\u00c3O UNIVERSIDADE FEDERAL DE MATO GROSSO DO SUL (UFMS), por meio da Pr\u00f3-Reitoria de Assuntos Estudantis (Proaes), em parceria com a Ag\u00eancia de Tecnologia da Informa\u00e7\u00e3o e Comunica\u00e7\u00e3o (Agetic) e a Secretaria Especial de Educa\u00e7\u00e3o a Dist\u00e2ncia (Sead), no uso de suas atribui\u00e7\u00f5es legais, torna p\u00fablica prorroga\u00e7\u00e3o do prazo estabelecido no EDITAL PROAES\/AGETIC\/SEAD\/UFMS N\u00ba 5, DE 29 DE ABRIL DE 2020 que regulamentou as inscri\u00e7\u00f5es para a cria\u00e7\u00e3o de um Cadastro de Estudantes regularmente matriculados no Cursos presenciais de Gradua\u00e7\u00e3o da UFMS que necessitem receber por empr\u00e9stimo Equipamento Tecnol\u00f3gico, em car\u00e1ter emergencial, para a realiza\u00e7\u00e3o dos Estudos Dirigidos com o uso de Tecnologias de Informa\u00e7\u00e3o e Comunica\u00e7\u00e3o (TICs), em conson\u00e2ncia com o Programa de Aux\u00edlio de Inclus\u00e3o Digital \u2013 Equipamento Tecnol\u00f3gico &#8211; do Programa de Assist\u00eancia Estudantil (Pnaes), de acordo com a Portaria n\u00ba 494, RTR\/UFMS, de 9 de abril de 2020.<\/p>\n<p>As inscri\u00e7\u00f5es podem ser realizadas at\u00e9 o dia<strong> 30 de novembro<\/strong>, confira mais informa\u00e7\u00f5es nos Editais abaixo.<\/p>\n<p><a href=\"https:\/\/cpar.ufms.br\/files\/2020\/08\/EDITAL-N-26.pdf\" target=\"_blank\" rel=\"noopener noreferrer\">Edital Proaes\/Agetic\/Sead\/UFMS n\u00b0 26, de 10 de agosto de 2020 <\/a>&#8211; <strong>Novo cronograma<\/strong><\/p>\n<p><a href=\"https:\/\/proaes.ufms.br\/files\/2020\/04\/EDITAL-PROAES_AGETIC_SEAD_UFMS-N-5-DE-29-DE-ABRIL-DE-2020.-1.pdf\" target=\"_blank\" rel=\"noopener noreferrer\">EDITAL PROAES\/AGETIC\/SEAD\/UFMS N\u00ba 5, DE 29 DE ABRIL DE 2020. <\/a>&#8211; <strong>Edital oficial\u00a0<\/strong><\/p>\n","protected":false},"excerpt":{"rendered":"<p>A FUNDA\u00c7\u00c3O UNIVERSIDADE FEDERAL DE MATO GROSSO DO SUL (UFMS), por meio da Pr\u00f3-Reitoria de Assuntos Estudantis (Proaes), em parceria com a Ag\u00eancia de Tecnologia da Informa\u00e7\u00e3o e Comunica\u00e7\u00e3o (Agetic) e a Secretaria Especial de Educa\u00e7\u00e3o a Dist\u00e2ncia (Sead), no uso de suas atribui\u00e7\u00f5es legais, torna p\u00fablica prorroga\u00e7\u00e3o do prazo estabelecido no EDITAL PROAES\/AGETIC\/SEAD\/UFMS N\u00ba [&hellip;]<\/p>\n","protected":false},"author":12416,"featured_media":0,"comment_status":"closed","ping_status":"open","sticky":false,"template":"","format":"standard","meta":{"footnotes":""},"categories":[3,1],"tags":[],"coauthors":[],"class_list":["post-10231","post","type-post","status-publish","format-standard","hentry","category-fotos-imagens","category-noticias"],"yoast_head":"<!-- This site is optimized with the Yoast SEO plugin v26.2 - https:\/\/yoast.com\/wordpress\/plugins\/seo\/ -->\n<title>Prorrogado o prazo para cria\u00e7\u00e3o de cadastro de estudantes que necessitem receber por empr\u00e9stimo equipamentos tecnol\u00f3gicos - CPAR - Campus de Parana\u00edba<\/title>\n<meta name=\"robots\" content=\"index, follow, max-snippet:-1, max-image-preview:large, max-video-preview:-1\" \/>\n<link rel=\"canonical\" href=\"https:\/\/cpar.ufms.br\/prorrogado-o-prazo-para-criacao-de-cadastro-de-estudantes-que-necessitem-receber-por-emprestimo-equipamentos-tecnologicos\/\" \/>\n<meta property=\"og:locale\" content=\"en_US\" \/>\n<meta property=\"og:type\" content=\"article\" \/>\n<meta property=\"og:title\" content=\"Prorrogado o prazo para cria\u00e7\u00e3o de cadastro de estudantes que necessitem receber por empr\u00e9stimo equipamentos tecnol\u00f3gicos - CPAR - Campus de Parana\u00edba\" \/>\n<meta property=\"og:description\" content=\"A FUNDA\u00c7\u00c3O UNIVERSIDADE FEDERAL DE MATO GROSSO DO SUL (UFMS), por meio da Pr\u00f3-Reitoria de Assuntos Estudantis (Proaes), em parceria com a Ag\u00eancia de Tecnologia da Informa\u00e7\u00e3o e Comunica\u00e7\u00e3o (Agetic) e a Secretaria Especial de Educa\u00e7\u00e3o a Dist\u00e2ncia (Sead), no uso de suas atribui\u00e7\u00f5es legais, torna p\u00fablica prorroga\u00e7\u00e3o do prazo estabelecido no EDITAL PROAES\/AGETIC\/SEAD\/UFMS N\u00ba [&hellip;]\" \/>\n<meta property=\"og:url\" content=\"https:\/\/cpar.ufms.br\/prorrogado-o-prazo-para-criacao-de-cadastro-de-estudantes-que-necessitem-receber-por-emprestimo-equipamentos-tecnologicos\/\" \/>\n<meta property=\"og:site_name\" content=\"CPAR - Campus de Parana\u00edba\" \/>\n<meta property=\"article:published_time\" content=\"2020-08-11T13:15:22+00:00\" \/>\n<meta property=\"og:image\" content=\"https:\/\/cpar.ufms.br\/files\/2020\/08\/empr\u00e9stimo-de-equipamentos.jpeg\" \/>\n\t<meta property=\"og:image:width\" content=\"1046\" \/>\n\t<meta property=\"og:image:height\" content=\"513\" \/>\n\t<meta property=\"og:image:type\" content=\"image\/jpeg\" \/>\n<meta name=\"author\" content=\"BRUNNA DE OLIVEIRA FREITAS\" \/>\n<meta name=\"twitter:label1\" content=\"Written by\" \/>\n\t<meta name=\"twitter:data1\" content=\"BRUNNA DE OLIVEIRA FREITAS\" \/>\n\t<meta name=\"twitter:label2\" content=\"Est. reading time\" \/>\n\t<meta name=\"twitter:data2\" content=\"1 minute\" \/>\n<script type=\"application\/ld+json\" class=\"yoast-schema-graph\">{\"@context\":\"https:\/\/schema.org\",\"@graph\":[{\"@type\":\"WebPage\",\"@id\":\"https:\/\/cpar.ufms.br\/prorrogado-o-prazo-para-criacao-de-cadastro-de-estudantes-que-necessitem-receber-por-emprestimo-equipamentos-tecnologicos\/\",\"url\":\"https:\/\/cpar.ufms.br\/prorrogado-o-prazo-para-criacao-de-cadastro-de-estudantes-que-necessitem-receber-por-emprestimo-equipamentos-tecnologicos\/\",\"name\":\"Prorrogado o prazo para cria\u00e7\u00e3o de cadastro de estudantes que necessitem receber por empr\u00e9stimo equipamentos tecnol\u00f3gicos - CPAR - Campus de Parana\u00edba\",\"isPartOf\":{\"@id\":\"https:\/\/cpar.ufms.br\/#website\"},\"datePublished\":\"2020-08-11T13:15:22+00:00\",\"author\":{\"@id\":\"https:\/\/cpar.ufms.br\/#\/schema\/person\/e75a5c4d95c933476a42c9eed9d6d303\"},\"breadcrumb\":{\"@id\":\"https:\/\/cpar.ufms.br\/prorrogado-o-prazo-para-criacao-de-cadastro-de-estudantes-que-necessitem-receber-por-emprestimo-equipamentos-tecnologicos\/#breadcrumb\"},\"inLanguage\":\"en-US\",\"potentialAction\":[{\"@type\":\"ReadAction\",\"target\":[\"https:\/\/cpar.ufms.br\/prorrogado-o-prazo-para-criacao-de-cadastro-de-estudantes-que-necessitem-receber-por-emprestimo-equipamentos-tecnologicos\/\"]}]},{\"@type\":\"BreadcrumbList\",\"@id\":\"https:\/\/cpar.ufms.br\/prorrogado-o-prazo-para-criacao-de-cadastro-de-estudantes-que-necessitem-receber-por-emprestimo-equipamentos-tecnologicos\/#breadcrumb\",\"itemListElement\":[{\"@type\":\"ListItem\",\"position\":1,\"name\":\"In\u00edcio\",\"item\":\"https:\/\/cpar.ufms.br\/\"},{\"@type\":\"ListItem\",\"position\":2,\"name\":\"Prorrogado o prazo para cria\u00e7\u00e3o de cadastro de estudantes que necessitem receber por empr\u00e9stimo equipamentos tecnol\u00f3gicos\"}]},{\"@type\":\"WebSite\",\"@id\":\"https:\/\/cpar.ufms.br\/#website\",\"url\":\"https:\/\/cpar.ufms.br\/\",\"name\":\"CPAR - Campus de Parana\u00edba\",\"description\":\"Universidade Federal de Mato Grosso do Sul\",\"potentialAction\":[{\"@type\":\"SearchAction\",\"target\":{\"@type\":\"EntryPoint\",\"urlTemplate\":\"https:\/\/cpar.ufms.br\/?s={search_term_string}\"},\"query-input\":{\"@type\":\"PropertyValueSpecification\",\"valueRequired\":true,\"valueName\":\"search_term_string\"}}],\"inLanguage\":\"en-US\"},{\"@type\":\"Person\",\"@id\":\"https:\/\/cpar.ufms.br\/#\/schema\/person\/e75a5c4d95c933476a42c9eed9d6d303\",\"name\":\"BRUNNA DE OLIVEIRA FREITAS\",\"image\":{\"@type\":\"ImageObject\",\"inLanguage\":\"en-US\",\"@id\":\"https:\/\/cpar.ufms.br\/#\/schema\/person\/image\/a5b1ee798b6a6714654635c4095dd105\",\"url\":\"https:\/\/secure.gravatar.com\/avatar\/0e568014b00d86ba9cccf606b7c7dc623dec5048de6cf896970c939fc6e3ddc4?s=96&d=mm&r=g\",\"contentUrl\":\"https:\/\/secure.gravatar.com\/avatar\/0e568014b00d86ba9cccf606b7c7dc623dec5048de6cf896970c939fc6e3ddc4?s=96&d=mm&r=g\",\"caption\":\"BRUNNA DE OLIVEIRA FREITAS\"},\"url\":\"https:\/\/cpar.ufms.br\/en\/author\/brunna-oliveira\/\"}]}<\/script>\n<!-- \/ Yoast SEO plugin. -->","yoast_head_json":{"title":"Prorrogado o prazo para cria\u00e7\u00e3o de cadastro de estudantes que necessitem receber por empr\u00e9stimo equipamentos tecnol\u00f3gicos - CPAR - Campus de Parana\u00edba","robots":{"index":"index","follow":"follow","max-snippet":"max-snippet:-1","max-image-preview":"max-image-preview:large","max-video-preview":"max-video-preview:-1"},"canonical":"https:\/\/cpar.ufms.br\/prorrogado-o-prazo-para-criacao-de-cadastro-de-estudantes-que-necessitem-receber-por-emprestimo-equipamentos-tecnologicos\/","og_locale":"en_US","og_type":"article","og_title":"Prorrogado o prazo para cria\u00e7\u00e3o de cadastro de estudantes que necessitem receber por empr\u00e9stimo equipamentos tecnol\u00f3gicos - CPAR - Campus de Parana\u00edba","og_description":"A FUNDA\u00c7\u00c3O UNIVERSIDADE FEDERAL DE MATO GROSSO DO SUL (UFMS), por meio da Pr\u00f3-Reitoria de Assuntos Estudantis (Proaes), em parceria com a Ag\u00eancia de Tecnologia da Informa\u00e7\u00e3o e Comunica\u00e7\u00e3o (Agetic) e a Secretaria Especial de Educa\u00e7\u00e3o a Dist\u00e2ncia (Sead), no uso de suas atribui\u00e7\u00f5es legais, torna p\u00fablica prorroga\u00e7\u00e3o do prazo estabelecido no EDITAL PROAES\/AGETIC\/SEAD\/UFMS N\u00ba [&hellip;]","og_url":"https:\/\/cpar.ufms.br\/prorrogado-o-prazo-para-criacao-de-cadastro-de-estudantes-que-necessitem-receber-por-emprestimo-equipamentos-tecnologicos\/","og_site_name":"CPAR - Campus de Parana\u00edba","article_published_time":"2020-08-11T13:15:22+00:00","og_image":[{"width":1046,"height":513,"url":"https:\/\/cpar.ufms.br\/files\/2020\/08\/empr\u00e9stimo-de-equipamentos.jpeg","type":"image\/jpeg"}],"author":"BRUNNA DE OLIVEIRA FREITAS","twitter_misc":{"Written by":"BRUNNA DE OLIVEIRA FREITAS","Est. reading time":"1 minute"},"schema":{"@context":"https:\/\/schema.org","@graph":[{"@type":"WebPage","@id":"https:\/\/cpar.ufms.br\/prorrogado-o-prazo-para-criacao-de-cadastro-de-estudantes-que-necessitem-receber-por-emprestimo-equipamentos-tecnologicos\/","url":"https:\/\/cpar.ufms.br\/prorrogado-o-prazo-para-criacao-de-cadastro-de-estudantes-que-necessitem-receber-por-emprestimo-equipamentos-tecnologicos\/","name":"Prorrogado o prazo para cria\u00e7\u00e3o de cadastro de estudantes que necessitem receber por empr\u00e9stimo equipamentos tecnol\u00f3gicos - CPAR - Campus de Parana\u00edba","isPartOf":{"@id":"https:\/\/cpar.ufms.br\/#website"},"datePublished":"2020-08-11T13:15:22+00:00","author":{"@id":"https:\/\/cpar.ufms.br\/#\/schema\/person\/e75a5c4d95c933476a42c9eed9d6d303"},"breadcrumb":{"@id":"https:\/\/cpar.ufms.br\/prorrogado-o-prazo-para-criacao-de-cadastro-de-estudantes-que-necessitem-receber-por-emprestimo-equipamentos-tecnologicos\/#breadcrumb"},"inLanguage":"en-US","potentialAction":[{"@type":"ReadAction","target":["https:\/\/cpar.ufms.br\/prorrogado-o-prazo-para-criacao-de-cadastro-de-estudantes-que-necessitem-receber-por-emprestimo-equipamentos-tecnologicos\/"]}]},{"@type":"BreadcrumbList","@id":"https:\/\/cpar.ufms.br\/prorrogado-o-prazo-para-criacao-de-cadastro-de-estudantes-que-necessitem-receber-por-emprestimo-equipamentos-tecnologicos\/#breadcrumb","itemListElement":[{"@type":"ListItem","position":1,"name":"In\u00edcio","item":"https:\/\/cpar.ufms.br\/"},{"@type":"ListItem","position":2,"name":"Prorrogado o prazo para cria\u00e7\u00e3o de cadastro de estudantes que necessitem receber por empr\u00e9stimo equipamentos tecnol\u00f3gicos"}]},{"@type":"WebSite","@id":"https:\/\/cpar.ufms.br\/#website","url":"https:\/\/cpar.ufms.br\/","name":"CPAR - Campus de Parana\u00edba","description":"Universidade Federal de Mato Grosso do Sul","potentialAction":[{"@type":"SearchAction","target":{"@type":"EntryPoint","urlTemplate":"https:\/\/cpar.ufms.br\/?s={search_term_string}"},"query-input":{"@type":"PropertyValueSpecification","valueRequired":true,"valueName":"search_term_string"}}],"inLanguage":"en-US"},{"@type":"Person","@id":"https:\/\/cpar.ufms.br\/#\/schema\/person\/e75a5c4d95c933476a42c9eed9d6d303","name":"BRUNNA DE OLIVEIRA FREITAS","image":{"@type":"ImageObject","inLanguage":"en-US","@id":"https:\/\/cpar.ufms.br\/#\/schema\/person\/image\/a5b1ee798b6a6714654635c4095dd105","url":"https:\/\/secure.gravatar.com\/avatar\/0e568014b00d86ba9cccf606b7c7dc623dec5048de6cf896970c939fc6e3ddc4?s=96&d=mm&r=g","contentUrl":"https:\/\/secure.gravatar.com\/avatar\/0e568014b00d86ba9cccf606b7c7dc623dec5048de6cf896970c939fc6e3ddc4?s=96&d=mm&r=g","caption":"BRUNNA DE OLIVEIRA FREITAS"},"url":"https:\/\/cpar.ufms.br\/en\/author\/brunna-oliveira\/"}]}},"_links":{"self":[{"href":"https:\/\/cpar.ufms.br\/en\/wp-json\/wp\/v2\/posts\/10231","targetHints":{"allow":["GET"]}}],"collection":[{"href":"https:\/\/cpar.ufms.br\/en\/wp-json\/wp\/v2\/posts"}],"about":[{"href":"https:\/\/cpar.ufms.br\/en\/wp-json\/wp\/v2\/types\/post"}],"author":[{"embeddable":true,"href":"https:\/\/cpar.ufms.br\/en\/wp-json\/wp\/v2\/users\/12416"}],"replies":[{"embeddable":true,"href":"https:\/\/cpar.ufms.br\/en\/wp-json\/wp\/v2\/comments?post=10231"}],"version-history":[{"count":1,"href":"https:\/\/cpar.ufms.br\/en\/wp-json\/wp\/v2\/posts\/10231\/revisions"}],"predecessor-version":[{"id":10235,"href":"https:\/\/cpar.ufms.br\/en\/wp-json\/wp\/v2\/posts\/10231\/revisions\/10235"}],"wp:attachment":[{"href":"https:\/\/cpar.ufms.br\/en\/wp-json\/wp\/v2\/media?parent=10231"}],"wp:term":[{"taxonomy":"category","embeddable":true,"href":"https:\/\/cpar.ufms.br\/en\/wp-json\/wp\/v2\/categories?post=10231"},{"taxonomy":"post_tag","embeddable":true,"href":"https:\/\/cpar.ufms.br\/en\/wp-json\/wp\/v2\/tags?post=10231"},{"taxonomy":"author","embeddable":true,"href":"https:\/\/cpar.ufms.br\/en\/wp-json\/wp\/v2\/coauthors?post=10231"}],"curies":[{"name":"wp","href":"https:\/\/api.w.org\/{rel}","templated":true}]}}