{"id":10333,"date":"2020-08-19T16:37:36","date_gmt":"2020-08-19T20:37:36","guid":{"rendered":"https:\/\/cpar.ufms.br\/?p=10333"},"modified":"2020-08-20T09:24:31","modified_gmt":"2020-08-20T13:24:31","slug":"monitoria-de-graduacao-estao-definidas-as-disciplinas-que-obterao-monitores","status":"publish","type":"post","link":"https:\/\/cpar.ufms.br\/en\/monitoria-de-graduacao-estao-definidas-as-disciplinas-que-obterao-monitores\/","title":{"rendered":"Monitoria de gradua\u00e7\u00e3o: resultado preliminar das disciplinas que obter\u00e3o monitores"},"content":{"rendered":"<p>A DIRETORA DO C\u00c2MPUS DE PARANA\u00cdBA da Funda\u00e7\u00e3o Universidade Federal de Mato Grosso do Sul, no uso de suas atribui\u00e7\u00f5es legais e de acordo com a Resolu\u00e7\u00e3o COEG n\u00ba 342\/2015, o Edital PROGRAD\/UFMS n\u00b0 140\/2020; o Edital CPAR n\u00ba 34\/2020; e considerando o Processo n\u00ba 23456.000592\/2020-69, <strong>torna p\u00fablico o Resultado Final do Processo Seletivo do Programa de Monitoria de Ensino de Gradua\u00e7\u00e3o<\/strong> para sele\u00e7\u00e3o de disciplinas que obter\u00e3o monitores no primeiro semestre letivo de 2020.<\/p>\n<p>&nbsp;<\/p>\n<p><a href=\"https:\/\/cpar.ufms.br\/files\/2020\/08\/SEI_UFMS-2105055-Edital-de-Selec\u0327a\u0303o-de-Monitoria.pdf\">SEI_UFMS &#8211; 2105055 &#8211; Edital de Selec\u0327a\u0303o de Monitoria<\/a><\/p>\n","protected":false},"excerpt":{"rendered":"<p>A DIRETORA DO C\u00c2MPUS DE PARANA\u00cdBA da Funda\u00e7\u00e3o Universidade Federal de Mato Grosso do Sul, no uso de suas atribui\u00e7\u00f5es legais e de acordo com a Resolu\u00e7\u00e3o COEG n\u00ba 342\/2015, o Edital PROGRAD\/UFMS n\u00b0 140\/2020; o Edital CPAR n\u00ba 34\/2020; e considerando o Processo n\u00ba 23456.000592\/2020-69, torna p\u00fablico o Resultado Final do Processo Seletivo do [&hellip;]<\/p>\n","protected":false},"author":6362,"featured_media":0,"comment_status":"closed","ping_status":"open","sticky":false,"template":"","format":"standard","meta":{"footnotes":""},"categories":[3,1],"tags":[],"coauthors":[],"class_list":["post-10333","post","type-post","status-publish","format-standard","hentry","category-fotos-imagens","category-noticias"],"yoast_head":"<!-- This site is optimized with the Yoast SEO plugin v26.2 - https:\/\/yoast.com\/wordpress\/plugins\/seo\/ -->\n<title>Monitoria de gradua\u00e7\u00e3o: resultado preliminar das disciplinas que obter\u00e3o monitores - CPAR - Campus de Parana\u00edba<\/title>\n<meta name=\"robots\" content=\"index, follow, max-snippet:-1, max-image-preview:large, max-video-preview:-1\" \/>\n<link rel=\"canonical\" href=\"https:\/\/cpar.ufms.br\/monitoria-de-graduacao-estao-definidas-as-disciplinas-que-obterao-monitores\/\" \/>\n<meta property=\"og:locale\" content=\"en_US\" \/>\n<meta property=\"og:type\" content=\"article\" \/>\n<meta property=\"og:title\" content=\"Monitoria de gradua\u00e7\u00e3o: resultado preliminar das disciplinas que obter\u00e3o monitores - CPAR - Campus de Parana\u00edba\" \/>\n<meta property=\"og:description\" content=\"A DIRETORA DO C\u00c2MPUS DE PARANA\u00cdBA da Funda\u00e7\u00e3o Universidade Federal de Mato Grosso do Sul, no uso de suas atribui\u00e7\u00f5es legais e de acordo com a Resolu\u00e7\u00e3o COEG n\u00ba 342\/2015, o Edital PROGRAD\/UFMS n\u00b0 140\/2020; o Edital CPAR n\u00ba 34\/2020; e considerando o Processo n\u00ba 23456.000592\/2020-69, torna p\u00fablico o Resultado Final do Processo Seletivo do [&hellip;]\" \/>\n<meta property=\"og:url\" content=\"https:\/\/cpar.ufms.br\/monitoria-de-graduacao-estao-definidas-as-disciplinas-que-obterao-monitores\/\" \/>\n<meta property=\"og:site_name\" content=\"CPAR - Campus de Parana\u00edba\" \/>\n<meta property=\"article:published_time\" content=\"2020-08-19T20:37:36+00:00\" \/>\n<meta property=\"article:modified_time\" content=\"2020-08-20T13:24:31+00:00\" \/>\n<meta name=\"author\" content=\"Ailton Junior\" \/>\n<meta name=\"twitter:label1\" content=\"Written by\" \/>\n\t<meta name=\"twitter:data1\" content=\"Ailton Junior\" \/>\n<script type=\"application\/ld+json\" class=\"yoast-schema-graph\">{\"@context\":\"https:\/\/schema.org\",\"@graph\":[{\"@type\":\"WebPage\",\"@id\":\"https:\/\/cpar.ufms.br\/monitoria-de-graduacao-estao-definidas-as-disciplinas-que-obterao-monitores\/\",\"url\":\"https:\/\/cpar.ufms.br\/monitoria-de-graduacao-estao-definidas-as-disciplinas-que-obterao-monitores\/\",\"name\":\"Monitoria de gradua\u00e7\u00e3o: resultado preliminar das disciplinas que obter\u00e3o monitores - CPAR - Campus de Parana\u00edba\",\"isPartOf\":{\"@id\":\"https:\/\/cpar.ufms.br\/#website\"},\"datePublished\":\"2020-08-19T20:37:36+00:00\",\"dateModified\":\"2020-08-20T13:24:31+00:00\",\"author\":{\"@id\":\"https:\/\/cpar.ufms.br\/#\/schema\/person\/2d219d4ab796cd8e4e47da3ac08472cd\"},\"breadcrumb\":{\"@id\":\"https:\/\/cpar.ufms.br\/monitoria-de-graduacao-estao-definidas-as-disciplinas-que-obterao-monitores\/#breadcrumb\"},\"inLanguage\":\"en-US\",\"potentialAction\":[{\"@type\":\"ReadAction\",\"target\":[\"https:\/\/cpar.ufms.br\/monitoria-de-graduacao-estao-definidas-as-disciplinas-que-obterao-monitores\/\"]}]},{\"@type\":\"BreadcrumbList\",\"@id\":\"https:\/\/cpar.ufms.br\/monitoria-de-graduacao-estao-definidas-as-disciplinas-que-obterao-monitores\/#breadcrumb\",\"itemListElement\":[{\"@type\":\"ListItem\",\"position\":1,\"name\":\"In\u00edcio\",\"item\":\"https:\/\/cpar.ufms.br\/\"},{\"@type\":\"ListItem\",\"position\":2,\"name\":\"Monitoria de gradua\u00e7\u00e3o: resultado preliminar das disciplinas que obter\u00e3o monitores\"}]},{\"@type\":\"WebSite\",\"@id\":\"https:\/\/cpar.ufms.br\/#website\",\"url\":\"https:\/\/cpar.ufms.br\/\",\"name\":\"CPAR - Campus de Parana\u00edba\",\"description\":\"Universidade Federal de Mato Grosso do Sul\",\"potentialAction\":[{\"@type\":\"SearchAction\",\"target\":{\"@type\":\"EntryPoint\",\"urlTemplate\":\"https:\/\/cpar.ufms.br\/?s={search_term_string}\"},\"query-input\":{\"@type\":\"PropertyValueSpecification\",\"valueRequired\":true,\"valueName\":\"search_term_string\"}}],\"inLanguage\":\"en-US\"},{\"@type\":\"Person\",\"@id\":\"https:\/\/cpar.ufms.br\/#\/schema\/person\/2d219d4ab796cd8e4e47da3ac08472cd\",\"name\":\"Ailton Junior\",\"image\":{\"@type\":\"ImageObject\",\"inLanguage\":\"en-US\",\"@id\":\"https:\/\/cpar.ufms.br\/#\/schema\/person\/image\/79119d256af6c114081ac57e8ce6c627\",\"url\":\"https:\/\/secure.gravatar.com\/avatar\/dd87aa96aea81744c11151a37f377e39e7d322423e1e751d4018cf8b890f0923?s=96&d=mm&r=g\",\"contentUrl\":\"https:\/\/secure.gravatar.com\/avatar\/dd87aa96aea81744c11151a37f377e39e7d322423e1e751d4018cf8b890f0923?s=96&d=mm&r=g\",\"caption\":\"Ailton Junior\"},\"url\":\"https:\/\/cpar.ufms.br\/en\/author\/ailton-barbosa\/\"}]}<\/script>\n<!-- \/ Yoast SEO plugin. -->","yoast_head_json":{"title":"Monitoria de gradua\u00e7\u00e3o: resultado preliminar das disciplinas que obter\u00e3o monitores - CPAR - Campus de Parana\u00edba","robots":{"index":"index","follow":"follow","max-snippet":"max-snippet:-1","max-image-preview":"max-image-preview:large","max-video-preview":"max-video-preview:-1"},"canonical":"https:\/\/cpar.ufms.br\/monitoria-de-graduacao-estao-definidas-as-disciplinas-que-obterao-monitores\/","og_locale":"en_US","og_type":"article","og_title":"Monitoria de gradua\u00e7\u00e3o: resultado preliminar das disciplinas que obter\u00e3o monitores - CPAR - Campus de Parana\u00edba","og_description":"A DIRETORA DO C\u00c2MPUS DE PARANA\u00cdBA da Funda\u00e7\u00e3o Universidade Federal de Mato Grosso do Sul, no uso de suas atribui\u00e7\u00f5es legais e de acordo com a Resolu\u00e7\u00e3o COEG n\u00ba 342\/2015, o Edital PROGRAD\/UFMS n\u00b0 140\/2020; o Edital CPAR n\u00ba 34\/2020; e considerando o Processo n\u00ba 23456.000592\/2020-69, torna p\u00fablico o Resultado Final do Processo Seletivo do [&hellip;]","og_url":"https:\/\/cpar.ufms.br\/monitoria-de-graduacao-estao-definidas-as-disciplinas-que-obterao-monitores\/","og_site_name":"CPAR - Campus de Parana\u00edba","article_published_time":"2020-08-19T20:37:36+00:00","article_modified_time":"2020-08-20T13:24:31+00:00","author":"Ailton Junior","twitter_misc":{"Written by":"Ailton Junior"},"schema":{"@context":"https:\/\/schema.org","@graph":[{"@type":"WebPage","@id":"https:\/\/cpar.ufms.br\/monitoria-de-graduacao-estao-definidas-as-disciplinas-que-obterao-monitores\/","url":"https:\/\/cpar.ufms.br\/monitoria-de-graduacao-estao-definidas-as-disciplinas-que-obterao-monitores\/","name":"Monitoria de gradua\u00e7\u00e3o: resultado preliminar das disciplinas que obter\u00e3o monitores - CPAR - Campus de Parana\u00edba","isPartOf":{"@id":"https:\/\/cpar.ufms.br\/#website"},"datePublished":"2020-08-19T20:37:36+00:00","dateModified":"2020-08-20T13:24:31+00:00","author":{"@id":"https:\/\/cpar.ufms.br\/#\/schema\/person\/2d219d4ab796cd8e4e47da3ac08472cd"},"breadcrumb":{"@id":"https:\/\/cpar.ufms.br\/monitoria-de-graduacao-estao-definidas-as-disciplinas-que-obterao-monitores\/#breadcrumb"},"inLanguage":"en-US","potentialAction":[{"@type":"ReadAction","target":["https:\/\/cpar.ufms.br\/monitoria-de-graduacao-estao-definidas-as-disciplinas-que-obterao-monitores\/"]}]},{"@type":"BreadcrumbList","@id":"https:\/\/cpar.ufms.br\/monitoria-de-graduacao-estao-definidas-as-disciplinas-que-obterao-monitores\/#breadcrumb","itemListElement":[{"@type":"ListItem","position":1,"name":"In\u00edcio","item":"https:\/\/cpar.ufms.br\/"},{"@type":"ListItem","position":2,"name":"Monitoria de gradua\u00e7\u00e3o: resultado preliminar das disciplinas que obter\u00e3o monitores"}]},{"@type":"WebSite","@id":"https:\/\/cpar.ufms.br\/#website","url":"https:\/\/cpar.ufms.br\/","name":"CPAR - Campus de Parana\u00edba","description":"Universidade Federal de Mato Grosso do Sul","potentialAction":[{"@type":"SearchAction","target":{"@type":"EntryPoint","urlTemplate":"https:\/\/cpar.ufms.br\/?s={search_term_string}"},"query-input":{"@type":"PropertyValueSpecification","valueRequired":true,"valueName":"search_term_string"}}],"inLanguage":"en-US"},{"@type":"Person","@id":"https:\/\/cpar.ufms.br\/#\/schema\/person\/2d219d4ab796cd8e4e47da3ac08472cd","name":"Ailton Junior","image":{"@type":"ImageObject","inLanguage":"en-US","@id":"https:\/\/cpar.ufms.br\/#\/schema\/person\/image\/79119d256af6c114081ac57e8ce6c627","url":"https:\/\/secure.gravatar.com\/avatar\/dd87aa96aea81744c11151a37f377e39e7d322423e1e751d4018cf8b890f0923?s=96&d=mm&r=g","contentUrl":"https:\/\/secure.gravatar.com\/avatar\/dd87aa96aea81744c11151a37f377e39e7d322423e1e751d4018cf8b890f0923?s=96&d=mm&r=g","caption":"Ailton Junior"},"url":"https:\/\/cpar.ufms.br\/en\/author\/ailton-barbosa\/"}]}},"_links":{"self":[{"href":"https:\/\/cpar.ufms.br\/en\/wp-json\/wp\/v2\/posts\/10333","targetHints":{"allow":["GET"]}}],"collection":[{"href":"https:\/\/cpar.ufms.br\/en\/wp-json\/wp\/v2\/posts"}],"about":[{"href":"https:\/\/cpar.ufms.br\/en\/wp-json\/wp\/v2\/types\/post"}],"author":[{"embeddable":true,"href":"https:\/\/cpar.ufms.br\/en\/wp-json\/wp\/v2\/users\/6362"}],"replies":[{"embeddable":true,"href":"https:\/\/cpar.ufms.br\/en\/wp-json\/wp\/v2\/comments?post=10333"}],"version-history":[{"count":2,"href":"https:\/\/cpar.ufms.br\/en\/wp-json\/wp\/v2\/posts\/10333\/revisions"}],"predecessor-version":[{"id":10357,"href":"https:\/\/cpar.ufms.br\/en\/wp-json\/wp\/v2\/posts\/10333\/revisions\/10357"}],"wp:attachment":[{"href":"https:\/\/cpar.ufms.br\/en\/wp-json\/wp\/v2\/media?parent=10333"}],"wp:term":[{"taxonomy":"category","embeddable":true,"href":"https:\/\/cpar.ufms.br\/en\/wp-json\/wp\/v2\/categories?post=10333"},{"taxonomy":"post_tag","embeddable":true,"href":"https:\/\/cpar.ufms.br\/en\/wp-json\/wp\/v2\/tags?post=10333"},{"taxonomy":"author","embeddable":true,"href":"https:\/\/cpar.ufms.br\/en\/wp-json\/wp\/v2\/coauthors?post=10333"}],"curies":[{"name":"wp","href":"https:\/\/api.w.org\/{rel}","templated":true}]}}