{"id":10341,"date":"2020-08-20T08:45:05","date_gmt":"2020-08-20T12:45:05","guid":{"rendered":"https:\/\/cpar.ufms.br\/?p=10341"},"modified":"2020-08-20T09:08:25","modified_gmt":"2020-08-20T13:08:25","slug":"foi-a-vez-de-falar-sobre-marketing-e-normas-da-apa","status":"publish","type":"post","link":"https:\/\/cpar.ufms.br\/en\/foi-a-vez-de-falar-sobre-marketing-e-normas-da-apa\/","title":{"rendered":"Foi a vez de falar sobre Marketing e Normas da APA"},"content":{"rendered":"<p style=\"text-align: justify\">Nesta quarta-feira (17) os temas abordados na Semana de Desenvolvimento no Campus de Parana\u00edba foram as Normas da APA\u00a0 7\u00aa Edi\u00e7\u00e3o e as contribui\u00e7\u00f5es do marketing para o desenvolvimento profissional. Os palestrantes trouxeram v\u00e1rias informa\u00e7\u00f5es sobre o assunto para os alunos, com o intuito de contribuir na forma\u00e7\u00e3o e com a carreira dos participantes.<\/p>\n<p style=\"text-align: justify\">\u201cComo usar as Normas da APA 7\u00aa Edi\u00e7\u00e3o\u201d foi a primeira palestra do dia, ministrada por Alexandre Jos\u00e9 de Souza Peres e Rebeca Fonseca Wexell Severo. Foram abordadas as principais normas e como utiliz\u00e1-las. A palestra foi muito din\u00e2mica e teve um p\u00fablico de mais de 90 pessoas.<a href=\"https:\/\/cpar.ufms.br\/files\/2020\/08\/apa-2.png\"><img fetchpriority=\"high\" decoding=\"async\" class=\"size-medium wp-image-10349 alignright\" src=\"https:\/\/cpar.ufms.br\/files\/2020\/08\/apa-2-300x169.png\" alt=\"\" width=\"300\" height=\"169\" \/><\/a><\/p>\n<p style=\"text-align: justify\">Rebeca atualmente \u00e9 estudante e Alexandre \u00e9 professor do curso de Psicologia do Campus de Parana\u00edba, graduado em Psicologia pela Universidade Federal de Uberl\u00e2ndia (UFU) e possui mestrado e doutorado em Psicologia Social, do Trabalho e das Organiza\u00e7\u00f5es pela Universidade de Bras\u00edlia (UnB). Seus temas de pesquisa s\u00e3o relacionados \u00e0 psicologia da personalidade, psicometria e psicopatologia.<\/p>\n<p style=\"text-align: justify\">Existem diversos padr\u00f5es de formata\u00e7\u00e3o para trabalhos acad\u00eamicos, no Brasil a mais conhecida \u00e9 a da Associa\u00e7\u00e3o Brasileira de Normas T\u00e9cnicas (ABNT). Entretanto, revistas de psicologia costumam exigir as normas especificas dessa \u00e1rea, a APA (<em>American Psychological Association<\/em>).<\/p>\n<p style=\"text-align: justify\">Rebeca explica que no final de 2019, a APA sofreu algumas modifica\u00e7\u00f5es que resultaram em uma nova edi\u00e7\u00e3o e que n\u00e3o foram amplamente divulgadas, por serem recente e originalmente escritas em ingl\u00eas. \u201cHav\u00edamos feito a tradu\u00e7\u00e3o para que os profissionais da \u00e1rea que n\u00e3o sabem ingl\u00eas tivessem acesso, e pensamos que seria uma \u00f3tima oportunidade apresentar na Semana de Desenvolvimento da UFMS, tanto para os alunos, quanto para professores e demais interessados para que pudessem ter um maior contato com essas normas e tirar suas d\u00favidas\u201d, explica Rebeca.<\/p>\n<p style=\"text-align: justify\">Rebeca lembra que as normas da APA s\u00e3o utilizadas para trabalhos no mundo todo, por isso a necessidade de conhecer e dominar o assunto. \u201cMuitas revistas acad\u00eamicas da \u00e1rea pedem que os trabalhos sejam na APA, para assim facilitar a troca de informa\u00e7\u00e3o. A import\u00e2ncia dos estudantes terem conhecimento dessa norma \u00e9 para que a nossa produ\u00e7\u00e3o cient\u00edfica tamb\u00e9m seja difundida, que tenhamos facilidade ao submeter os trabalhos e assim dissemin\u00e1-los\u201d, enfatiza ela.<a href=\"https:\/\/cpar.ufms.br\/files\/2020\/08\/apa-3.png\"><img decoding=\"async\" class=\"size-medium wp-image-10350 alignright\" src=\"https:\/\/cpar.ufms.br\/files\/2020\/08\/apa-3-300x169.png\" alt=\"\" width=\"300\" height=\"169\" \/><\/a><\/p>\n<p style=\"text-align: justify\">Cinthia Junqueira est\u00e1 no \u00faltimo ano de Psicologia no Campus de Parana\u00edba e conta que ao longo da gradua\u00e7\u00e3o sempre utilizou outro modelo de formata\u00e7\u00e3o. \u201cA APA \u00e9 algo novo para mim. Estou produzindo meu TCC e estou utilizando essas normas como refer\u00eancia, ent\u00e3o hoje pude sanar algumas d\u00favidas e relembrar algumas regrinhas que havia esquecido\u201d, diz Cinthia.<\/p>\n<p style=\"text-align: justify\"><strong>Marketing e Desenvolvimento Profissional<\/strong><\/p>\n<p style=\"text-align: justify\">\u201cContribui\u00e7\u00f5es do marketin para o desenvolvimento profissional\u201d foi a segunda palestra do dia e teve um p\u00fablico de mais de 50 pessoas. Dalton de Sousa apresentou o conceito de marketing e como aplic\u00e1-lo \u00e1 carreira profissional para alcan\u00e7ar bons resultados.<\/p>\n<p style=\"text-align: justify\">Dalton de Sousa possui doutorado em Administra\u00e7\u00e3o pela Universidade Federal de Lavras (UFLA), mestrado em Administra\u00e7\u00e3o pela Faculdade Cenecista de Varginha (Faceca) e gradua\u00e7\u00e3o em Administra\u00e7\u00e3o pela Faculdade Presbiteriana Gammon. Atualmente, \u00e9 professor do curso de Administra\u00e7\u00e3o na UFMS no Campus de Parana\u00edba.<\/p>\n<p><a href=\"https:\/\/cpar.ufms.br\/files\/2020\/08\/marketin-2.png\"><img decoding=\"async\" class=\"size-medium wp-image-10351 alignright\" src=\"https:\/\/cpar.ufms.br\/files\/2020\/08\/marketin-2-300x169.png\" alt=\"\" width=\"300\" height=\"169\" \/><\/a><\/p>\n<p style=\"text-align: justify\">O professor explicou que muitos confundem marketing com publicidade, mas na verdade isso \u00e9 apenas a parte vis\u00edvel do marketing. \u00c9 um processo no qual busca-se entender as necessidades das pessoas e criar ou comunicar um produto que resolva isso, ele est\u00e1 por toda parte seja formal ou informalmente.<\/p>\n<p style=\"text-align: justify\">Em rela\u00e7\u00e3o aos profissionais, o professor explica que \u201cn\u00f3s enquanto profissionais estamos no mercado para oferecer solu\u00e7\u00f5es para as pessoas, compreender a necessidade delas e desenvolver de maneira criativa algo para atender essas necessidades\u201d. Mas para al\u00e9m de atender as necessidades, \u00e9 preciso fazer com que elas se sintam satisfeitas com o trabalho ofertado e dessa forma indiquem o profissional a outras pessoas, acrescenta ele.<\/p>\n<p style=\"text-align: justify\">\u201cO objetivo do marketing \u00e9 criar um relacionamento de longo prazo com consumidores e clientes, para conseguir mais sucesso com aquela atividade que est\u00e1 vendendo para as pessoas\u201d explica Dalton. E para isso tamb\u00e9m \u00e9 necess\u00e1rio oferecer um servi\u00e7o que seja diferenciado, \u201co cerne do Marketing \u00e9 a diferencia\u00e7\u00e3o, como vou me diferenciar como profissional e organiza\u00e7\u00e3o, para que as pessoas me escolham?\u201d.<\/p>\n<p style=\"text-align: justify\">Dalton deu cinco dicas para qualquer profissional que queira investir no marketing para desenvolvimento profissional. Destacou que \u00e9 importante conhecer o mercado-alvo, deixar claro seu posicionamento, deixar que o cliente entenda os benef\u00edcios e custos do que voc\u00ea oferece e tenha uma marca, uma fonte que vai te tornar conhecido.<a href=\"https:\/\/cpar.ufms.br\/files\/2020\/08\/marketin-3.png\"><img loading=\"lazy\" decoding=\"async\" class=\"size-medium wp-image-10352 alignright\" src=\"https:\/\/cpar.ufms.br\/files\/2020\/08\/marketin-3-300x169.png\" alt=\"\" width=\"300\" height=\"169\" \/><\/a><\/p>\n<p style=\"text-align: justify\">Ana Camacho, estudante de Psicologia, aponta a relev\u00e2ncia do assunto, \u201co tema \u00e9 importante considerando que profissionais das mais diversas \u00e1reas est\u00e3o diante da necessidade de se destacar no mercado de trabalho. O marketing disponibiliza ferramentas para que o profissional conhe\u00e7a seu p\u00fablico, agregue valor a seu servi\u00e7o ou produto, entre outras atividades, e assim atenda as necessidades e satisfa\u00e7a os clientes e\/ou consumidores\u201d.<\/p>\n<p style=\"text-align: justify\">\n<p style=\"text-align: justify\"><strong>Servi\u00e7o<\/strong><\/p>\n<p style=\"text-align: justify\">As atividades da Semana s\u00e3o abertas para toda a comunidade acad\u00eamica e externa. A programa\u00e7\u00e3o segue dispon\u00edvel at\u00e9 sexta-feira, 21, com palestras, oficinas, minicursos e workshops. Para mais informa\u00e7\u00f5es sobre o cronograma do evento ou inscri\u00e7\u00f5es, acesse o site: <a href=\"http:\/\/sedep.ufms.br\/\">http:\/\/sedep.ufms.br\/<\/a>.<\/p>\n<p style=\"text-align: justify\">Aos inscritos que j\u00e1 participaram de atividades e preencheram as listas de frequ\u00eancia, a organiza\u00e7\u00e3o informa que a emiss\u00e3o de certificados ser\u00e1 feita pelo SICERT no link: <a href=\"https:\/\/certificados.ufms.br\/\">https:\/\/certificados.ufms.br\/<\/a>. O participante ser\u00e1 avisado sobre a disponibilidade do certificado pelo e-mail cadastrado no ato de inscri\u00e7\u00e3o.<\/p>\n<p style=\"text-align: justify\"><strong><em>Texto e imagens: Brunna Oliveira \u2013 estagi\u00e1ria da Agecom no Cpar<\/em><\/strong><\/p>\n<p>&nbsp;<\/p>\n<p>&nbsp;<\/p>\n","protected":false},"excerpt":{"rendered":"<p>Nesta quarta-feira (17) os temas abordados na Semana de Desenvolvimento no Campus de Parana\u00edba foram as Normas da APA\u00a0 7\u00aa Edi\u00e7\u00e3o e as contribui\u00e7\u00f5es do marketing para o desenvolvimento profissional. Os palestrantes trouxeram v\u00e1rias informa\u00e7\u00f5es sobre o assunto para os alunos, com o intuito de contribuir na forma\u00e7\u00e3o e com a carreira dos participantes. \u201cComo [&hellip;]<\/p>\n","protected":false},"author":12416,"featured_media":0,"comment_status":"closed","ping_status":"open","sticky":false,"template":"","format":"standard","meta":{"footnotes":""},"categories":[3,1],"tags":[],"coauthors":[],"class_list":["post-10341","post","type-post","status-publish","format-standard","hentry","category-fotos-imagens","category-noticias"],"yoast_head":"<!-- This site is optimized with the Yoast SEO plugin v26.2 - https:\/\/yoast.com\/wordpress\/plugins\/seo\/ -->\n<title>Foi a vez de falar sobre Marketing e Normas da APA - CPAR - Campus de Parana\u00edba<\/title>\n<meta name=\"robots\" content=\"index, follow, max-snippet:-1, max-image-preview:large, max-video-preview:-1\" \/>\n<link rel=\"canonical\" href=\"https:\/\/cpar.ufms.br\/foi-a-vez-de-falar-sobre-marketing-e-normas-da-apa\/\" \/>\n<meta property=\"og:locale\" content=\"en_US\" \/>\n<meta property=\"og:type\" content=\"article\" \/>\n<meta property=\"og:title\" content=\"Foi a vez de falar sobre Marketing e Normas da APA - CPAR - Campus de Parana\u00edba\" \/>\n<meta property=\"og:description\" content=\"Nesta quarta-feira (17) os temas abordados na Semana de Desenvolvimento no Campus de Parana\u00edba foram as Normas da APA\u00a0 7\u00aa Edi\u00e7\u00e3o e as contribui\u00e7\u00f5es do marketing para o desenvolvimento profissional. Os palestrantes trouxeram v\u00e1rias informa\u00e7\u00f5es sobre o assunto para os alunos, com o intuito de contribuir na forma\u00e7\u00e3o e com a carreira dos participantes. \u201cComo [&hellip;]\" \/>\n<meta property=\"og:url\" content=\"https:\/\/cpar.ufms.br\/foi-a-vez-de-falar-sobre-marketing-e-normas-da-apa\/\" \/>\n<meta property=\"og:site_name\" content=\"CPAR - Campus de Parana\u00edba\" \/>\n<meta property=\"article:published_time\" content=\"2020-08-20T12:45:05+00:00\" \/>\n<meta property=\"article:modified_time\" content=\"2020-08-20T13:08:25+00:00\" \/>\n<meta property=\"og:image\" content=\"https:\/\/cpar.ufms.br\/files\/2020\/08\/semana-de-desenvolvimento.jpg\" \/>\n\t<meta property=\"og:image:width\" content=\"1583\" \/>\n\t<meta property=\"og:image:height\" content=\"507\" \/>\n\t<meta property=\"og:image:type\" content=\"image\/jpeg\" \/>\n<meta name=\"author\" content=\"BRUNNA DE OLIVEIRA FREITAS\" \/>\n<meta name=\"twitter:label1\" content=\"Written by\" \/>\n\t<meta name=\"twitter:data1\" content=\"BRUNNA DE OLIVEIRA FREITAS\" \/>\n\t<meta name=\"twitter:label2\" content=\"Est. reading time\" \/>\n\t<meta name=\"twitter:data2\" content=\"5 minutes\" \/>\n<script type=\"application\/ld+json\" class=\"yoast-schema-graph\">{\"@context\":\"https:\/\/schema.org\",\"@graph\":[{\"@type\":\"WebPage\",\"@id\":\"https:\/\/cpar.ufms.br\/foi-a-vez-de-falar-sobre-marketing-e-normas-da-apa\/\",\"url\":\"https:\/\/cpar.ufms.br\/foi-a-vez-de-falar-sobre-marketing-e-normas-da-apa\/\",\"name\":\"Foi a vez de falar sobre Marketing e Normas da APA - CPAR - Campus de Parana\u00edba\",\"isPartOf\":{\"@id\":\"https:\/\/cpar.ufms.br\/#website\"},\"primaryImageOfPage\":{\"@id\":\"https:\/\/cpar.ufms.br\/foi-a-vez-de-falar-sobre-marketing-e-normas-da-apa\/#primaryimage\"},\"image\":{\"@id\":\"https:\/\/cpar.ufms.br\/foi-a-vez-de-falar-sobre-marketing-e-normas-da-apa\/#primaryimage\"},\"thumbnailUrl\":\"https:\/\/cpar.ufms.br\/files\/2020\/08\/apa-2-300x169.png\",\"datePublished\":\"2020-08-20T12:45:05+00:00\",\"dateModified\":\"2020-08-20T13:08:25+00:00\",\"author\":{\"@id\":\"https:\/\/cpar.ufms.br\/#\/schema\/person\/e75a5c4d95c933476a42c9eed9d6d303\"},\"breadcrumb\":{\"@id\":\"https:\/\/cpar.ufms.br\/foi-a-vez-de-falar-sobre-marketing-e-normas-da-apa\/#breadcrumb\"},\"inLanguage\":\"en-US\",\"potentialAction\":[{\"@type\":\"ReadAction\",\"target\":[\"https:\/\/cpar.ufms.br\/foi-a-vez-de-falar-sobre-marketing-e-normas-da-apa\/\"]}]},{\"@type\":\"ImageObject\",\"inLanguage\":\"en-US\",\"@id\":\"https:\/\/cpar.ufms.br\/foi-a-vez-de-falar-sobre-marketing-e-normas-da-apa\/#primaryimage\",\"url\":\"https:\/\/cpar.ufms.br\/files\/2020\/08\/apa-2-300x169.png\",\"contentUrl\":\"https:\/\/cpar.ufms.br\/files\/2020\/08\/apa-2-300x169.png\"},{\"@type\":\"BreadcrumbList\",\"@id\":\"https:\/\/cpar.ufms.br\/foi-a-vez-de-falar-sobre-marketing-e-normas-da-apa\/#breadcrumb\",\"itemListElement\":[{\"@type\":\"ListItem\",\"position\":1,\"name\":\"In\u00edcio\",\"item\":\"https:\/\/cpar.ufms.br\/\"},{\"@type\":\"ListItem\",\"position\":2,\"name\":\"Foi a vez de falar sobre Marketing e Normas da APA\"}]},{\"@type\":\"WebSite\",\"@id\":\"https:\/\/cpar.ufms.br\/#website\",\"url\":\"https:\/\/cpar.ufms.br\/\",\"name\":\"CPAR - Campus de Parana\u00edba\",\"description\":\"Universidade Federal de Mato Grosso do Sul\",\"potentialAction\":[{\"@type\":\"SearchAction\",\"target\":{\"@type\":\"EntryPoint\",\"urlTemplate\":\"https:\/\/cpar.ufms.br\/?s={search_term_string}\"},\"query-input\":{\"@type\":\"PropertyValueSpecification\",\"valueRequired\":true,\"valueName\":\"search_term_string\"}}],\"inLanguage\":\"en-US\"},{\"@type\":\"Person\",\"@id\":\"https:\/\/cpar.ufms.br\/#\/schema\/person\/e75a5c4d95c933476a42c9eed9d6d303\",\"name\":\"BRUNNA DE OLIVEIRA FREITAS\",\"image\":{\"@type\":\"ImageObject\",\"inLanguage\":\"en-US\",\"@id\":\"https:\/\/cpar.ufms.br\/#\/schema\/person\/image\/a5b1ee798b6a6714654635c4095dd105\",\"url\":\"https:\/\/secure.gravatar.com\/avatar\/0e568014b00d86ba9cccf606b7c7dc623dec5048de6cf896970c939fc6e3ddc4?s=96&d=mm&r=g\",\"contentUrl\":\"https:\/\/secure.gravatar.com\/avatar\/0e568014b00d86ba9cccf606b7c7dc623dec5048de6cf896970c939fc6e3ddc4?s=96&d=mm&r=g\",\"caption\":\"BRUNNA DE OLIVEIRA FREITAS\"},\"url\":\"https:\/\/cpar.ufms.br\/en\/author\/brunna-oliveira\/\"}]}<\/script>\n<!-- \/ Yoast SEO plugin. -->","yoast_head_json":{"title":"Foi a vez de falar sobre Marketing e Normas da APA - CPAR - Campus de Parana\u00edba","robots":{"index":"index","follow":"follow","max-snippet":"max-snippet:-1","max-image-preview":"max-image-preview:large","max-video-preview":"max-video-preview:-1"},"canonical":"https:\/\/cpar.ufms.br\/foi-a-vez-de-falar-sobre-marketing-e-normas-da-apa\/","og_locale":"en_US","og_type":"article","og_title":"Foi a vez de falar sobre Marketing e Normas da APA - CPAR - Campus de Parana\u00edba","og_description":"Nesta quarta-feira (17) os temas abordados na Semana de Desenvolvimento no Campus de Parana\u00edba foram as Normas da APA\u00a0 7\u00aa Edi\u00e7\u00e3o e as contribui\u00e7\u00f5es do marketing para o desenvolvimento profissional. Os palestrantes trouxeram v\u00e1rias informa\u00e7\u00f5es sobre o assunto para os alunos, com o intuito de contribuir na forma\u00e7\u00e3o e com a carreira dos participantes. \u201cComo [&hellip;]","og_url":"https:\/\/cpar.ufms.br\/foi-a-vez-de-falar-sobre-marketing-e-normas-da-apa\/","og_site_name":"CPAR - Campus de Parana\u00edba","article_published_time":"2020-08-20T12:45:05+00:00","article_modified_time":"2020-08-20T13:08:25+00:00","og_image":[{"width":1583,"height":507,"url":"https:\/\/cpar.ufms.br\/files\/2020\/08\/semana-de-desenvolvimento.jpg","type":"image\/jpeg"}],"author":"BRUNNA DE OLIVEIRA FREITAS","twitter_misc":{"Written by":"BRUNNA DE OLIVEIRA FREITAS","Est. reading time":"5 minutes"},"schema":{"@context":"https:\/\/schema.org","@graph":[{"@type":"WebPage","@id":"https:\/\/cpar.ufms.br\/foi-a-vez-de-falar-sobre-marketing-e-normas-da-apa\/","url":"https:\/\/cpar.ufms.br\/foi-a-vez-de-falar-sobre-marketing-e-normas-da-apa\/","name":"Foi a vez de falar sobre Marketing e Normas da APA - CPAR - Campus de Parana\u00edba","isPartOf":{"@id":"https:\/\/cpar.ufms.br\/#website"},"primaryImageOfPage":{"@id":"https:\/\/cpar.ufms.br\/foi-a-vez-de-falar-sobre-marketing-e-normas-da-apa\/#primaryimage"},"image":{"@id":"https:\/\/cpar.ufms.br\/foi-a-vez-de-falar-sobre-marketing-e-normas-da-apa\/#primaryimage"},"thumbnailUrl":"https:\/\/cpar.ufms.br\/files\/2020\/08\/apa-2-300x169.png","datePublished":"2020-08-20T12:45:05+00:00","dateModified":"2020-08-20T13:08:25+00:00","author":{"@id":"https:\/\/cpar.ufms.br\/#\/schema\/person\/e75a5c4d95c933476a42c9eed9d6d303"},"breadcrumb":{"@id":"https:\/\/cpar.ufms.br\/foi-a-vez-de-falar-sobre-marketing-e-normas-da-apa\/#breadcrumb"},"inLanguage":"en-US","potentialAction":[{"@type":"ReadAction","target":["https:\/\/cpar.ufms.br\/foi-a-vez-de-falar-sobre-marketing-e-normas-da-apa\/"]}]},{"@type":"ImageObject","inLanguage":"en-US","@id":"https:\/\/cpar.ufms.br\/foi-a-vez-de-falar-sobre-marketing-e-normas-da-apa\/#primaryimage","url":"https:\/\/cpar.ufms.br\/files\/2020\/08\/apa-2-300x169.png","contentUrl":"https:\/\/cpar.ufms.br\/files\/2020\/08\/apa-2-300x169.png"},{"@type":"BreadcrumbList","@id":"https:\/\/cpar.ufms.br\/foi-a-vez-de-falar-sobre-marketing-e-normas-da-apa\/#breadcrumb","itemListElement":[{"@type":"ListItem","position":1,"name":"In\u00edcio","item":"https:\/\/cpar.ufms.br\/"},{"@type":"ListItem","position":2,"name":"Foi a vez de falar sobre Marketing e Normas da APA"}]},{"@type":"WebSite","@id":"https:\/\/cpar.ufms.br\/#website","url":"https:\/\/cpar.ufms.br\/","name":"CPAR - Campus de Parana\u00edba","description":"Universidade Federal de Mato Grosso do Sul","potentialAction":[{"@type":"SearchAction","target":{"@type":"EntryPoint","urlTemplate":"https:\/\/cpar.ufms.br\/?s={search_term_string}"},"query-input":{"@type":"PropertyValueSpecification","valueRequired":true,"valueName":"search_term_string"}}],"inLanguage":"en-US"},{"@type":"Person","@id":"https:\/\/cpar.ufms.br\/#\/schema\/person\/e75a5c4d95c933476a42c9eed9d6d303","name":"BRUNNA DE OLIVEIRA FREITAS","image":{"@type":"ImageObject","inLanguage":"en-US","@id":"https:\/\/cpar.ufms.br\/#\/schema\/person\/image\/a5b1ee798b6a6714654635c4095dd105","url":"https:\/\/secure.gravatar.com\/avatar\/0e568014b00d86ba9cccf606b7c7dc623dec5048de6cf896970c939fc6e3ddc4?s=96&d=mm&r=g","contentUrl":"https:\/\/secure.gravatar.com\/avatar\/0e568014b00d86ba9cccf606b7c7dc623dec5048de6cf896970c939fc6e3ddc4?s=96&d=mm&r=g","caption":"BRUNNA DE OLIVEIRA FREITAS"},"url":"https:\/\/cpar.ufms.br\/en\/author\/brunna-oliveira\/"}]}},"_links":{"self":[{"href":"https:\/\/cpar.ufms.br\/en\/wp-json\/wp\/v2\/posts\/10341","targetHints":{"allow":["GET"]}}],"collection":[{"href":"https:\/\/cpar.ufms.br\/en\/wp-json\/wp\/v2\/posts"}],"about":[{"href":"https:\/\/cpar.ufms.br\/en\/wp-json\/wp\/v2\/types\/post"}],"author":[{"embeddable":true,"href":"https:\/\/cpar.ufms.br\/en\/wp-json\/wp\/v2\/users\/12416"}],"replies":[{"embeddable":true,"href":"https:\/\/cpar.ufms.br\/en\/wp-json\/wp\/v2\/comments?post=10341"}],"version-history":[{"count":3,"href":"https:\/\/cpar.ufms.br\/en\/wp-json\/wp\/v2\/posts\/10341\/revisions"}],"predecessor-version":[{"id":10355,"href":"https:\/\/cpar.ufms.br\/en\/wp-json\/wp\/v2\/posts\/10341\/revisions\/10355"}],"wp:attachment":[{"href":"https:\/\/cpar.ufms.br\/en\/wp-json\/wp\/v2\/media?parent=10341"}],"wp:term":[{"taxonomy":"category","embeddable":true,"href":"https:\/\/cpar.ufms.br\/en\/wp-json\/wp\/v2\/categories?post=10341"},{"taxonomy":"post_tag","embeddable":true,"href":"https:\/\/cpar.ufms.br\/en\/wp-json\/wp\/v2\/tags?post=10341"},{"taxonomy":"author","embeddable":true,"href":"https:\/\/cpar.ufms.br\/en\/wp-json\/wp\/v2\/coauthors?post=10341"}],"curies":[{"name":"wp","href":"https:\/\/api.w.org\/{rel}","templated":true}]}}