{"id":10384,"date":"2020-08-24T16:43:45","date_gmt":"2020-08-24T20:43:45","guid":{"rendered":"https:\/\/cpar.ufms.br\/?p=10384"},"modified":"2020-08-24T16:43:45","modified_gmt":"2020-08-24T20:43:45","slug":"empresa-junior-de-administracao-promove-1o-ciclo-de-palestras-de-recursos-humanos","status":"publish","type":"post","link":"https:\/\/cpar.ufms.br\/en\/empresa-junior-de-administracao-promove-1o-ciclo-de-palestras-de-recursos-humanos\/","title":{"rendered":"Empresa J\u00fanior de Administra\u00e7\u00e3o promove 1\u00ba Ciclo de Palestras de Recursos Humanos"},"content":{"rendered":"<p style=\"text-align: justify\">De hoje at\u00e9 o dia 16 de novembro ser\u00e1 realizado o 1\u00ba Ciclo de Palestras de Recursos Humanos, promovido pela Empresa J\u00fanior de Administra\u00e7\u00e3o do Campus de Parana\u00edba (CPAR). O evento \u00e9 aberto ao p\u00fablico e as atividades ser\u00e3o transmitidas pelo <a href=\"https:\/\/www.instagram.com\/empresajuniorufmsparanaiba\/\">perfil da EJ no Instagram<\/a>.<\/p>\n<p style=\"text-align: justify\">A a\u00e7\u00e3o \u00e9 vinculada ao projeto de pesquisa \u201cGest\u00e3o de Recursos Humanos Verde: novos rumos para a \u00e1rea de RH\u201d, coordenado pelo professor Wesley Ricardo de Souza Freitas. Segundo ele, o objetivo do evento \u00e9 trazer uma vis\u00e3o do mercado atual na \u00e1rea de gest\u00e3o de recursos humanos.<\/p>\n<p style=\"text-align: justify\">As palestras ser\u00e3o ministradas por gestores e consultores que atuam nessa \u00e1rea. Dessa forma, os assuntos abordados ser\u00e3o mais sobre uma vis\u00e3o pr\u00e1tica em RH do que acad\u00eamica, explica Wesley. \u201cAtualmente existe um chav\u00e3o que as empresas est\u00e3o usando, que \u00e9 \u2018contrata pela t\u00e9cnica e demite pelo comportamento\u2019. Ent\u00e3o a ideia \u00e9 trazer assuntos que est\u00e3o no dia a dia das empresas e que s\u00e3o relevantes para os alunos\u201d.<\/p>\n<p style=\"text-align: justify\">As atividades acontecer\u00e3o sempre \u00e0s 18h, hor\u00e1rio local. Mais informa\u00e7\u00f5es podem ser conferidas no Instagram da Empresa J\u00fanior. N\u00e3o ser\u00e1 disponibilizado certificado de participa\u00e7\u00e3o.<\/p>\n<p style=\"text-align: justify\"><strong>Brunna Oliveira \u2013 Estagi\u00e1ria da Agecom no Cpar.<\/strong><\/p>\n","protected":false},"excerpt":{"rendered":"<p>De hoje at\u00e9 o dia 16 de novembro ser\u00e1 realizado o 1\u00ba Ciclo de Palestras de Recursos Humanos, promovido pela Empresa J\u00fanior de Administra\u00e7\u00e3o do Campus de Parana\u00edba (CPAR). O evento \u00e9 aberto ao p\u00fablico e as atividades ser\u00e3o transmitidas pelo perfil da EJ no Instagram. A a\u00e7\u00e3o \u00e9 vinculada ao projeto de pesquisa \u201cGest\u00e3o [&hellip;]<\/p>\n","protected":false},"author":12416,"featured_media":0,"comment_status":"closed","ping_status":"open","sticky":false,"template":"","format":"standard","meta":{"footnotes":""},"categories":[3,1],"tags":[],"coauthors":[],"class_list":["post-10384","post","type-post","status-publish","format-standard","hentry","category-fotos-imagens","category-noticias"],"yoast_head":"<!-- This site is optimized with the Yoast SEO plugin v26.2 - https:\/\/yoast.com\/wordpress\/plugins\/seo\/ -->\n<title>Empresa J\u00fanior de Administra\u00e7\u00e3o promove 1\u00ba Ciclo de Palestras de Recursos Humanos - CPAR - Campus de Parana\u00edba<\/title>\n<meta name=\"robots\" content=\"index, follow, max-snippet:-1, max-image-preview:large, max-video-preview:-1\" \/>\n<link rel=\"canonical\" href=\"https:\/\/cpar.ufms.br\/empresa-junior-de-administracao-promove-1o-ciclo-de-palestras-de-recursos-humanos\/\" \/>\n<meta property=\"og:locale\" content=\"en_US\" \/>\n<meta property=\"og:type\" content=\"article\" \/>\n<meta property=\"og:title\" content=\"Empresa J\u00fanior de Administra\u00e7\u00e3o promove 1\u00ba Ciclo de Palestras de Recursos Humanos - CPAR - Campus de Parana\u00edba\" \/>\n<meta property=\"og:description\" content=\"De hoje at\u00e9 o dia 16 de novembro ser\u00e1 realizado o 1\u00ba Ciclo de Palestras de Recursos Humanos, promovido pela Empresa J\u00fanior de Administra\u00e7\u00e3o do Campus de Parana\u00edba (CPAR). O evento \u00e9 aberto ao p\u00fablico e as atividades ser\u00e3o transmitidas pelo perfil da EJ no Instagram. A a\u00e7\u00e3o \u00e9 vinculada ao projeto de pesquisa \u201cGest\u00e3o [&hellip;]\" \/>\n<meta property=\"og:url\" content=\"https:\/\/cpar.ufms.br\/empresa-junior-de-administracao-promove-1o-ciclo-de-palestras-de-recursos-humanos\/\" \/>\n<meta property=\"og:site_name\" content=\"CPAR - Campus de Parana\u00edba\" \/>\n<meta property=\"article:published_time\" content=\"2020-08-24T20:43:45+00:00\" \/>\n<meta property=\"og:image\" content=\"https:\/\/cpar.ufms.br\/files\/2020\/08\/WhatsApp-Image-2020-08-11-at-7.17.14-PM.jpeg\" \/>\n\t<meta property=\"og:image:width\" content=\"1080\" \/>\n\t<meta property=\"og:image:height\" content=\"1080\" \/>\n\t<meta property=\"og:image:type\" content=\"image\/jpeg\" \/>\n<meta name=\"author\" content=\"BRUNNA DE OLIVEIRA FREITAS\" \/>\n<meta name=\"twitter:label1\" content=\"Written by\" \/>\n\t<meta name=\"twitter:data1\" content=\"BRUNNA DE OLIVEIRA FREITAS\" \/>\n\t<meta name=\"twitter:label2\" content=\"Est. reading time\" \/>\n\t<meta name=\"twitter:data2\" content=\"1 minute\" \/>\n<script type=\"application\/ld+json\" class=\"yoast-schema-graph\">{\"@context\":\"https:\/\/schema.org\",\"@graph\":[{\"@type\":\"WebPage\",\"@id\":\"https:\/\/cpar.ufms.br\/empresa-junior-de-administracao-promove-1o-ciclo-de-palestras-de-recursos-humanos\/\",\"url\":\"https:\/\/cpar.ufms.br\/empresa-junior-de-administracao-promove-1o-ciclo-de-palestras-de-recursos-humanos\/\",\"name\":\"Empresa J\u00fanior de Administra\u00e7\u00e3o promove 1\u00ba Ciclo de Palestras de Recursos Humanos - CPAR - Campus de Parana\u00edba\",\"isPartOf\":{\"@id\":\"https:\/\/cpar.ufms.br\/#website\"},\"datePublished\":\"2020-08-24T20:43:45+00:00\",\"author\":{\"@id\":\"https:\/\/cpar.ufms.br\/#\/schema\/person\/e75a5c4d95c933476a42c9eed9d6d303\"},\"breadcrumb\":{\"@id\":\"https:\/\/cpar.ufms.br\/empresa-junior-de-administracao-promove-1o-ciclo-de-palestras-de-recursos-humanos\/#breadcrumb\"},\"inLanguage\":\"en-US\",\"potentialAction\":[{\"@type\":\"ReadAction\",\"target\":[\"https:\/\/cpar.ufms.br\/empresa-junior-de-administracao-promove-1o-ciclo-de-palestras-de-recursos-humanos\/\"]}]},{\"@type\":\"BreadcrumbList\",\"@id\":\"https:\/\/cpar.ufms.br\/empresa-junior-de-administracao-promove-1o-ciclo-de-palestras-de-recursos-humanos\/#breadcrumb\",\"itemListElement\":[{\"@type\":\"ListItem\",\"position\":1,\"name\":\"In\u00edcio\",\"item\":\"https:\/\/cpar.ufms.br\/\"},{\"@type\":\"ListItem\",\"position\":2,\"name\":\"Empresa J\u00fanior de Administra\u00e7\u00e3o promove 1\u00ba Ciclo de Palestras de Recursos Humanos\"}]},{\"@type\":\"WebSite\",\"@id\":\"https:\/\/cpar.ufms.br\/#website\",\"url\":\"https:\/\/cpar.ufms.br\/\",\"name\":\"CPAR - Campus de Parana\u00edba\",\"description\":\"Universidade Federal de Mato Grosso do Sul\",\"potentialAction\":[{\"@type\":\"SearchAction\",\"target\":{\"@type\":\"EntryPoint\",\"urlTemplate\":\"https:\/\/cpar.ufms.br\/?s={search_term_string}\"},\"query-input\":{\"@type\":\"PropertyValueSpecification\",\"valueRequired\":true,\"valueName\":\"search_term_string\"}}],\"inLanguage\":\"en-US\"},{\"@type\":\"Person\",\"@id\":\"https:\/\/cpar.ufms.br\/#\/schema\/person\/e75a5c4d95c933476a42c9eed9d6d303\",\"name\":\"BRUNNA DE OLIVEIRA FREITAS\",\"image\":{\"@type\":\"ImageObject\",\"inLanguage\":\"en-US\",\"@id\":\"https:\/\/cpar.ufms.br\/#\/schema\/person\/image\/a5b1ee798b6a6714654635c4095dd105\",\"url\":\"https:\/\/secure.gravatar.com\/avatar\/0e568014b00d86ba9cccf606b7c7dc623dec5048de6cf896970c939fc6e3ddc4?s=96&d=mm&r=g\",\"contentUrl\":\"https:\/\/secure.gravatar.com\/avatar\/0e568014b00d86ba9cccf606b7c7dc623dec5048de6cf896970c939fc6e3ddc4?s=96&d=mm&r=g\",\"caption\":\"BRUNNA DE OLIVEIRA FREITAS\"},\"url\":\"https:\/\/cpar.ufms.br\/en\/author\/brunna-oliveira\/\"}]}<\/script>\n<!-- \/ Yoast SEO plugin. -->","yoast_head_json":{"title":"Empresa J\u00fanior de Administra\u00e7\u00e3o promove 1\u00ba Ciclo de Palestras de Recursos Humanos - CPAR - Campus de Parana\u00edba","robots":{"index":"index","follow":"follow","max-snippet":"max-snippet:-1","max-image-preview":"max-image-preview:large","max-video-preview":"max-video-preview:-1"},"canonical":"https:\/\/cpar.ufms.br\/empresa-junior-de-administracao-promove-1o-ciclo-de-palestras-de-recursos-humanos\/","og_locale":"en_US","og_type":"article","og_title":"Empresa J\u00fanior de Administra\u00e7\u00e3o promove 1\u00ba Ciclo de Palestras de Recursos Humanos - CPAR - Campus de Parana\u00edba","og_description":"De hoje at\u00e9 o dia 16 de novembro ser\u00e1 realizado o 1\u00ba Ciclo de Palestras de Recursos Humanos, promovido pela Empresa J\u00fanior de Administra\u00e7\u00e3o do Campus de Parana\u00edba (CPAR). O evento \u00e9 aberto ao p\u00fablico e as atividades ser\u00e3o transmitidas pelo perfil da EJ no Instagram. A a\u00e7\u00e3o \u00e9 vinculada ao projeto de pesquisa \u201cGest\u00e3o [&hellip;]","og_url":"https:\/\/cpar.ufms.br\/empresa-junior-de-administracao-promove-1o-ciclo-de-palestras-de-recursos-humanos\/","og_site_name":"CPAR - Campus de Parana\u00edba","article_published_time":"2020-08-24T20:43:45+00:00","og_image":[{"width":1080,"height":1080,"url":"https:\/\/cpar.ufms.br\/files\/2020\/08\/WhatsApp-Image-2020-08-11-at-7.17.14-PM.jpeg","type":"image\/jpeg"}],"author":"BRUNNA DE OLIVEIRA FREITAS","twitter_misc":{"Written by":"BRUNNA DE OLIVEIRA FREITAS","Est. reading time":"1 minute"},"schema":{"@context":"https:\/\/schema.org","@graph":[{"@type":"WebPage","@id":"https:\/\/cpar.ufms.br\/empresa-junior-de-administracao-promove-1o-ciclo-de-palestras-de-recursos-humanos\/","url":"https:\/\/cpar.ufms.br\/empresa-junior-de-administracao-promove-1o-ciclo-de-palestras-de-recursos-humanos\/","name":"Empresa J\u00fanior de Administra\u00e7\u00e3o promove 1\u00ba Ciclo de Palestras de Recursos Humanos - CPAR - Campus de Parana\u00edba","isPartOf":{"@id":"https:\/\/cpar.ufms.br\/#website"},"datePublished":"2020-08-24T20:43:45+00:00","author":{"@id":"https:\/\/cpar.ufms.br\/#\/schema\/person\/e75a5c4d95c933476a42c9eed9d6d303"},"breadcrumb":{"@id":"https:\/\/cpar.ufms.br\/empresa-junior-de-administracao-promove-1o-ciclo-de-palestras-de-recursos-humanos\/#breadcrumb"},"inLanguage":"en-US","potentialAction":[{"@type":"ReadAction","target":["https:\/\/cpar.ufms.br\/empresa-junior-de-administracao-promove-1o-ciclo-de-palestras-de-recursos-humanos\/"]}]},{"@type":"BreadcrumbList","@id":"https:\/\/cpar.ufms.br\/empresa-junior-de-administracao-promove-1o-ciclo-de-palestras-de-recursos-humanos\/#breadcrumb","itemListElement":[{"@type":"ListItem","position":1,"name":"In\u00edcio","item":"https:\/\/cpar.ufms.br\/"},{"@type":"ListItem","position":2,"name":"Empresa J\u00fanior de Administra\u00e7\u00e3o promove 1\u00ba Ciclo de Palestras de Recursos Humanos"}]},{"@type":"WebSite","@id":"https:\/\/cpar.ufms.br\/#website","url":"https:\/\/cpar.ufms.br\/","name":"CPAR - Campus de Parana\u00edba","description":"Universidade Federal de Mato Grosso do Sul","potentialAction":[{"@type":"SearchAction","target":{"@type":"EntryPoint","urlTemplate":"https:\/\/cpar.ufms.br\/?s={search_term_string}"},"query-input":{"@type":"PropertyValueSpecification","valueRequired":true,"valueName":"search_term_string"}}],"inLanguage":"en-US"},{"@type":"Person","@id":"https:\/\/cpar.ufms.br\/#\/schema\/person\/e75a5c4d95c933476a42c9eed9d6d303","name":"BRUNNA DE OLIVEIRA FREITAS","image":{"@type":"ImageObject","inLanguage":"en-US","@id":"https:\/\/cpar.ufms.br\/#\/schema\/person\/image\/a5b1ee798b6a6714654635c4095dd105","url":"https:\/\/secure.gravatar.com\/avatar\/0e568014b00d86ba9cccf606b7c7dc623dec5048de6cf896970c939fc6e3ddc4?s=96&d=mm&r=g","contentUrl":"https:\/\/secure.gravatar.com\/avatar\/0e568014b00d86ba9cccf606b7c7dc623dec5048de6cf896970c939fc6e3ddc4?s=96&d=mm&r=g","caption":"BRUNNA DE OLIVEIRA FREITAS"},"url":"https:\/\/cpar.ufms.br\/en\/author\/brunna-oliveira\/"}]}},"_links":{"self":[{"href":"https:\/\/cpar.ufms.br\/en\/wp-json\/wp\/v2\/posts\/10384","targetHints":{"allow":["GET"]}}],"collection":[{"href":"https:\/\/cpar.ufms.br\/en\/wp-json\/wp\/v2\/posts"}],"about":[{"href":"https:\/\/cpar.ufms.br\/en\/wp-json\/wp\/v2\/types\/post"}],"author":[{"embeddable":true,"href":"https:\/\/cpar.ufms.br\/en\/wp-json\/wp\/v2\/users\/12416"}],"replies":[{"embeddable":true,"href":"https:\/\/cpar.ufms.br\/en\/wp-json\/wp\/v2\/comments?post=10384"}],"version-history":[{"count":1,"href":"https:\/\/cpar.ufms.br\/en\/wp-json\/wp\/v2\/posts\/10384\/revisions"}],"predecessor-version":[{"id":10386,"href":"https:\/\/cpar.ufms.br\/en\/wp-json\/wp\/v2\/posts\/10384\/revisions\/10386"}],"wp:attachment":[{"href":"https:\/\/cpar.ufms.br\/en\/wp-json\/wp\/v2\/media?parent=10384"}],"wp:term":[{"taxonomy":"category","embeddable":true,"href":"https:\/\/cpar.ufms.br\/en\/wp-json\/wp\/v2\/categories?post=10384"},{"taxonomy":"post_tag","embeddable":true,"href":"https:\/\/cpar.ufms.br\/en\/wp-json\/wp\/v2\/tags?post=10384"},{"taxonomy":"author","embeddable":true,"href":"https:\/\/cpar.ufms.br\/en\/wp-json\/wp\/v2\/coauthors?post=10384"}],"curies":[{"name":"wp","href":"https:\/\/api.w.org\/{rel}","templated":true}]}}