{"id":10657,"date":"2020-10-07T07:51:48","date_gmt":"2020-10-07T11:51:48","guid":{"rendered":"https:\/\/cpar.ufms.br\/?p=10657"},"modified":"2020-10-15T10:52:59","modified_gmt":"2020-10-15T14:52:59","slug":"processo-seletivo-para-a-concessao-de-bolsas-de-extensao-para-atuacao-nos-eventos-aprovados-no-edital-proece-ufms-fapec","status":"publish","type":"post","link":"https:\/\/cpar.ufms.br\/en\/processo-seletivo-para-a-concessao-de-bolsas-de-extensao-para-atuacao-nos-eventos-aprovados-no-edital-proece-ufms-fapec\/","title":{"rendered":"PROCESSO SELETIVO PARA A CONCESS\u00c3O DE BOLSAS DE EXTENS\u00c3O PARA ATUA\u00c7\u00c3O NOS EVENTOS APROVADOS NO EDITAL PROECE\/UFMS\/FAPEC"},"content":{"rendered":"<p style=\"text-align: justify\">A Funda\u00e7\u00e3o Universidade Federal de Mato Grosso do Sul, por meio da Pr\u00f3-Reitoria de Extens\u00e3o, Cultura e Esporte (Proece), torna p\u00fablica a abertura de processo seletivo para a concess\u00e3o de bolsas de extens\u00e3o a estudantes de gradua\u00e7\u00e3o para atua\u00e7\u00e3o nos Eventos Acad\u00eamicos e Cient\u00edficos aprovados no segundo lote de propostas submetidas ao Edital Proece\/UFMS\/Fapec n\u00ba 97\/2020 (PROFE\/2020), nos termos do Plano de Governan\u00e7a de Bolsas, Aux\u00edlios e Retribui\u00e7\u00e3o Pecuni\u00e1ria no \u00e2mbito da UFMS (Resolu\u00e7\u00e3o CD n\u00ba 144, de 28 de dezembro de 2018), consoante ao previsto no Programa Institucional de Eventos da UFMS, em observa\u00e7\u00e3o \u00e0s condi\u00e7\u00f5es, orienta\u00e7\u00f5es e procedimentos dispostos no\u00a0Edital e demais legisla\u00e7\u00f5es pertinentes.<\/p>\n<p style=\"text-align: justify\">No CPAR temos uma vaga, as inscri\u00e7\u00f5es v\u00e3o<strong> at\u00e9 13 de outubro<\/strong>. Confira mais informa\u00e7\u00f5es no Edital abaixo.<\/p>\n<p><a href=\"https:\/\/cpar.ufms.br\/files\/2020\/10\/edital-242.pdf\" target=\"_blank\" rel=\"noopener noreferrer\">Edital de divulga\u00e7\u00e3o n\u00b0 242\/2020<\/a>&#8211;\u00a0<strong>Primeira publica\u00e7\u00e3o<\/strong><\/p>\n<p><a href=\"https:\/\/cpar.ufms.br\/files\/2020\/10\/edital-242-2.pdf\" target=\"_blank\" rel=\"noopener noreferrer\">Edital de Divulga\u00e7\u00e3o n\u00b0 242\/2020 &#8211; PROECE\/UFMS<\/a>&#8211;\u00a0<strong>Edital Republicado<\/strong><\/p>\n","protected":false},"excerpt":{"rendered":"<p>A Funda\u00e7\u00e3o Universidade Federal de Mato Grosso do Sul, por meio da Pr\u00f3-Reitoria de Extens\u00e3o, Cultura e Esporte (Proece), torna p\u00fablica a abertura de processo seletivo para a concess\u00e3o de bolsas de extens\u00e3o a estudantes de gradua\u00e7\u00e3o para atua\u00e7\u00e3o nos Eventos Acad\u00eamicos e Cient\u00edficos aprovados no segundo lote de propostas submetidas ao Edital Proece\/UFMS\/Fapec n\u00ba [&hellip;]<\/p>\n","protected":false},"author":12416,"featured_media":0,"comment_status":"closed","ping_status":"open","sticky":false,"template":"","format":"standard","meta":{"footnotes":""},"categories":[3,1],"tags":[],"coauthors":[],"class_list":["post-10657","post","type-post","status-publish","format-standard","hentry","category-fotos-imagens","category-noticias"],"yoast_head":"<!-- This site is optimized with the Yoast SEO plugin v26.2 - https:\/\/yoast.com\/wordpress\/plugins\/seo\/ -->\n<title>PROCESSO SELETIVO PARA A CONCESS\u00c3O DE BOLSAS DE EXTENS\u00c3O PARA ATUA\u00c7\u00c3O NOS EVENTOS APROVADOS NO EDITAL PROECE\/UFMS\/FAPEC - CPAR - Campus de Parana\u00edba<\/title>\n<meta name=\"robots\" content=\"index, follow, max-snippet:-1, max-image-preview:large, max-video-preview:-1\" \/>\n<link rel=\"canonical\" href=\"https:\/\/cpar.ufms.br\/processo-seletivo-para-a-concessao-de-bolsas-de-extensao-para-atuacao-nos-eventos-aprovados-no-edital-proece-ufms-fapec\/\" \/>\n<meta property=\"og:locale\" content=\"en_US\" \/>\n<meta property=\"og:type\" content=\"article\" \/>\n<meta property=\"og:title\" content=\"PROCESSO SELETIVO PARA A CONCESS\u00c3O DE BOLSAS DE EXTENS\u00c3O PARA ATUA\u00c7\u00c3O NOS EVENTOS APROVADOS NO EDITAL PROECE\/UFMS\/FAPEC - CPAR - Campus de Parana\u00edba\" \/>\n<meta property=\"og:description\" content=\"A Funda\u00e7\u00e3o Universidade Federal de Mato Grosso do Sul, por meio da Pr\u00f3-Reitoria de Extens\u00e3o, Cultura e Esporte (Proece), torna p\u00fablica a abertura de processo seletivo para a concess\u00e3o de bolsas de extens\u00e3o a estudantes de gradua\u00e7\u00e3o para atua\u00e7\u00e3o nos Eventos Acad\u00eamicos e Cient\u00edficos aprovados no segundo lote de propostas submetidas ao Edital Proece\/UFMS\/Fapec n\u00ba [&hellip;]\" \/>\n<meta property=\"og:url\" content=\"https:\/\/cpar.ufms.br\/processo-seletivo-para-a-concessao-de-bolsas-de-extensao-para-atuacao-nos-eventos-aprovados-no-edital-proece-ufms-fapec\/\" \/>\n<meta property=\"og:site_name\" content=\"CPAR - Campus de Parana\u00edba\" \/>\n<meta property=\"article:published_time\" content=\"2020-10-07T11:51:48+00:00\" \/>\n<meta property=\"article:modified_time\" content=\"2020-10-15T14:52:59+00:00\" \/>\n<meta property=\"og:image\" content=\"https:\/\/cpar.ufms.br\/files\/2020\/10\/bolsas-de-extens\u00e3o-para-atua\u00e7\u00e3o-em-evento-acad\u00eamico-e-ci\u00eantifico.jpg\" \/>\n\t<meta property=\"og:image:width\" content=\"1080\" \/>\n\t<meta property=\"og:image:height\" content=\"1080\" \/>\n\t<meta property=\"og:image:type\" content=\"image\/jpeg\" \/>\n<meta name=\"author\" content=\"BRUNNA DE OLIVEIRA FREITAS\" \/>\n<meta name=\"twitter:label1\" content=\"Written by\" \/>\n\t<meta name=\"twitter:data1\" content=\"BRUNNA DE OLIVEIRA FREITAS\" \/>\n\t<meta name=\"twitter:label2\" content=\"Est. reading time\" \/>\n\t<meta name=\"twitter:data2\" content=\"1 minute\" \/>\n<script type=\"application\/ld+json\" class=\"yoast-schema-graph\">{\"@context\":\"https:\/\/schema.org\",\"@graph\":[{\"@type\":\"WebPage\",\"@id\":\"https:\/\/cpar.ufms.br\/processo-seletivo-para-a-concessao-de-bolsas-de-extensao-para-atuacao-nos-eventos-aprovados-no-edital-proece-ufms-fapec\/\",\"url\":\"https:\/\/cpar.ufms.br\/processo-seletivo-para-a-concessao-de-bolsas-de-extensao-para-atuacao-nos-eventos-aprovados-no-edital-proece-ufms-fapec\/\",\"name\":\"PROCESSO SELETIVO PARA A CONCESS\u00c3O DE BOLSAS DE EXTENS\u00c3O PARA ATUA\u00c7\u00c3O NOS EVENTOS APROVADOS NO EDITAL PROECE\/UFMS\/FAPEC - CPAR - Campus de Parana\u00edba\",\"isPartOf\":{\"@id\":\"https:\/\/cpar.ufms.br\/#website\"},\"datePublished\":\"2020-10-07T11:51:48+00:00\",\"dateModified\":\"2020-10-15T14:52:59+00:00\",\"author\":{\"@id\":\"https:\/\/cpar.ufms.br\/#\/schema\/person\/e75a5c4d95c933476a42c9eed9d6d303\"},\"breadcrumb\":{\"@id\":\"https:\/\/cpar.ufms.br\/processo-seletivo-para-a-concessao-de-bolsas-de-extensao-para-atuacao-nos-eventos-aprovados-no-edital-proece-ufms-fapec\/#breadcrumb\"},\"inLanguage\":\"en-US\",\"potentialAction\":[{\"@type\":\"ReadAction\",\"target\":[\"https:\/\/cpar.ufms.br\/processo-seletivo-para-a-concessao-de-bolsas-de-extensao-para-atuacao-nos-eventos-aprovados-no-edital-proece-ufms-fapec\/\"]}]},{\"@type\":\"BreadcrumbList\",\"@id\":\"https:\/\/cpar.ufms.br\/processo-seletivo-para-a-concessao-de-bolsas-de-extensao-para-atuacao-nos-eventos-aprovados-no-edital-proece-ufms-fapec\/#breadcrumb\",\"itemListElement\":[{\"@type\":\"ListItem\",\"position\":1,\"name\":\"In\u00edcio\",\"item\":\"https:\/\/cpar.ufms.br\/\"},{\"@type\":\"ListItem\",\"position\":2,\"name\":\"PROCESSO SELETIVO PARA A CONCESS\u00c3O DE BOLSAS DE EXTENS\u00c3O PARA ATUA\u00c7\u00c3O NOS EVENTOS APROVADOS NO EDITAL PROECE\/UFMS\/FAPEC\"}]},{\"@type\":\"WebSite\",\"@id\":\"https:\/\/cpar.ufms.br\/#website\",\"url\":\"https:\/\/cpar.ufms.br\/\",\"name\":\"CPAR - Campus de Parana\u00edba\",\"description\":\"Universidade Federal de Mato Grosso do Sul\",\"potentialAction\":[{\"@type\":\"SearchAction\",\"target\":{\"@type\":\"EntryPoint\",\"urlTemplate\":\"https:\/\/cpar.ufms.br\/?s={search_term_string}\"},\"query-input\":{\"@type\":\"PropertyValueSpecification\",\"valueRequired\":true,\"valueName\":\"search_term_string\"}}],\"inLanguage\":\"en-US\"},{\"@type\":\"Person\",\"@id\":\"https:\/\/cpar.ufms.br\/#\/schema\/person\/e75a5c4d95c933476a42c9eed9d6d303\",\"name\":\"BRUNNA DE OLIVEIRA FREITAS\",\"image\":{\"@type\":\"ImageObject\",\"inLanguage\":\"en-US\",\"@id\":\"https:\/\/cpar.ufms.br\/#\/schema\/person\/image\/a5b1ee798b6a6714654635c4095dd105\",\"url\":\"https:\/\/secure.gravatar.com\/avatar\/0e568014b00d86ba9cccf606b7c7dc623dec5048de6cf896970c939fc6e3ddc4?s=96&d=mm&r=g\",\"contentUrl\":\"https:\/\/secure.gravatar.com\/avatar\/0e568014b00d86ba9cccf606b7c7dc623dec5048de6cf896970c939fc6e3ddc4?s=96&d=mm&r=g\",\"caption\":\"BRUNNA DE OLIVEIRA FREITAS\"},\"url\":\"https:\/\/cpar.ufms.br\/en\/author\/brunna-oliveira\/\"}]}<\/script>\n<!-- \/ Yoast SEO plugin. -->","yoast_head_json":{"title":"PROCESSO SELETIVO PARA A CONCESS\u00c3O DE BOLSAS DE EXTENS\u00c3O PARA ATUA\u00c7\u00c3O NOS EVENTOS APROVADOS NO EDITAL PROECE\/UFMS\/FAPEC - CPAR - Campus de Parana\u00edba","robots":{"index":"index","follow":"follow","max-snippet":"max-snippet:-1","max-image-preview":"max-image-preview:large","max-video-preview":"max-video-preview:-1"},"canonical":"https:\/\/cpar.ufms.br\/processo-seletivo-para-a-concessao-de-bolsas-de-extensao-para-atuacao-nos-eventos-aprovados-no-edital-proece-ufms-fapec\/","og_locale":"en_US","og_type":"article","og_title":"PROCESSO SELETIVO PARA A CONCESS\u00c3O DE BOLSAS DE EXTENS\u00c3O PARA ATUA\u00c7\u00c3O NOS EVENTOS APROVADOS NO EDITAL PROECE\/UFMS\/FAPEC - CPAR - Campus de Parana\u00edba","og_description":"A Funda\u00e7\u00e3o Universidade Federal de Mato Grosso do Sul, por meio da Pr\u00f3-Reitoria de Extens\u00e3o, Cultura e Esporte (Proece), torna p\u00fablica a abertura de processo seletivo para a concess\u00e3o de bolsas de extens\u00e3o a estudantes de gradua\u00e7\u00e3o para atua\u00e7\u00e3o nos Eventos Acad\u00eamicos e Cient\u00edficos aprovados no segundo lote de propostas submetidas ao Edital Proece\/UFMS\/Fapec n\u00ba [&hellip;]","og_url":"https:\/\/cpar.ufms.br\/processo-seletivo-para-a-concessao-de-bolsas-de-extensao-para-atuacao-nos-eventos-aprovados-no-edital-proece-ufms-fapec\/","og_site_name":"CPAR - Campus de Parana\u00edba","article_published_time":"2020-10-07T11:51:48+00:00","article_modified_time":"2020-10-15T14:52:59+00:00","og_image":[{"width":1080,"height":1080,"url":"https:\/\/cpar.ufms.br\/files\/2020\/10\/bolsas-de-extens\u00e3o-para-atua\u00e7\u00e3o-em-evento-acad\u00eamico-e-ci\u00eantifico.jpg","type":"image\/jpeg"}],"author":"BRUNNA DE OLIVEIRA FREITAS","twitter_misc":{"Written by":"BRUNNA DE OLIVEIRA FREITAS","Est. reading time":"1 minute"},"schema":{"@context":"https:\/\/schema.org","@graph":[{"@type":"WebPage","@id":"https:\/\/cpar.ufms.br\/processo-seletivo-para-a-concessao-de-bolsas-de-extensao-para-atuacao-nos-eventos-aprovados-no-edital-proece-ufms-fapec\/","url":"https:\/\/cpar.ufms.br\/processo-seletivo-para-a-concessao-de-bolsas-de-extensao-para-atuacao-nos-eventos-aprovados-no-edital-proece-ufms-fapec\/","name":"PROCESSO SELETIVO PARA A CONCESS\u00c3O DE BOLSAS DE EXTENS\u00c3O PARA ATUA\u00c7\u00c3O NOS EVENTOS APROVADOS NO EDITAL PROECE\/UFMS\/FAPEC - CPAR - Campus de Parana\u00edba","isPartOf":{"@id":"https:\/\/cpar.ufms.br\/#website"},"datePublished":"2020-10-07T11:51:48+00:00","dateModified":"2020-10-15T14:52:59+00:00","author":{"@id":"https:\/\/cpar.ufms.br\/#\/schema\/person\/e75a5c4d95c933476a42c9eed9d6d303"},"breadcrumb":{"@id":"https:\/\/cpar.ufms.br\/processo-seletivo-para-a-concessao-de-bolsas-de-extensao-para-atuacao-nos-eventos-aprovados-no-edital-proece-ufms-fapec\/#breadcrumb"},"inLanguage":"en-US","potentialAction":[{"@type":"ReadAction","target":["https:\/\/cpar.ufms.br\/processo-seletivo-para-a-concessao-de-bolsas-de-extensao-para-atuacao-nos-eventos-aprovados-no-edital-proece-ufms-fapec\/"]}]},{"@type":"BreadcrumbList","@id":"https:\/\/cpar.ufms.br\/processo-seletivo-para-a-concessao-de-bolsas-de-extensao-para-atuacao-nos-eventos-aprovados-no-edital-proece-ufms-fapec\/#breadcrumb","itemListElement":[{"@type":"ListItem","position":1,"name":"In\u00edcio","item":"https:\/\/cpar.ufms.br\/"},{"@type":"ListItem","position":2,"name":"PROCESSO SELETIVO PARA A CONCESS\u00c3O DE BOLSAS DE EXTENS\u00c3O PARA ATUA\u00c7\u00c3O NOS EVENTOS APROVADOS NO EDITAL PROECE\/UFMS\/FAPEC"}]},{"@type":"WebSite","@id":"https:\/\/cpar.ufms.br\/#website","url":"https:\/\/cpar.ufms.br\/","name":"CPAR - Campus de Parana\u00edba","description":"Universidade Federal de Mato Grosso do Sul","potentialAction":[{"@type":"SearchAction","target":{"@type":"EntryPoint","urlTemplate":"https:\/\/cpar.ufms.br\/?s={search_term_string}"},"query-input":{"@type":"PropertyValueSpecification","valueRequired":true,"valueName":"search_term_string"}}],"inLanguage":"en-US"},{"@type":"Person","@id":"https:\/\/cpar.ufms.br\/#\/schema\/person\/e75a5c4d95c933476a42c9eed9d6d303","name":"BRUNNA DE OLIVEIRA FREITAS","image":{"@type":"ImageObject","inLanguage":"en-US","@id":"https:\/\/cpar.ufms.br\/#\/schema\/person\/image\/a5b1ee798b6a6714654635c4095dd105","url":"https:\/\/secure.gravatar.com\/avatar\/0e568014b00d86ba9cccf606b7c7dc623dec5048de6cf896970c939fc6e3ddc4?s=96&d=mm&r=g","contentUrl":"https:\/\/secure.gravatar.com\/avatar\/0e568014b00d86ba9cccf606b7c7dc623dec5048de6cf896970c939fc6e3ddc4?s=96&d=mm&r=g","caption":"BRUNNA DE OLIVEIRA FREITAS"},"url":"https:\/\/cpar.ufms.br\/en\/author\/brunna-oliveira\/"}]}},"_links":{"self":[{"href":"https:\/\/cpar.ufms.br\/en\/wp-json\/wp\/v2\/posts\/10657","targetHints":{"allow":["GET"]}}],"collection":[{"href":"https:\/\/cpar.ufms.br\/en\/wp-json\/wp\/v2\/posts"}],"about":[{"href":"https:\/\/cpar.ufms.br\/en\/wp-json\/wp\/v2\/types\/post"}],"author":[{"embeddable":true,"href":"https:\/\/cpar.ufms.br\/en\/wp-json\/wp\/v2\/users\/12416"}],"replies":[{"embeddable":true,"href":"https:\/\/cpar.ufms.br\/en\/wp-json\/wp\/v2\/comments?post=10657"}],"version-history":[{"count":3,"href":"https:\/\/cpar.ufms.br\/en\/wp-json\/wp\/v2\/posts\/10657\/revisions"}],"predecessor-version":[{"id":10692,"href":"https:\/\/cpar.ufms.br\/en\/wp-json\/wp\/v2\/posts\/10657\/revisions\/10692"}],"wp:attachment":[{"href":"https:\/\/cpar.ufms.br\/en\/wp-json\/wp\/v2\/media?parent=10657"}],"wp:term":[{"taxonomy":"category","embeddable":true,"href":"https:\/\/cpar.ufms.br\/en\/wp-json\/wp\/v2\/categories?post=10657"},{"taxonomy":"post_tag","embeddable":true,"href":"https:\/\/cpar.ufms.br\/en\/wp-json\/wp\/v2\/tags?post=10657"},{"taxonomy":"author","embeddable":true,"href":"https:\/\/cpar.ufms.br\/en\/wp-json\/wp\/v2\/coauthors?post=10657"}],"curies":[{"name":"wp","href":"https:\/\/api.w.org\/{rel}","templated":true}]}}