{"id":12863,"date":"2022-02-07T16:36:17","date_gmt":"2022-02-07T20:36:17","guid":{"rendered":"https:\/\/cpar.ufms.br\/?p=12863"},"modified":"2022-02-07T16:36:48","modified_gmt":"2022-02-07T20:36:48","slug":"prazo-para-recadastramento-de-auxilios-estudantis-e-prorrogado-ate-o-dia-10","status":"publish","type":"post","link":"https:\/\/cpar.ufms.br\/en\/prazo-para-recadastramento-de-auxilios-estudantis-e-prorrogado-ate-o-dia-10\/","title":{"rendered":"Prazo para recadastramento de aux\u00edlios estudantis \u00e9 prorrogado at\u00e9 o dia 10"},"content":{"rendered":"<p>O prazo de recadastramento dos aux\u00edlios estudantis foi prorrogado at\u00e9 a pr\u00f3xima quinta-feira, 10. Estudantes que recebem os aux\u00edlios Alimenta\u00e7\u00e3o, Creche, Moradia ou Perman\u00eancia precisam atualizar os dados para garantir os benef\u00edcios no primeiro semestre de 2022.<\/p>\n<p>O recadastramento \u00e9 essencial para que os benefici\u00e1rios continuem recebendo os aux\u00edlios e, inicialmente, o prazo estava previsto para encerrar no dia 31. \u201cQuem n\u00e3o fizer, pode ficar sem os aux\u00edlios estudantis a partir de mar\u00e7o. Ent\u00e3o, a finalidade da prorroga\u00e7\u00e3o \u00e9 dar mais uma chance para os acad\u00eamicos\u201d, refor\u00e7a o secret\u00e1rio da Secret\u00e1ria de Assist\u00eancia Estudantil (Seae) da Pr\u00f3-Reitoria de Assuntos Estudantis (Proaes), Josemar da Silva Pawiloski.<\/p>\n<p>O recadastramento tem sido exigido pelos \u00f3rg\u00e3os de controle e \u00e9 uma a\u00e7\u00e3o importante para confirmar que os estudantes s\u00e3o eleg\u00edveis para o recebimento dos recursos. Os benef\u00edcios s\u00e3o direcionados aos considerados vulner\u00e1veis socioeconomicamente e, portanto, os acad\u00eamicos precisam ter renda\u00a0<i>per capita<\/i>\u00a0familiar de at\u00e9 1,5 sal\u00e1rio m\u00ednimo.<\/p>\n<p>O prazo est\u00e1 chegando ao fim e \u00e9 importante que os benefici\u00e1rios n\u00e3o deixem o recadastramento para o \u00faltimo dia. \u00c9 preciso se preparar com anteced\u00eancia porque um dos documentos exigidos \u00e9 a Folha Resumo do Cad\u00danico, que s\u00f3 pode ser obtida nos Centros de Refer\u00eancia de Assist\u00eancia Social (Cras). O estudante precisa fazer o agendamento e comprovar o rendimento familiar no local. Al\u00e9m disso, existe um prazo para que o Cras fa\u00e7a a emiss\u00e3o da Folha Resumo.<\/p>\n<p>\u201cA Folha devidamente assinada pelo entrevistador e pelo respons\u00e1vel da unidade familiar \u00e9 necess\u00e1ria para o recadastramento de todos os aux\u00edlios. Esse documento passou a ser exigido a partir de 2020, portanto muitos bolsistas n\u00e3o apresentaram esse documento antes. N\u00e3o \u00e9 uma novidade para os bolsistas mais recentes, mas para os outros \u00e9\u201d, explica o secret\u00e1rio.<\/p>\n<p><b>Recadastramento<\/b><\/p>\n<p>Para garantir o direito aos aux\u00edlios estudantis, os benefici\u00e1rios devem atualizar o \u201cperfil acad\u00eamico\u201d no\u00a0<a href=\"https:\/\/siscad.ufms.br\/\" target=\"_blank\" rel=\"noopener\">Sistema Acad\u00eamico (Siscad)<\/a>\u00a0e inserir a \u201cFolha Resumo do Cad\u00danico\u201d.<\/p>\n<p>Em seguida, os documentos de comprova\u00e7\u00e3o devem ser anexados no site\u00a0<a href=\"https:\/\/selecao.ufms.br\/\" target=\"_blank\" rel=\"noopener\">Sele\u00e7\u00e3o UFMS<\/a>.\u00a0Os documentos variam de acordo com o tipo de aux\u00edlio. No caso do aux\u00edlio Moradia, tamb\u00e9m \u00e9 necess\u00e1rio inserir o contrato de loca\u00e7\u00e3o do im\u00f3vel ou declara\u00e7\u00e3o do locador devidamente assinada. Para o aux\u00edlio Creche, \u00e9 preciso anexar declara\u00e7\u00e3o de espera de vaga em centro de ensino infantil devidamente assinada.<\/p>\n<p>Confira a rela\u00e7\u00e3o de documentos exigidos no edital:<\/p>\n<a href=\"https:\/\/cpar.ufms.br\/files\/2022\/02\/Edital-PROAES-84-2021-1.pdf\" class=\"pdfemb-viewer\" style=\"\" data-width=\"max\" data-height=\"max\" data-toolbar=\"bottom\" data-toolbar-fixed=\"off\">Edital-PROAES-84-2021-1<\/a>\n<p><a href=\"https:\/\/cpar.ufms.br\/files\/2022\/02\/Edital-PROAES-84-2021-1.pdf\" target=\"_blank\" rel=\"noopener\">BAIXE O EDITAL AQUI<\/a><\/p>\n<p>&nbsp;<\/p>\n<p><span style=\"color: #999999\"><em>Texto: Mylena Rocha<\/em><\/span><\/p>\n","protected":false},"excerpt":{"rendered":"<p>O prazo de recadastramento dos aux\u00edlios estudantis foi prorrogado at\u00e9 a pr\u00f3xima quinta-feira, 10. Estudantes que recebem os aux\u00edlios Alimenta\u00e7\u00e3o, Creche, Moradia ou Perman\u00eancia precisam atualizar os dados para garantir os benef\u00edcios no primeiro semestre de 2022. O recadastramento \u00e9 essencial para que os benefici\u00e1rios continuem recebendo os aux\u00edlios e, inicialmente, o prazo estava previsto [&hellip;]<\/p>\n","protected":false},"author":6362,"featured_media":12864,"comment_status":"closed","ping_status":"open","sticky":false,"template":"","format":"standard","meta":{"footnotes":""},"categories":[1],"tags":[],"coauthors":[],"class_list":["post-12863","post","type-post","status-publish","format-standard","has-post-thumbnail","hentry","category-noticias"],"yoast_head":"<!-- This site is optimized with the Yoast SEO plugin v26.2 - https:\/\/yoast.com\/wordpress\/plugins\/seo\/ -->\n<title>Prazo para recadastramento de aux\u00edlios estudantis \u00e9 prorrogado at\u00e9 o dia 10 - CPAR - Campus de Parana\u00edba<\/title>\n<meta name=\"robots\" content=\"index, follow, max-snippet:-1, max-image-preview:large, max-video-preview:-1\" \/>\n<link rel=\"canonical\" href=\"https:\/\/cpar.ufms.br\/prazo-para-recadastramento-de-auxilios-estudantis-e-prorrogado-ate-o-dia-10\/\" \/>\n<meta property=\"og:locale\" content=\"en_US\" \/>\n<meta property=\"og:type\" content=\"article\" \/>\n<meta property=\"og:title\" content=\"Prazo para recadastramento de aux\u00edlios estudantis \u00e9 prorrogado at\u00e9 o dia 10 - CPAR - Campus de Parana\u00edba\" \/>\n<meta property=\"og:description\" content=\"O prazo de recadastramento dos aux\u00edlios estudantis foi prorrogado at\u00e9 a pr\u00f3xima quinta-feira, 10. Estudantes que recebem os aux\u00edlios Alimenta\u00e7\u00e3o, Creche, Moradia ou Perman\u00eancia precisam atualizar os dados para garantir os benef\u00edcios no primeiro semestre de 2022. O recadastramento \u00e9 essencial para que os benefici\u00e1rios continuem recebendo os aux\u00edlios e, inicialmente, o prazo estava previsto [&hellip;]\" \/>\n<meta property=\"og:url\" content=\"https:\/\/cpar.ufms.br\/prazo-para-recadastramento-de-auxilios-estudantis-e-prorrogado-ate-o-dia-10\/\" \/>\n<meta property=\"og:site_name\" content=\"CPAR - Campus de Parana\u00edba\" \/>\n<meta property=\"article:published_time\" content=\"2022-02-07T20:36:17+00:00\" \/>\n<meta property=\"article:modified_time\" content=\"2022-02-07T20:36:48+00:00\" \/>\n<meta property=\"og:image\" content=\"https:\/\/cpar.ufms.br\/files\/2022\/02\/Auxilios.png\" \/>\n\t<meta property=\"og:image:width\" content=\"1080\" \/>\n\t<meta property=\"og:image:height\" content=\"1080\" \/>\n\t<meta property=\"og:image:type\" content=\"image\/png\" \/>\n<meta name=\"author\" content=\"Ailton Junior\" \/>\n<meta name=\"twitter:label1\" content=\"Written by\" \/>\n\t<meta name=\"twitter:data1\" content=\"Ailton Junior\" \/>\n\t<meta name=\"twitter:label2\" content=\"Est. reading time\" \/>\n\t<meta name=\"twitter:data2\" content=\"3 minutes\" \/>\n<script type=\"application\/ld+json\" class=\"yoast-schema-graph\">{\"@context\":\"https:\/\/schema.org\",\"@graph\":[{\"@type\":\"WebPage\",\"@id\":\"https:\/\/cpar.ufms.br\/prazo-para-recadastramento-de-auxilios-estudantis-e-prorrogado-ate-o-dia-10\/\",\"url\":\"https:\/\/cpar.ufms.br\/prazo-para-recadastramento-de-auxilios-estudantis-e-prorrogado-ate-o-dia-10\/\",\"name\":\"Prazo para recadastramento de aux\u00edlios estudantis \u00e9 prorrogado at\u00e9 o dia 10 - CPAR - Campus de Parana\u00edba\",\"isPartOf\":{\"@id\":\"https:\/\/cpar.ufms.br\/#website\"},\"primaryImageOfPage\":{\"@id\":\"https:\/\/cpar.ufms.br\/prazo-para-recadastramento-de-auxilios-estudantis-e-prorrogado-ate-o-dia-10\/#primaryimage\"},\"image\":{\"@id\":\"https:\/\/cpar.ufms.br\/prazo-para-recadastramento-de-auxilios-estudantis-e-prorrogado-ate-o-dia-10\/#primaryimage\"},\"thumbnailUrl\":\"https:\/\/cpar.ufms.br\/files\/2022\/02\/Auxilios.png\",\"datePublished\":\"2022-02-07T20:36:17+00:00\",\"dateModified\":\"2022-02-07T20:36:48+00:00\",\"author\":{\"@id\":\"https:\/\/cpar.ufms.br\/#\/schema\/person\/2d219d4ab796cd8e4e47da3ac08472cd\"},\"breadcrumb\":{\"@id\":\"https:\/\/cpar.ufms.br\/prazo-para-recadastramento-de-auxilios-estudantis-e-prorrogado-ate-o-dia-10\/#breadcrumb\"},\"inLanguage\":\"en-US\",\"potentialAction\":[{\"@type\":\"ReadAction\",\"target\":[\"https:\/\/cpar.ufms.br\/prazo-para-recadastramento-de-auxilios-estudantis-e-prorrogado-ate-o-dia-10\/\"]}]},{\"@type\":\"ImageObject\",\"inLanguage\":\"en-US\",\"@id\":\"https:\/\/cpar.ufms.br\/prazo-para-recadastramento-de-auxilios-estudantis-e-prorrogado-ate-o-dia-10\/#primaryimage\",\"url\":\"https:\/\/cpar.ufms.br\/files\/2022\/02\/Auxilios.png\",\"contentUrl\":\"https:\/\/cpar.ufms.br\/files\/2022\/02\/Auxilios.png\",\"width\":1080,\"height\":1080},{\"@type\":\"BreadcrumbList\",\"@id\":\"https:\/\/cpar.ufms.br\/prazo-para-recadastramento-de-auxilios-estudantis-e-prorrogado-ate-o-dia-10\/#breadcrumb\",\"itemListElement\":[{\"@type\":\"ListItem\",\"position\":1,\"name\":\"In\u00edcio\",\"item\":\"https:\/\/cpar.ufms.br\/\"},{\"@type\":\"ListItem\",\"position\":2,\"name\":\"Prazo para recadastramento de aux\u00edlios estudantis \u00e9 prorrogado at\u00e9 o dia 10\"}]},{\"@type\":\"WebSite\",\"@id\":\"https:\/\/cpar.ufms.br\/#website\",\"url\":\"https:\/\/cpar.ufms.br\/\",\"name\":\"CPAR - Campus de Parana\u00edba\",\"description\":\"Universidade Federal de Mato Grosso do Sul\",\"potentialAction\":[{\"@type\":\"SearchAction\",\"target\":{\"@type\":\"EntryPoint\",\"urlTemplate\":\"https:\/\/cpar.ufms.br\/?s={search_term_string}\"},\"query-input\":{\"@type\":\"PropertyValueSpecification\",\"valueRequired\":true,\"valueName\":\"search_term_string\"}}],\"inLanguage\":\"en-US\"},{\"@type\":\"Person\",\"@id\":\"https:\/\/cpar.ufms.br\/#\/schema\/person\/2d219d4ab796cd8e4e47da3ac08472cd\",\"name\":\"Ailton Junior\",\"image\":{\"@type\":\"ImageObject\",\"inLanguage\":\"en-US\",\"@id\":\"https:\/\/cpar.ufms.br\/#\/schema\/person\/image\/79119d256af6c114081ac57e8ce6c627\",\"url\":\"https:\/\/secure.gravatar.com\/avatar\/dd87aa96aea81744c11151a37f377e39e7d322423e1e751d4018cf8b890f0923?s=96&d=mm&r=g\",\"contentUrl\":\"https:\/\/secure.gravatar.com\/avatar\/dd87aa96aea81744c11151a37f377e39e7d322423e1e751d4018cf8b890f0923?s=96&d=mm&r=g\",\"caption\":\"Ailton Junior\"},\"url\":\"https:\/\/cpar.ufms.br\/en\/author\/ailton-barbosa\/\"}]}<\/script>\n<!-- \/ Yoast SEO plugin. -->","yoast_head_json":{"title":"Prazo para recadastramento de aux\u00edlios estudantis \u00e9 prorrogado at\u00e9 o dia 10 - CPAR - Campus de Parana\u00edba","robots":{"index":"index","follow":"follow","max-snippet":"max-snippet:-1","max-image-preview":"max-image-preview:large","max-video-preview":"max-video-preview:-1"},"canonical":"https:\/\/cpar.ufms.br\/prazo-para-recadastramento-de-auxilios-estudantis-e-prorrogado-ate-o-dia-10\/","og_locale":"en_US","og_type":"article","og_title":"Prazo para recadastramento de aux\u00edlios estudantis \u00e9 prorrogado at\u00e9 o dia 10 - CPAR - Campus de Parana\u00edba","og_description":"O prazo de recadastramento dos aux\u00edlios estudantis foi prorrogado at\u00e9 a pr\u00f3xima quinta-feira, 10. Estudantes que recebem os aux\u00edlios Alimenta\u00e7\u00e3o, Creche, Moradia ou Perman\u00eancia precisam atualizar os dados para garantir os benef\u00edcios no primeiro semestre de 2022. O recadastramento \u00e9 essencial para que os benefici\u00e1rios continuem recebendo os aux\u00edlios e, inicialmente, o prazo estava previsto [&hellip;]","og_url":"https:\/\/cpar.ufms.br\/prazo-para-recadastramento-de-auxilios-estudantis-e-prorrogado-ate-o-dia-10\/","og_site_name":"CPAR - Campus de Parana\u00edba","article_published_time":"2022-02-07T20:36:17+00:00","article_modified_time":"2022-02-07T20:36:48+00:00","og_image":[{"width":1080,"height":1080,"url":"https:\/\/cpar.ufms.br\/files\/2022\/02\/Auxilios.png","type":"image\/png"}],"author":"Ailton Junior","twitter_misc":{"Written by":"Ailton Junior","Est. reading time":"3 minutes"},"schema":{"@context":"https:\/\/schema.org","@graph":[{"@type":"WebPage","@id":"https:\/\/cpar.ufms.br\/prazo-para-recadastramento-de-auxilios-estudantis-e-prorrogado-ate-o-dia-10\/","url":"https:\/\/cpar.ufms.br\/prazo-para-recadastramento-de-auxilios-estudantis-e-prorrogado-ate-o-dia-10\/","name":"Prazo para recadastramento de aux\u00edlios estudantis \u00e9 prorrogado at\u00e9 o dia 10 - CPAR - Campus de Parana\u00edba","isPartOf":{"@id":"https:\/\/cpar.ufms.br\/#website"},"primaryImageOfPage":{"@id":"https:\/\/cpar.ufms.br\/prazo-para-recadastramento-de-auxilios-estudantis-e-prorrogado-ate-o-dia-10\/#primaryimage"},"image":{"@id":"https:\/\/cpar.ufms.br\/prazo-para-recadastramento-de-auxilios-estudantis-e-prorrogado-ate-o-dia-10\/#primaryimage"},"thumbnailUrl":"https:\/\/cpar.ufms.br\/files\/2022\/02\/Auxilios.png","datePublished":"2022-02-07T20:36:17+00:00","dateModified":"2022-02-07T20:36:48+00:00","author":{"@id":"https:\/\/cpar.ufms.br\/#\/schema\/person\/2d219d4ab796cd8e4e47da3ac08472cd"},"breadcrumb":{"@id":"https:\/\/cpar.ufms.br\/prazo-para-recadastramento-de-auxilios-estudantis-e-prorrogado-ate-o-dia-10\/#breadcrumb"},"inLanguage":"en-US","potentialAction":[{"@type":"ReadAction","target":["https:\/\/cpar.ufms.br\/prazo-para-recadastramento-de-auxilios-estudantis-e-prorrogado-ate-o-dia-10\/"]}]},{"@type":"ImageObject","inLanguage":"en-US","@id":"https:\/\/cpar.ufms.br\/prazo-para-recadastramento-de-auxilios-estudantis-e-prorrogado-ate-o-dia-10\/#primaryimage","url":"https:\/\/cpar.ufms.br\/files\/2022\/02\/Auxilios.png","contentUrl":"https:\/\/cpar.ufms.br\/files\/2022\/02\/Auxilios.png","width":1080,"height":1080},{"@type":"BreadcrumbList","@id":"https:\/\/cpar.ufms.br\/prazo-para-recadastramento-de-auxilios-estudantis-e-prorrogado-ate-o-dia-10\/#breadcrumb","itemListElement":[{"@type":"ListItem","position":1,"name":"In\u00edcio","item":"https:\/\/cpar.ufms.br\/"},{"@type":"ListItem","position":2,"name":"Prazo para recadastramento de aux\u00edlios estudantis \u00e9 prorrogado at\u00e9 o dia 10"}]},{"@type":"WebSite","@id":"https:\/\/cpar.ufms.br\/#website","url":"https:\/\/cpar.ufms.br\/","name":"CPAR - Campus de Parana\u00edba","description":"Universidade Federal de Mato Grosso do Sul","potentialAction":[{"@type":"SearchAction","target":{"@type":"EntryPoint","urlTemplate":"https:\/\/cpar.ufms.br\/?s={search_term_string}"},"query-input":{"@type":"PropertyValueSpecification","valueRequired":true,"valueName":"search_term_string"}}],"inLanguage":"en-US"},{"@type":"Person","@id":"https:\/\/cpar.ufms.br\/#\/schema\/person\/2d219d4ab796cd8e4e47da3ac08472cd","name":"Ailton Junior","image":{"@type":"ImageObject","inLanguage":"en-US","@id":"https:\/\/cpar.ufms.br\/#\/schema\/person\/image\/79119d256af6c114081ac57e8ce6c627","url":"https:\/\/secure.gravatar.com\/avatar\/dd87aa96aea81744c11151a37f377e39e7d322423e1e751d4018cf8b890f0923?s=96&d=mm&r=g","contentUrl":"https:\/\/secure.gravatar.com\/avatar\/dd87aa96aea81744c11151a37f377e39e7d322423e1e751d4018cf8b890f0923?s=96&d=mm&r=g","caption":"Ailton Junior"},"url":"https:\/\/cpar.ufms.br\/en\/author\/ailton-barbosa\/"}]}},"_links":{"self":[{"href":"https:\/\/cpar.ufms.br\/en\/wp-json\/wp\/v2\/posts\/12863","targetHints":{"allow":["GET"]}}],"collection":[{"href":"https:\/\/cpar.ufms.br\/en\/wp-json\/wp\/v2\/posts"}],"about":[{"href":"https:\/\/cpar.ufms.br\/en\/wp-json\/wp\/v2\/types\/post"}],"author":[{"embeddable":true,"href":"https:\/\/cpar.ufms.br\/en\/wp-json\/wp\/v2\/users\/6362"}],"replies":[{"embeddable":true,"href":"https:\/\/cpar.ufms.br\/en\/wp-json\/wp\/v2\/comments?post=12863"}],"version-history":[{"count":2,"href":"https:\/\/cpar.ufms.br\/en\/wp-json\/wp\/v2\/posts\/12863\/revisions"}],"predecessor-version":[{"id":12867,"href":"https:\/\/cpar.ufms.br\/en\/wp-json\/wp\/v2\/posts\/12863\/revisions\/12867"}],"wp:featuredmedia":[{"embeddable":true,"href":"https:\/\/cpar.ufms.br\/en\/wp-json\/wp\/v2\/media\/12864"}],"wp:attachment":[{"href":"https:\/\/cpar.ufms.br\/en\/wp-json\/wp\/v2\/media?parent=12863"}],"wp:term":[{"taxonomy":"category","embeddable":true,"href":"https:\/\/cpar.ufms.br\/en\/wp-json\/wp\/v2\/categories?post=12863"},{"taxonomy":"post_tag","embeddable":true,"href":"https:\/\/cpar.ufms.br\/en\/wp-json\/wp\/v2\/tags?post=12863"},{"taxonomy":"author","embeddable":true,"href":"https:\/\/cpar.ufms.br\/en\/wp-json\/wp\/v2\/coauthors?post=12863"}],"curies":[{"name":"wp","href":"https:\/\/api.w.org\/{rel}","templated":true}]}}