{"id":13115,"date":"2022-03-14T14:17:17","date_gmt":"2022-03-14T18:17:17","guid":{"rendered":"https:\/\/cpar.ufms.br\/?p=13115"},"modified":"2022-03-17T19:54:47","modified_gmt":"2022-03-17T23:54:47","slug":"selecao-de-auxilios-de-assistencia-estudantil-para-estudantes-de-graduacao-da-ufms-permanencia-moradia-alimentacao-e-creche","status":"publish","type":"post","link":"https:\/\/cpar.ufms.br\/en\/selecao-de-auxilios-de-assistencia-estudantil-para-estudantes-de-graduacao-da-ufms-permanencia-moradia-alimentacao-e-creche\/","title":{"rendered":"SELE\u00c7\u00c3O DE AUX\u00cdLIOS DE ASSIST\u00caNCIA ESTUDANTIL PARA ESTUDANTES DE GRADUA\u00c7\u00c3O DA UFMS: PERMAN\u00caNCIA, MORADIA, ALIMENTA\u00c7\u00c3O E CRECHE"},"content":{"rendered":"<p style=\"text-align: justify\"><span class=\"fontstyle0\">Este Edital objetiva conceder aux\u00edlios do Programa Nacional de Assist\u00eancia Estudantil (PNAES), nas modalidades perman\u00eancia, moradia, alimenta\u00e7\u00e3o e creche, a estudantes matriculados em cursos de gradua\u00e7\u00e3o presencial da UFMS, com renda familiar <\/span><span class=\"fontstyle2\">per capita <\/span><span class=\"fontstyle0\">de at\u00e9 um sal\u00e1rio m\u00ednimo e meio vigente, cadastrados no Cad\u00danico do Governo Federal, de acordo com as Normas Regulamentadoras do Programa de Assist\u00eancia Estudantil da UFMS.<\/span><\/p>\n<p><span class=\"fontstyle0\">Todo processo de inscri\u00e7\u00e3o ser\u00e1 <\/span><span class=\"fontstyle2\">on-line <\/span><span class=\"fontstyle0\">pelo Sistema de Sele\u00e7\u00e3o de Aux\u00edlios Estudantis da UFMS &#8211; <a href=\"https:\/\/selecao.ufms.br\">https:\/\/selecao.ufms.br<\/a><\/span><\/p>\n<p>Confira o cronograma:<\/p>\n<p>&nbsp;<\/p>\n<p><a href=\"https:\/\/cpar.ufms.br\/files\/2022\/03\/cronograma.png\"><img decoding=\"async\" class=\"aligncenter size-medium wp-image-13116\" src=\"https:\/\/cpar.ufms.br\/files\/2022\/03\/cronograma-300x129.png\" alt=\"\" width=\"300\" height=\"129\" srcset=\"https:\/\/cpar.ufms.br\/files\/2022\/03\/cronograma-300x129.png 300w, https:\/\/cpar.ufms.br\/files\/2022\/03\/cronograma-1024x442.png 1024w, https:\/\/cpar.ufms.br\/files\/2022\/03\/cronograma-768x331.png 768w, https:\/\/cpar.ufms.br\/files\/2022\/03\/cronograma-730x315.png 730w, https:\/\/cpar.ufms.br\/files\/2022\/03\/cronograma.png 1411w\" sizes=\"(max-width: 300px) 100vw, 300px\" \/><\/a><\/p>\n<p>Para mais informa\u00e7\u00f5es acesse: <a href=\"https:\/\/proaes.ufms.br\/divulgado-a-selecao-de-auxilios-de-assistencia-estudantil-da-ufms-permanencia-moradia-alimentacao-e-creche\/\">https:\/\/proaes.ufms.br\/divulgado-a-selecao-de-auxilios-de-assistencia-estudantil-da-ufms-permanencia-moradia-alimentacao-e-creche\/<\/a><\/p>\n<p>Clique <a href=\"https:\/\/cpar.ufms.br\/files\/2022\/03\/EDITAL-de-4-de-marco.pdf\"><strong>AQUI<\/strong><\/a>\u00a0 para fazer o download do edital ou confira abaixo na \u00edntegra:<\/p>\n<a href=\"https:\/\/cpar.ufms.br\/files\/2022\/03\/EDITAL-de-4-de-marco.pdf\" class=\"pdfemb-viewer\" style=\"\" data-width=\"max\" data-height=\"max\" data-toolbar=\"bottom\" data-toolbar-fixed=\"off\">EDITAL de 4 de mar\u00e7o<\/a>\n","protected":false},"excerpt":{"rendered":"<p>Este Edital objetiva conceder aux\u00edlios do Programa Nacional de Assist\u00eancia Estudantil (PNAES), nas modalidades perman\u00eancia, moradia, alimenta\u00e7\u00e3o e creche, a estudantes matriculados em cursos de gradua\u00e7\u00e3o presencial da UFMS, com renda familiar per capita de at\u00e9 um sal\u00e1rio m\u00ednimo e meio vigente, cadastrados no Cad\u00danico do Governo Federal, de acordo com as Normas Regulamentadoras do [&hellip;]<\/p>\n","protected":false},"author":1381,"featured_media":13117,"comment_status":"closed","ping_status":"open","sticky":false,"template":"","format":"standard","meta":{"footnotes":""},"categories":[3,1],"tags":[],"coauthors":[],"class_list":["post-13115","post","type-post","status-publish","format-standard","has-post-thumbnail","hentry","category-fotos-imagens","category-noticias"],"yoast_head":"<!-- This site is optimized with the Yoast SEO plugin v26.2 - https:\/\/yoast.com\/wordpress\/plugins\/seo\/ -->\n<title>SELE\u00c7\u00c3O DE AUX\u00cdLIOS DE ASSIST\u00caNCIA ESTUDANTIL PARA ESTUDANTES DE GRADUA\u00c7\u00c3O DA UFMS: PERMAN\u00caNCIA, MORADIA, ALIMENTA\u00c7\u00c3O E CRECHE - CPAR - Campus de Parana\u00edba<\/title>\n<meta name=\"robots\" content=\"index, follow, max-snippet:-1, max-image-preview:large, max-video-preview:-1\" \/>\n<link rel=\"canonical\" href=\"https:\/\/cpar.ufms.br\/selecao-de-auxilios-de-assistencia-estudantil-para-estudantes-de-graduacao-da-ufms-permanencia-moradia-alimentacao-e-creche\/\" \/>\n<meta property=\"og:locale\" content=\"en_US\" \/>\n<meta property=\"og:type\" content=\"article\" \/>\n<meta property=\"og:title\" content=\"SELE\u00c7\u00c3O DE AUX\u00cdLIOS DE ASSIST\u00caNCIA ESTUDANTIL PARA ESTUDANTES DE GRADUA\u00c7\u00c3O DA UFMS: PERMAN\u00caNCIA, MORADIA, ALIMENTA\u00c7\u00c3O E CRECHE - CPAR - Campus de Parana\u00edba\" \/>\n<meta property=\"og:description\" content=\"Este Edital objetiva conceder aux\u00edlios do Programa Nacional de Assist\u00eancia Estudantil (PNAES), nas modalidades perman\u00eancia, moradia, alimenta\u00e7\u00e3o e creche, a estudantes matriculados em cursos de gradua\u00e7\u00e3o presencial da UFMS, com renda familiar per capita de at\u00e9 um sal\u00e1rio m\u00ednimo e meio vigente, cadastrados no Cad\u00danico do Governo Federal, de acordo com as Normas Regulamentadoras do [&hellip;]\" \/>\n<meta property=\"og:url\" content=\"https:\/\/cpar.ufms.br\/selecao-de-auxilios-de-assistencia-estudantil-para-estudantes-de-graduacao-da-ufms-permanencia-moradia-alimentacao-e-creche\/\" \/>\n<meta property=\"og:site_name\" content=\"CPAR - Campus de Parana\u00edba\" \/>\n<meta property=\"article:published_time\" content=\"2022-03-14T18:17:17+00:00\" \/>\n<meta property=\"article:modified_time\" content=\"2022-03-17T23:54:47+00:00\" \/>\n<meta property=\"og:image\" content=\"https:\/\/cpar.ufms.br\/files\/2022\/03\/Auxilios_An-1.jpg\" \/>\n\t<meta property=\"og:image:width\" content=\"1584\" \/>\n\t<meta property=\"og:image:height\" content=\"508\" \/>\n\t<meta property=\"og:image:type\" content=\"image\/jpeg\" \/>\n<meta name=\"author\" content=\"dirceu.matos\" \/>\n<meta name=\"twitter:label1\" content=\"Written by\" \/>\n\t<meta name=\"twitter:data1\" content=\"dirceu.matos\" \/>\n\t<meta name=\"twitter:label2\" content=\"Est. reading time\" \/>\n\t<meta name=\"twitter:data2\" content=\"1 minute\" \/>\n<script type=\"application\/ld+json\" class=\"yoast-schema-graph\">{\"@context\":\"https:\/\/schema.org\",\"@graph\":[{\"@type\":\"WebPage\",\"@id\":\"https:\/\/cpar.ufms.br\/selecao-de-auxilios-de-assistencia-estudantil-para-estudantes-de-graduacao-da-ufms-permanencia-moradia-alimentacao-e-creche\/\",\"url\":\"https:\/\/cpar.ufms.br\/selecao-de-auxilios-de-assistencia-estudantil-para-estudantes-de-graduacao-da-ufms-permanencia-moradia-alimentacao-e-creche\/\",\"name\":\"SELE\u00c7\u00c3O DE AUX\u00cdLIOS DE ASSIST\u00caNCIA ESTUDANTIL PARA ESTUDANTES DE GRADUA\u00c7\u00c3O DA UFMS: PERMAN\u00caNCIA, MORADIA, ALIMENTA\u00c7\u00c3O E CRECHE - CPAR - Campus de Parana\u00edba\",\"isPartOf\":{\"@id\":\"https:\/\/cpar.ufms.br\/#website\"},\"primaryImageOfPage\":{\"@id\":\"https:\/\/cpar.ufms.br\/selecao-de-auxilios-de-assistencia-estudantil-para-estudantes-de-graduacao-da-ufms-permanencia-moradia-alimentacao-e-creche\/#primaryimage\"},\"image\":{\"@id\":\"https:\/\/cpar.ufms.br\/selecao-de-auxilios-de-assistencia-estudantil-para-estudantes-de-graduacao-da-ufms-permanencia-moradia-alimentacao-e-creche\/#primaryimage\"},\"thumbnailUrl\":\"https:\/\/cpar.ufms.br\/files\/2022\/03\/Auxilios_An-1.jpg\",\"datePublished\":\"2022-03-14T18:17:17+00:00\",\"dateModified\":\"2022-03-17T23:54:47+00:00\",\"author\":{\"@id\":\"https:\/\/cpar.ufms.br\/#\/schema\/person\/6ba8428dbd1474a3e46372f975d5420e\"},\"breadcrumb\":{\"@id\":\"https:\/\/cpar.ufms.br\/selecao-de-auxilios-de-assistencia-estudantil-para-estudantes-de-graduacao-da-ufms-permanencia-moradia-alimentacao-e-creche\/#breadcrumb\"},\"inLanguage\":\"en-US\",\"potentialAction\":[{\"@type\":\"ReadAction\",\"target\":[\"https:\/\/cpar.ufms.br\/selecao-de-auxilios-de-assistencia-estudantil-para-estudantes-de-graduacao-da-ufms-permanencia-moradia-alimentacao-e-creche\/\"]}]},{\"@type\":\"ImageObject\",\"inLanguage\":\"en-US\",\"@id\":\"https:\/\/cpar.ufms.br\/selecao-de-auxilios-de-assistencia-estudantil-para-estudantes-de-graduacao-da-ufms-permanencia-moradia-alimentacao-e-creche\/#primaryimage\",\"url\":\"https:\/\/cpar.ufms.br\/files\/2022\/03\/Auxilios_An-1.jpg\",\"contentUrl\":\"https:\/\/cpar.ufms.br\/files\/2022\/03\/Auxilios_An-1.jpg\",\"width\":1584,\"height\":508},{\"@type\":\"BreadcrumbList\",\"@id\":\"https:\/\/cpar.ufms.br\/selecao-de-auxilios-de-assistencia-estudantil-para-estudantes-de-graduacao-da-ufms-permanencia-moradia-alimentacao-e-creche\/#breadcrumb\",\"itemListElement\":[{\"@type\":\"ListItem\",\"position\":1,\"name\":\"In\u00edcio\",\"item\":\"https:\/\/cpar.ufms.br\/\"},{\"@type\":\"ListItem\",\"position\":2,\"name\":\"SELE\u00c7\u00c3O DE AUX\u00cdLIOS DE ASSIST\u00caNCIA ESTUDANTIL PARA ESTUDANTES DE GRADUA\u00c7\u00c3O DA UFMS: PERMAN\u00caNCIA, MORADIA, ALIMENTA\u00c7\u00c3O E CRECHE\"}]},{\"@type\":\"WebSite\",\"@id\":\"https:\/\/cpar.ufms.br\/#website\",\"url\":\"https:\/\/cpar.ufms.br\/\",\"name\":\"CPAR - Campus de Parana\u00edba\",\"description\":\"Universidade Federal de Mato Grosso do Sul\",\"potentialAction\":[{\"@type\":\"SearchAction\",\"target\":{\"@type\":\"EntryPoint\",\"urlTemplate\":\"https:\/\/cpar.ufms.br\/?s={search_term_string}\"},\"query-input\":{\"@type\":\"PropertyValueSpecification\",\"valueRequired\":true,\"valueName\":\"search_term_string\"}}],\"inLanguage\":\"en-US\"},{\"@type\":\"Person\",\"@id\":\"https:\/\/cpar.ufms.br\/#\/schema\/person\/6ba8428dbd1474a3e46372f975d5420e\",\"name\":\"dirceu.matos\",\"image\":{\"@type\":\"ImageObject\",\"inLanguage\":\"en-US\",\"@id\":\"https:\/\/cpar.ufms.br\/#\/schema\/person\/image\/40bcd39921a8d882b30cba22ce15a965\",\"url\":\"https:\/\/secure.gravatar.com\/avatar\/f54475166fe409b60e2749f604f1f09db29d6d9f20035abd8bb1d2e8b344a0f7?s=96&d=mm&r=g\",\"contentUrl\":\"https:\/\/secure.gravatar.com\/avatar\/f54475166fe409b60e2749f604f1f09db29d6d9f20035abd8bb1d2e8b344a0f7?s=96&d=mm&r=g\",\"caption\":\"dirceu.matos\"},\"url\":\"https:\/\/cpar.ufms.br\/en\/author\/dirceu-matos\/\"}]}<\/script>\n<!-- \/ Yoast SEO plugin. -->","yoast_head_json":{"title":"SELE\u00c7\u00c3O DE AUX\u00cdLIOS DE ASSIST\u00caNCIA ESTUDANTIL PARA ESTUDANTES DE GRADUA\u00c7\u00c3O DA UFMS: PERMAN\u00caNCIA, MORADIA, ALIMENTA\u00c7\u00c3O E CRECHE - CPAR - Campus de Parana\u00edba","robots":{"index":"index","follow":"follow","max-snippet":"max-snippet:-1","max-image-preview":"max-image-preview:large","max-video-preview":"max-video-preview:-1"},"canonical":"https:\/\/cpar.ufms.br\/selecao-de-auxilios-de-assistencia-estudantil-para-estudantes-de-graduacao-da-ufms-permanencia-moradia-alimentacao-e-creche\/","og_locale":"en_US","og_type":"article","og_title":"SELE\u00c7\u00c3O DE AUX\u00cdLIOS DE ASSIST\u00caNCIA ESTUDANTIL PARA ESTUDANTES DE GRADUA\u00c7\u00c3O DA UFMS: PERMAN\u00caNCIA, MORADIA, ALIMENTA\u00c7\u00c3O E CRECHE - CPAR - Campus de Parana\u00edba","og_description":"Este Edital objetiva conceder aux\u00edlios do Programa Nacional de Assist\u00eancia Estudantil (PNAES), nas modalidades perman\u00eancia, moradia, alimenta\u00e7\u00e3o e creche, a estudantes matriculados em cursos de gradua\u00e7\u00e3o presencial da UFMS, com renda familiar per capita de at\u00e9 um sal\u00e1rio m\u00ednimo e meio vigente, cadastrados no Cad\u00danico do Governo Federal, de acordo com as Normas Regulamentadoras do [&hellip;]","og_url":"https:\/\/cpar.ufms.br\/selecao-de-auxilios-de-assistencia-estudantil-para-estudantes-de-graduacao-da-ufms-permanencia-moradia-alimentacao-e-creche\/","og_site_name":"CPAR - Campus de Parana\u00edba","article_published_time":"2022-03-14T18:17:17+00:00","article_modified_time":"2022-03-17T23:54:47+00:00","og_image":[{"width":1584,"height":508,"url":"https:\/\/cpar.ufms.br\/files\/2022\/03\/Auxilios_An-1.jpg","type":"image\/jpeg"}],"author":"dirceu.matos","twitter_misc":{"Written by":"dirceu.matos","Est. reading time":"1 minute"},"schema":{"@context":"https:\/\/schema.org","@graph":[{"@type":"WebPage","@id":"https:\/\/cpar.ufms.br\/selecao-de-auxilios-de-assistencia-estudantil-para-estudantes-de-graduacao-da-ufms-permanencia-moradia-alimentacao-e-creche\/","url":"https:\/\/cpar.ufms.br\/selecao-de-auxilios-de-assistencia-estudantil-para-estudantes-de-graduacao-da-ufms-permanencia-moradia-alimentacao-e-creche\/","name":"SELE\u00c7\u00c3O DE AUX\u00cdLIOS DE ASSIST\u00caNCIA ESTUDANTIL PARA ESTUDANTES DE GRADUA\u00c7\u00c3O DA UFMS: PERMAN\u00caNCIA, MORADIA, ALIMENTA\u00c7\u00c3O E CRECHE - CPAR - Campus de Parana\u00edba","isPartOf":{"@id":"https:\/\/cpar.ufms.br\/#website"},"primaryImageOfPage":{"@id":"https:\/\/cpar.ufms.br\/selecao-de-auxilios-de-assistencia-estudantil-para-estudantes-de-graduacao-da-ufms-permanencia-moradia-alimentacao-e-creche\/#primaryimage"},"image":{"@id":"https:\/\/cpar.ufms.br\/selecao-de-auxilios-de-assistencia-estudantil-para-estudantes-de-graduacao-da-ufms-permanencia-moradia-alimentacao-e-creche\/#primaryimage"},"thumbnailUrl":"https:\/\/cpar.ufms.br\/files\/2022\/03\/Auxilios_An-1.jpg","datePublished":"2022-03-14T18:17:17+00:00","dateModified":"2022-03-17T23:54:47+00:00","author":{"@id":"https:\/\/cpar.ufms.br\/#\/schema\/person\/6ba8428dbd1474a3e46372f975d5420e"},"breadcrumb":{"@id":"https:\/\/cpar.ufms.br\/selecao-de-auxilios-de-assistencia-estudantil-para-estudantes-de-graduacao-da-ufms-permanencia-moradia-alimentacao-e-creche\/#breadcrumb"},"inLanguage":"en-US","potentialAction":[{"@type":"ReadAction","target":["https:\/\/cpar.ufms.br\/selecao-de-auxilios-de-assistencia-estudantil-para-estudantes-de-graduacao-da-ufms-permanencia-moradia-alimentacao-e-creche\/"]}]},{"@type":"ImageObject","inLanguage":"en-US","@id":"https:\/\/cpar.ufms.br\/selecao-de-auxilios-de-assistencia-estudantil-para-estudantes-de-graduacao-da-ufms-permanencia-moradia-alimentacao-e-creche\/#primaryimage","url":"https:\/\/cpar.ufms.br\/files\/2022\/03\/Auxilios_An-1.jpg","contentUrl":"https:\/\/cpar.ufms.br\/files\/2022\/03\/Auxilios_An-1.jpg","width":1584,"height":508},{"@type":"BreadcrumbList","@id":"https:\/\/cpar.ufms.br\/selecao-de-auxilios-de-assistencia-estudantil-para-estudantes-de-graduacao-da-ufms-permanencia-moradia-alimentacao-e-creche\/#breadcrumb","itemListElement":[{"@type":"ListItem","position":1,"name":"In\u00edcio","item":"https:\/\/cpar.ufms.br\/"},{"@type":"ListItem","position":2,"name":"SELE\u00c7\u00c3O DE AUX\u00cdLIOS DE ASSIST\u00caNCIA ESTUDANTIL PARA ESTUDANTES DE GRADUA\u00c7\u00c3O DA UFMS: PERMAN\u00caNCIA, MORADIA, ALIMENTA\u00c7\u00c3O E CRECHE"}]},{"@type":"WebSite","@id":"https:\/\/cpar.ufms.br\/#website","url":"https:\/\/cpar.ufms.br\/","name":"CPAR - Campus de Parana\u00edba","description":"Universidade Federal de Mato Grosso do Sul","potentialAction":[{"@type":"SearchAction","target":{"@type":"EntryPoint","urlTemplate":"https:\/\/cpar.ufms.br\/?s={search_term_string}"},"query-input":{"@type":"PropertyValueSpecification","valueRequired":true,"valueName":"search_term_string"}}],"inLanguage":"en-US"},{"@type":"Person","@id":"https:\/\/cpar.ufms.br\/#\/schema\/person\/6ba8428dbd1474a3e46372f975d5420e","name":"dirceu.matos","image":{"@type":"ImageObject","inLanguage":"en-US","@id":"https:\/\/cpar.ufms.br\/#\/schema\/person\/image\/40bcd39921a8d882b30cba22ce15a965","url":"https:\/\/secure.gravatar.com\/avatar\/f54475166fe409b60e2749f604f1f09db29d6d9f20035abd8bb1d2e8b344a0f7?s=96&d=mm&r=g","contentUrl":"https:\/\/secure.gravatar.com\/avatar\/f54475166fe409b60e2749f604f1f09db29d6d9f20035abd8bb1d2e8b344a0f7?s=96&d=mm&r=g","caption":"dirceu.matos"},"url":"https:\/\/cpar.ufms.br\/en\/author\/dirceu-matos\/"}]}},"_links":{"self":[{"href":"https:\/\/cpar.ufms.br\/en\/wp-json\/wp\/v2\/posts\/13115","targetHints":{"allow":["GET"]}}],"collection":[{"href":"https:\/\/cpar.ufms.br\/en\/wp-json\/wp\/v2\/posts"}],"about":[{"href":"https:\/\/cpar.ufms.br\/en\/wp-json\/wp\/v2\/types\/post"}],"author":[{"embeddable":true,"href":"https:\/\/cpar.ufms.br\/en\/wp-json\/wp\/v2\/users\/1381"}],"replies":[{"embeddable":true,"href":"https:\/\/cpar.ufms.br\/en\/wp-json\/wp\/v2\/comments?post=13115"}],"version-history":[{"count":4,"href":"https:\/\/cpar.ufms.br\/en\/wp-json\/wp\/v2\/posts\/13115\/revisions"}],"predecessor-version":[{"id":13154,"href":"https:\/\/cpar.ufms.br\/en\/wp-json\/wp\/v2\/posts\/13115\/revisions\/13154"}],"wp:featuredmedia":[{"embeddable":true,"href":"https:\/\/cpar.ufms.br\/en\/wp-json\/wp\/v2\/media\/13117"}],"wp:attachment":[{"href":"https:\/\/cpar.ufms.br\/en\/wp-json\/wp\/v2\/media?parent=13115"}],"wp:term":[{"taxonomy":"category","embeddable":true,"href":"https:\/\/cpar.ufms.br\/en\/wp-json\/wp\/v2\/categories?post=13115"},{"taxonomy":"post_tag","embeddable":true,"href":"https:\/\/cpar.ufms.br\/en\/wp-json\/wp\/v2\/tags?post=13115"},{"taxonomy":"author","embeddable":true,"href":"https:\/\/cpar.ufms.br\/en\/wp-json\/wp\/v2\/coauthors?post=13115"}],"curies":[{"name":"wp","href":"https:\/\/api.w.org\/{rel}","templated":true}]}}