{"id":13226,"date":"2022-04-05T14:06:20","date_gmt":"2022-04-05T18:06:20","guid":{"rendered":"https:\/\/cpar.ufms.br\/?p=13226"},"modified":"2022-04-05T14:09:26","modified_gmt":"2022-04-05T18:09:26","slug":"homologacao-das-inscricoes-representante-discente","status":"publish","type":"post","link":"https:\/\/cpar.ufms.br\/en\/homologacao-das-inscricoes-representante-discente\/","title":{"rendered":"Homologa\u00e7\u00e3o das Inscri\u00e7\u00f5es do rocesso de Consulta P\u00fablica para Subsidiar a Escolha dos Membros Representantes Discentes dos Colegiados de Curso dos Cursos de Gradua\u00e7\u00e3o do CPAR"},"content":{"rendered":"<a href=\"https:\/\/cpar.ufms.br\/files\/2022\/04\/SEI_UFMS-3188565-Edital18-1.pdf\" class=\"pdfemb-viewer\" style=\"\" data-width=\"max\" data-height=\"max\" data-toolbar=\"bottom\" data-toolbar-fixed=\"off\">SEI_UFMS - 3188565 - Edital18 (1)<\/a>\n","protected":false},"excerpt":{"rendered":"","protected":false},"author":1381,"featured_media":13178,"comment_status":"closed","ping_status":"open","sticky":false,"template":"","format":"standard","meta":{"footnotes":""},"categories":[3,1],"tags":[],"coauthors":[],"class_list":["post-13226","post","type-post","status-publish","format-standard","has-post-thumbnail","hentry","category-fotos-imagens","category-noticias"],"yoast_head":"<!-- This site is optimized with the Yoast SEO plugin v26.2 - https:\/\/yoast.com\/wordpress\/plugins\/seo\/ -->\n<title>Homologa\u00e7\u00e3o das Inscri\u00e7\u00f5es do rocesso de Consulta P\u00fablica para Subsidiar a Escolha dos Membros Representantes Discentes dos Colegiados de Curso dos Cursos de Gradua\u00e7\u00e3o do CPAR - CPAR - Campus de Parana\u00edba<\/title>\n<meta name=\"robots\" content=\"index, follow, max-snippet:-1, max-image-preview:large, max-video-preview:-1\" \/>\n<link rel=\"canonical\" href=\"https:\/\/cpar.ufms.br\/homologacao-das-inscricoes-representante-discente\/\" \/>\n<meta property=\"og:locale\" content=\"en_US\" \/>\n<meta property=\"og:type\" content=\"article\" \/>\n<meta property=\"og:title\" content=\"Homologa\u00e7\u00e3o das Inscri\u00e7\u00f5es do rocesso de Consulta P\u00fablica para Subsidiar a Escolha dos Membros Representantes Discentes dos Colegiados de Curso dos Cursos de Gradua\u00e7\u00e3o do CPAR - CPAR - Campus de Parana\u00edba\" \/>\n<meta property=\"og:url\" content=\"https:\/\/cpar.ufms.br\/homologacao-das-inscricoes-representante-discente\/\" \/>\n<meta property=\"og:site_name\" content=\"CPAR - Campus de Parana\u00edba\" \/>\n<meta property=\"article:published_time\" content=\"2022-04-05T18:06:20+00:00\" \/>\n<meta property=\"article:modified_time\" content=\"2022-04-05T18:09:26+00:00\" \/>\n<meta property=\"og:image\" content=\"https:\/\/cpar.ufms.br\/files\/2022\/03\/consulta-publica.jpg\" \/>\n\t<meta property=\"og:image:width\" content=\"1024\" \/>\n\t<meta property=\"og:image:height\" content=\"448\" \/>\n\t<meta property=\"og:image:type\" content=\"image\/jpeg\" \/>\n<meta name=\"author\" content=\"dirceu.matos\" \/>\n<meta name=\"twitter:label1\" content=\"Written by\" \/>\n\t<meta name=\"twitter:data1\" content=\"dirceu.matos\" \/>\n\t<meta name=\"twitter:label2\" content=\"Est. reading time\" \/>\n\t<meta name=\"twitter:data2\" content=\"1 minute\" \/>\n<script type=\"application\/ld+json\" class=\"yoast-schema-graph\">{\"@context\":\"https:\/\/schema.org\",\"@graph\":[{\"@type\":\"WebPage\",\"@id\":\"https:\/\/cpar.ufms.br\/homologacao-das-inscricoes-representante-discente\/\",\"url\":\"https:\/\/cpar.ufms.br\/homologacao-das-inscricoes-representante-discente\/\",\"name\":\"Homologa\u00e7\u00e3o das Inscri\u00e7\u00f5es do rocesso de Consulta P\u00fablica para Subsidiar a Escolha dos Membros Representantes Discentes dos Colegiados de Curso dos Cursos de Gradua\u00e7\u00e3o do CPAR - CPAR - Campus de Parana\u00edba\",\"isPartOf\":{\"@id\":\"https:\/\/cpar.ufms.br\/#website\"},\"primaryImageOfPage\":{\"@id\":\"https:\/\/cpar.ufms.br\/homologacao-das-inscricoes-representante-discente\/#primaryimage\"},\"image\":{\"@id\":\"https:\/\/cpar.ufms.br\/homologacao-das-inscricoes-representante-discente\/#primaryimage\"},\"thumbnailUrl\":\"https:\/\/cpar.ufms.br\/files\/2022\/03\/consulta-publica.jpg\",\"datePublished\":\"2022-04-05T18:06:20+00:00\",\"dateModified\":\"2022-04-05T18:09:26+00:00\",\"author\":{\"@id\":\"https:\/\/cpar.ufms.br\/#\/schema\/person\/6ba8428dbd1474a3e46372f975d5420e\"},\"breadcrumb\":{\"@id\":\"https:\/\/cpar.ufms.br\/homologacao-das-inscricoes-representante-discente\/#breadcrumb\"},\"inLanguage\":\"en-US\",\"potentialAction\":[{\"@type\":\"ReadAction\",\"target\":[\"https:\/\/cpar.ufms.br\/homologacao-das-inscricoes-representante-discente\/\"]}]},{\"@type\":\"ImageObject\",\"inLanguage\":\"en-US\",\"@id\":\"https:\/\/cpar.ufms.br\/homologacao-das-inscricoes-representante-discente\/#primaryimage\",\"url\":\"https:\/\/cpar.ufms.br\/files\/2022\/03\/consulta-publica.jpg\",\"contentUrl\":\"https:\/\/cpar.ufms.br\/files\/2022\/03\/consulta-publica.jpg\",\"width\":1024,\"height\":448},{\"@type\":\"BreadcrumbList\",\"@id\":\"https:\/\/cpar.ufms.br\/homologacao-das-inscricoes-representante-discente\/#breadcrumb\",\"itemListElement\":[{\"@type\":\"ListItem\",\"position\":1,\"name\":\"In\u00edcio\",\"item\":\"https:\/\/cpar.ufms.br\/\"},{\"@type\":\"ListItem\",\"position\":2,\"name\":\"Homologa\u00e7\u00e3o das Inscri\u00e7\u00f5es do rocesso de Consulta P\u00fablica para Subsidiar a Escolha dos Membros Representantes Discentes dos Colegiados de Curso dos Cursos de Gradua\u00e7\u00e3o do CPAR\"}]},{\"@type\":\"WebSite\",\"@id\":\"https:\/\/cpar.ufms.br\/#website\",\"url\":\"https:\/\/cpar.ufms.br\/\",\"name\":\"CPAR - Campus de Parana\u00edba\",\"description\":\"Universidade Federal de Mato Grosso do Sul\",\"potentialAction\":[{\"@type\":\"SearchAction\",\"target\":{\"@type\":\"EntryPoint\",\"urlTemplate\":\"https:\/\/cpar.ufms.br\/?s={search_term_string}\"},\"query-input\":{\"@type\":\"PropertyValueSpecification\",\"valueRequired\":true,\"valueName\":\"search_term_string\"}}],\"inLanguage\":\"en-US\"},{\"@type\":\"Person\",\"@id\":\"https:\/\/cpar.ufms.br\/#\/schema\/person\/6ba8428dbd1474a3e46372f975d5420e\",\"name\":\"dirceu.matos\",\"image\":{\"@type\":\"ImageObject\",\"inLanguage\":\"en-US\",\"@id\":\"https:\/\/cpar.ufms.br\/#\/schema\/person\/image\/40bcd39921a8d882b30cba22ce15a965\",\"url\":\"https:\/\/secure.gravatar.com\/avatar\/f54475166fe409b60e2749f604f1f09db29d6d9f20035abd8bb1d2e8b344a0f7?s=96&d=mm&r=g\",\"contentUrl\":\"https:\/\/secure.gravatar.com\/avatar\/f54475166fe409b60e2749f604f1f09db29d6d9f20035abd8bb1d2e8b344a0f7?s=96&d=mm&r=g\",\"caption\":\"dirceu.matos\"},\"url\":\"https:\/\/cpar.ufms.br\/en\/author\/dirceu-matos\/\"}]}<\/script>\n<!-- \/ Yoast SEO plugin. -->","yoast_head_json":{"title":"Homologa\u00e7\u00e3o das Inscri\u00e7\u00f5es do rocesso de Consulta P\u00fablica para Subsidiar a Escolha dos Membros Representantes Discentes dos Colegiados de Curso dos Cursos de Gradua\u00e7\u00e3o do CPAR - CPAR - Campus de Parana\u00edba","robots":{"index":"index","follow":"follow","max-snippet":"max-snippet:-1","max-image-preview":"max-image-preview:large","max-video-preview":"max-video-preview:-1"},"canonical":"https:\/\/cpar.ufms.br\/homologacao-das-inscricoes-representante-discente\/","og_locale":"en_US","og_type":"article","og_title":"Homologa\u00e7\u00e3o das Inscri\u00e7\u00f5es do rocesso de Consulta P\u00fablica para Subsidiar a Escolha dos Membros Representantes Discentes dos Colegiados de Curso dos Cursos de Gradua\u00e7\u00e3o do CPAR - CPAR - Campus de Parana\u00edba","og_url":"https:\/\/cpar.ufms.br\/homologacao-das-inscricoes-representante-discente\/","og_site_name":"CPAR - Campus de Parana\u00edba","article_published_time":"2022-04-05T18:06:20+00:00","article_modified_time":"2022-04-05T18:09:26+00:00","og_image":[{"width":1024,"height":448,"url":"https:\/\/cpar.ufms.br\/files\/2022\/03\/consulta-publica.jpg","type":"image\/jpeg"}],"author":"dirceu.matos","twitter_misc":{"Written by":"dirceu.matos","Est. reading time":"1 minute"},"schema":{"@context":"https:\/\/schema.org","@graph":[{"@type":"WebPage","@id":"https:\/\/cpar.ufms.br\/homologacao-das-inscricoes-representante-discente\/","url":"https:\/\/cpar.ufms.br\/homologacao-das-inscricoes-representante-discente\/","name":"Homologa\u00e7\u00e3o das Inscri\u00e7\u00f5es do rocesso de Consulta P\u00fablica para Subsidiar a Escolha dos Membros Representantes Discentes dos Colegiados de Curso dos Cursos de Gradua\u00e7\u00e3o do CPAR - CPAR - Campus de Parana\u00edba","isPartOf":{"@id":"https:\/\/cpar.ufms.br\/#website"},"primaryImageOfPage":{"@id":"https:\/\/cpar.ufms.br\/homologacao-das-inscricoes-representante-discente\/#primaryimage"},"image":{"@id":"https:\/\/cpar.ufms.br\/homologacao-das-inscricoes-representante-discente\/#primaryimage"},"thumbnailUrl":"https:\/\/cpar.ufms.br\/files\/2022\/03\/consulta-publica.jpg","datePublished":"2022-04-05T18:06:20+00:00","dateModified":"2022-04-05T18:09:26+00:00","author":{"@id":"https:\/\/cpar.ufms.br\/#\/schema\/person\/6ba8428dbd1474a3e46372f975d5420e"},"breadcrumb":{"@id":"https:\/\/cpar.ufms.br\/homologacao-das-inscricoes-representante-discente\/#breadcrumb"},"inLanguage":"en-US","potentialAction":[{"@type":"ReadAction","target":["https:\/\/cpar.ufms.br\/homologacao-das-inscricoes-representante-discente\/"]}]},{"@type":"ImageObject","inLanguage":"en-US","@id":"https:\/\/cpar.ufms.br\/homologacao-das-inscricoes-representante-discente\/#primaryimage","url":"https:\/\/cpar.ufms.br\/files\/2022\/03\/consulta-publica.jpg","contentUrl":"https:\/\/cpar.ufms.br\/files\/2022\/03\/consulta-publica.jpg","width":1024,"height":448},{"@type":"BreadcrumbList","@id":"https:\/\/cpar.ufms.br\/homologacao-das-inscricoes-representante-discente\/#breadcrumb","itemListElement":[{"@type":"ListItem","position":1,"name":"In\u00edcio","item":"https:\/\/cpar.ufms.br\/"},{"@type":"ListItem","position":2,"name":"Homologa\u00e7\u00e3o das Inscri\u00e7\u00f5es do rocesso de Consulta P\u00fablica para Subsidiar a Escolha dos Membros Representantes Discentes dos Colegiados de Curso dos Cursos de Gradua\u00e7\u00e3o do CPAR"}]},{"@type":"WebSite","@id":"https:\/\/cpar.ufms.br\/#website","url":"https:\/\/cpar.ufms.br\/","name":"CPAR - Campus de Parana\u00edba","description":"Universidade Federal de Mato Grosso do Sul","potentialAction":[{"@type":"SearchAction","target":{"@type":"EntryPoint","urlTemplate":"https:\/\/cpar.ufms.br\/?s={search_term_string}"},"query-input":{"@type":"PropertyValueSpecification","valueRequired":true,"valueName":"search_term_string"}}],"inLanguage":"en-US"},{"@type":"Person","@id":"https:\/\/cpar.ufms.br\/#\/schema\/person\/6ba8428dbd1474a3e46372f975d5420e","name":"dirceu.matos","image":{"@type":"ImageObject","inLanguage":"en-US","@id":"https:\/\/cpar.ufms.br\/#\/schema\/person\/image\/40bcd39921a8d882b30cba22ce15a965","url":"https:\/\/secure.gravatar.com\/avatar\/f54475166fe409b60e2749f604f1f09db29d6d9f20035abd8bb1d2e8b344a0f7?s=96&d=mm&r=g","contentUrl":"https:\/\/secure.gravatar.com\/avatar\/f54475166fe409b60e2749f604f1f09db29d6d9f20035abd8bb1d2e8b344a0f7?s=96&d=mm&r=g","caption":"dirceu.matos"},"url":"https:\/\/cpar.ufms.br\/en\/author\/dirceu-matos\/"}]}},"_links":{"self":[{"href":"https:\/\/cpar.ufms.br\/en\/wp-json\/wp\/v2\/posts\/13226","targetHints":{"allow":["GET"]}}],"collection":[{"href":"https:\/\/cpar.ufms.br\/en\/wp-json\/wp\/v2\/posts"}],"about":[{"href":"https:\/\/cpar.ufms.br\/en\/wp-json\/wp\/v2\/types\/post"}],"author":[{"embeddable":true,"href":"https:\/\/cpar.ufms.br\/en\/wp-json\/wp\/v2\/users\/1381"}],"replies":[{"embeddable":true,"href":"https:\/\/cpar.ufms.br\/en\/wp-json\/wp\/v2\/comments?post=13226"}],"version-history":[{"count":1,"href":"https:\/\/cpar.ufms.br\/en\/wp-json\/wp\/v2\/posts\/13226\/revisions"}],"predecessor-version":[{"id":13228,"href":"https:\/\/cpar.ufms.br\/en\/wp-json\/wp\/v2\/posts\/13226\/revisions\/13228"}],"wp:featuredmedia":[{"embeddable":true,"href":"https:\/\/cpar.ufms.br\/en\/wp-json\/wp\/v2\/media\/13178"}],"wp:attachment":[{"href":"https:\/\/cpar.ufms.br\/en\/wp-json\/wp\/v2\/media?parent=13226"}],"wp:term":[{"taxonomy":"category","embeddable":true,"href":"https:\/\/cpar.ufms.br\/en\/wp-json\/wp\/v2\/categories?post=13226"},{"taxonomy":"post_tag","embeddable":true,"href":"https:\/\/cpar.ufms.br\/en\/wp-json\/wp\/v2\/tags?post=13226"},{"taxonomy":"author","embeddable":true,"href":"https:\/\/cpar.ufms.br\/en\/wp-json\/wp\/v2\/coauthors?post=13226"}],"curies":[{"name":"wp","href":"https:\/\/api.w.org\/{rel}","templated":true}]}}