{"id":14995,"date":"2023-05-29T21:27:18","date_gmt":"2023-05-30T01:27:18","guid":{"rendered":"https:\/\/cpar.ufms.br\/?p=14995"},"modified":"2023-05-29T21:28:10","modified_gmt":"2023-05-30T01:28:10","slug":"selecao-para-concessao-de-auxilio-emergencial-a-estudantes-dos-cursos-de-graduacao-presencial-para-acao-do-programa-de-assistencia-estudantil-da-ufms-auxilio-emergencial-2023","status":"publish","type":"post","link":"https:\/\/cpar.ufms.br\/en\/selecao-para-concessao-de-auxilio-emergencial-a-estudantes-dos-cursos-de-graduacao-presencial-para-acao-do-programa-de-assistencia-estudantil-da-ufms-auxilio-emergencial-2023\/","title":{"rendered":"SELE\u00c7\u00c3O PARA CONCESS\u00c3O DE AUX\u00cdLIO EMERGENCIAL A ESTUDANTES DE GRADUA\u00c7\u00c3O PRESENCIAL UFMS"},"content":{"rendered":"<p><a href=\"https:\/\/cpar.ufms.br\/files\/2023\/05\/Ed.-61-2023-Aux-Emerg-1.pdf\">Fa\u00e7a download do Edital Aqui<\/a><\/p>\n<a href=\"https:\/\/cpar.ufms.br\/files\/2023\/05\/Ed.-61-2023-Aux-Emerg-1.pdf\" class=\"pdfemb-viewer\" style=\"\" data-width=\"max\" data-height=\"max\" data-toolbar=\"bottom\" data-toolbar-fixed=\"off\">Ed. 61-2023 - Aux Emerg<\/a>\n","protected":false},"excerpt":{"rendered":"<p>Fa\u00e7a download do Edital Aqui<\/p>\n","protected":false},"author":1381,"featured_media":14997,"comment_status":"closed","ping_status":"open","sticky":false,"template":"","format":"standard","meta":{"footnotes":""},"categories":[3,1],"tags":[],"coauthors":[],"class_list":["post-14995","post","type-post","status-publish","format-standard","has-post-thumbnail","hentry","category-fotos-imagens","category-noticias"],"yoast_head":"<!-- This site is optimized with the Yoast SEO plugin v26.2 - https:\/\/yoast.com\/wordpress\/plugins\/seo\/ -->\n<title>SELE\u00c7\u00c3O PARA CONCESS\u00c3O DE AUX\u00cdLIO EMERGENCIAL A ESTUDANTES DE GRADUA\u00c7\u00c3O PRESENCIAL UFMS - CPAR - Campus de Parana\u00edba<\/title>\n<meta name=\"robots\" content=\"index, follow, max-snippet:-1, max-image-preview:large, max-video-preview:-1\" \/>\n<link rel=\"canonical\" href=\"https:\/\/cpar.ufms.br\/selecao-para-concessao-de-auxilio-emergencial-a-estudantes-dos-cursos-de-graduacao-presencial-para-acao-do-programa-de-assistencia-estudantil-da-ufms-auxilio-emergencial-2023\/\" \/>\n<meta property=\"og:locale\" content=\"en_US\" \/>\n<meta property=\"og:type\" content=\"article\" \/>\n<meta property=\"og:title\" content=\"SELE\u00c7\u00c3O PARA CONCESS\u00c3O DE AUX\u00cdLIO EMERGENCIAL A ESTUDANTES DE GRADUA\u00c7\u00c3O PRESENCIAL UFMS - CPAR - Campus de Parana\u00edba\" \/>\n<meta property=\"og:description\" content=\"Fa\u00e7a download do Edital Aqui\" \/>\n<meta property=\"og:url\" content=\"https:\/\/cpar.ufms.br\/selecao-para-concessao-de-auxilio-emergencial-a-estudantes-dos-cursos-de-graduacao-presencial-para-acao-do-programa-de-assistencia-estudantil-da-ufms-auxilio-emergencial-2023\/\" \/>\n<meta property=\"og:site_name\" content=\"CPAR - Campus de Parana\u00edba\" \/>\n<meta property=\"article:published_time\" content=\"2023-05-30T01:27:18+00:00\" \/>\n<meta property=\"article:modified_time\" content=\"2023-05-30T01:28:10+00:00\" \/>\n<meta property=\"og:image\" content=\"https:\/\/cpar.ufms.br\/files\/2023\/05\/Destacao02.png\" \/>\n\t<meta property=\"og:image:width\" content=\"1584\" \/>\n\t<meta property=\"og:image:height\" content=\"508\" \/>\n\t<meta property=\"og:image:type\" content=\"image\/png\" \/>\n<meta name=\"author\" content=\"dirceu.matos\" \/>\n<meta name=\"twitter:label1\" content=\"Written by\" \/>\n\t<meta name=\"twitter:data1\" content=\"dirceu.matos\" \/>\n\t<meta name=\"twitter:label2\" content=\"Est. reading time\" \/>\n\t<meta name=\"twitter:data2\" content=\"1 minute\" \/>\n<script type=\"application\/ld+json\" class=\"yoast-schema-graph\">{\"@context\":\"https:\/\/schema.org\",\"@graph\":[{\"@type\":\"WebPage\",\"@id\":\"https:\/\/cpar.ufms.br\/selecao-para-concessao-de-auxilio-emergencial-a-estudantes-dos-cursos-de-graduacao-presencial-para-acao-do-programa-de-assistencia-estudantil-da-ufms-auxilio-emergencial-2023\/\",\"url\":\"https:\/\/cpar.ufms.br\/selecao-para-concessao-de-auxilio-emergencial-a-estudantes-dos-cursos-de-graduacao-presencial-para-acao-do-programa-de-assistencia-estudantil-da-ufms-auxilio-emergencial-2023\/\",\"name\":\"SELE\u00c7\u00c3O PARA CONCESS\u00c3O DE AUX\u00cdLIO EMERGENCIAL A ESTUDANTES DE GRADUA\u00c7\u00c3O PRESENCIAL UFMS - CPAR - Campus de Parana\u00edba\",\"isPartOf\":{\"@id\":\"https:\/\/cpar.ufms.br\/#website\"},\"primaryImageOfPage\":{\"@id\":\"https:\/\/cpar.ufms.br\/selecao-para-concessao-de-auxilio-emergencial-a-estudantes-dos-cursos-de-graduacao-presencial-para-acao-do-programa-de-assistencia-estudantil-da-ufms-auxilio-emergencial-2023\/#primaryimage\"},\"image\":{\"@id\":\"https:\/\/cpar.ufms.br\/selecao-para-concessao-de-auxilio-emergencial-a-estudantes-dos-cursos-de-graduacao-presencial-para-acao-do-programa-de-assistencia-estudantil-da-ufms-auxilio-emergencial-2023\/#primaryimage\"},\"thumbnailUrl\":\"https:\/\/cpar.ufms.br\/files\/2023\/05\/Destacao02.png\",\"datePublished\":\"2023-05-30T01:27:18+00:00\",\"dateModified\":\"2023-05-30T01:28:10+00:00\",\"author\":{\"@id\":\"https:\/\/cpar.ufms.br\/#\/schema\/person\/6ba8428dbd1474a3e46372f975d5420e\"},\"breadcrumb\":{\"@id\":\"https:\/\/cpar.ufms.br\/selecao-para-concessao-de-auxilio-emergencial-a-estudantes-dos-cursos-de-graduacao-presencial-para-acao-do-programa-de-assistencia-estudantil-da-ufms-auxilio-emergencial-2023\/#breadcrumb\"},\"inLanguage\":\"en-US\",\"potentialAction\":[{\"@type\":\"ReadAction\",\"target\":[\"https:\/\/cpar.ufms.br\/selecao-para-concessao-de-auxilio-emergencial-a-estudantes-dos-cursos-de-graduacao-presencial-para-acao-do-programa-de-assistencia-estudantil-da-ufms-auxilio-emergencial-2023\/\"]}]},{\"@type\":\"ImageObject\",\"inLanguage\":\"en-US\",\"@id\":\"https:\/\/cpar.ufms.br\/selecao-para-concessao-de-auxilio-emergencial-a-estudantes-dos-cursos-de-graduacao-presencial-para-acao-do-programa-de-assistencia-estudantil-da-ufms-auxilio-emergencial-2023\/#primaryimage\",\"url\":\"https:\/\/cpar.ufms.br\/files\/2023\/05\/Destacao02.png\",\"contentUrl\":\"https:\/\/cpar.ufms.br\/files\/2023\/05\/Destacao02.png\",\"width\":1584,\"height\":508},{\"@type\":\"BreadcrumbList\",\"@id\":\"https:\/\/cpar.ufms.br\/selecao-para-concessao-de-auxilio-emergencial-a-estudantes-dos-cursos-de-graduacao-presencial-para-acao-do-programa-de-assistencia-estudantil-da-ufms-auxilio-emergencial-2023\/#breadcrumb\",\"itemListElement\":[{\"@type\":\"ListItem\",\"position\":1,\"name\":\"In\u00edcio\",\"item\":\"https:\/\/cpar.ufms.br\/\"},{\"@type\":\"ListItem\",\"position\":2,\"name\":\"SELE\u00c7\u00c3O PARA CONCESS\u00c3O DE AUX\u00cdLIO EMERGENCIAL A ESTUDANTES DE GRADUA\u00c7\u00c3O PRESENCIAL UFMS\"}]},{\"@type\":\"WebSite\",\"@id\":\"https:\/\/cpar.ufms.br\/#website\",\"url\":\"https:\/\/cpar.ufms.br\/\",\"name\":\"CPAR - Campus de Parana\u00edba\",\"description\":\"Universidade Federal de Mato Grosso do Sul\",\"potentialAction\":[{\"@type\":\"SearchAction\",\"target\":{\"@type\":\"EntryPoint\",\"urlTemplate\":\"https:\/\/cpar.ufms.br\/?s={search_term_string}\"},\"query-input\":{\"@type\":\"PropertyValueSpecification\",\"valueRequired\":true,\"valueName\":\"search_term_string\"}}],\"inLanguage\":\"en-US\"},{\"@type\":\"Person\",\"@id\":\"https:\/\/cpar.ufms.br\/#\/schema\/person\/6ba8428dbd1474a3e46372f975d5420e\",\"name\":\"dirceu.matos\",\"image\":{\"@type\":\"ImageObject\",\"inLanguage\":\"en-US\",\"@id\":\"https:\/\/cpar.ufms.br\/#\/schema\/person\/image\/40bcd39921a8d882b30cba22ce15a965\",\"url\":\"https:\/\/secure.gravatar.com\/avatar\/f54475166fe409b60e2749f604f1f09db29d6d9f20035abd8bb1d2e8b344a0f7?s=96&d=mm&r=g\",\"contentUrl\":\"https:\/\/secure.gravatar.com\/avatar\/f54475166fe409b60e2749f604f1f09db29d6d9f20035abd8bb1d2e8b344a0f7?s=96&d=mm&r=g\",\"caption\":\"dirceu.matos\"},\"url\":\"https:\/\/cpar.ufms.br\/en\/author\/dirceu-matos\/\"}]}<\/script>\n<!-- \/ Yoast SEO plugin. -->","yoast_head_json":{"title":"SELE\u00c7\u00c3O PARA CONCESS\u00c3O DE AUX\u00cdLIO EMERGENCIAL A ESTUDANTES DE GRADUA\u00c7\u00c3O PRESENCIAL UFMS - CPAR - Campus de Parana\u00edba","robots":{"index":"index","follow":"follow","max-snippet":"max-snippet:-1","max-image-preview":"max-image-preview:large","max-video-preview":"max-video-preview:-1"},"canonical":"https:\/\/cpar.ufms.br\/selecao-para-concessao-de-auxilio-emergencial-a-estudantes-dos-cursos-de-graduacao-presencial-para-acao-do-programa-de-assistencia-estudantil-da-ufms-auxilio-emergencial-2023\/","og_locale":"en_US","og_type":"article","og_title":"SELE\u00c7\u00c3O PARA CONCESS\u00c3O DE AUX\u00cdLIO EMERGENCIAL A ESTUDANTES DE GRADUA\u00c7\u00c3O PRESENCIAL UFMS - CPAR - Campus de Parana\u00edba","og_description":"Fa\u00e7a download do Edital Aqui","og_url":"https:\/\/cpar.ufms.br\/selecao-para-concessao-de-auxilio-emergencial-a-estudantes-dos-cursos-de-graduacao-presencial-para-acao-do-programa-de-assistencia-estudantil-da-ufms-auxilio-emergencial-2023\/","og_site_name":"CPAR - Campus de Parana\u00edba","article_published_time":"2023-05-30T01:27:18+00:00","article_modified_time":"2023-05-30T01:28:10+00:00","og_image":[{"width":1584,"height":508,"url":"https:\/\/cpar.ufms.br\/files\/2023\/05\/Destacao02.png","type":"image\/png"}],"author":"dirceu.matos","twitter_misc":{"Written by":"dirceu.matos","Est. reading time":"1 minute"},"schema":{"@context":"https:\/\/schema.org","@graph":[{"@type":"WebPage","@id":"https:\/\/cpar.ufms.br\/selecao-para-concessao-de-auxilio-emergencial-a-estudantes-dos-cursos-de-graduacao-presencial-para-acao-do-programa-de-assistencia-estudantil-da-ufms-auxilio-emergencial-2023\/","url":"https:\/\/cpar.ufms.br\/selecao-para-concessao-de-auxilio-emergencial-a-estudantes-dos-cursos-de-graduacao-presencial-para-acao-do-programa-de-assistencia-estudantil-da-ufms-auxilio-emergencial-2023\/","name":"SELE\u00c7\u00c3O PARA CONCESS\u00c3O DE AUX\u00cdLIO EMERGENCIAL A ESTUDANTES DE GRADUA\u00c7\u00c3O PRESENCIAL UFMS - CPAR - Campus de Parana\u00edba","isPartOf":{"@id":"https:\/\/cpar.ufms.br\/#website"},"primaryImageOfPage":{"@id":"https:\/\/cpar.ufms.br\/selecao-para-concessao-de-auxilio-emergencial-a-estudantes-dos-cursos-de-graduacao-presencial-para-acao-do-programa-de-assistencia-estudantil-da-ufms-auxilio-emergencial-2023\/#primaryimage"},"image":{"@id":"https:\/\/cpar.ufms.br\/selecao-para-concessao-de-auxilio-emergencial-a-estudantes-dos-cursos-de-graduacao-presencial-para-acao-do-programa-de-assistencia-estudantil-da-ufms-auxilio-emergencial-2023\/#primaryimage"},"thumbnailUrl":"https:\/\/cpar.ufms.br\/files\/2023\/05\/Destacao02.png","datePublished":"2023-05-30T01:27:18+00:00","dateModified":"2023-05-30T01:28:10+00:00","author":{"@id":"https:\/\/cpar.ufms.br\/#\/schema\/person\/6ba8428dbd1474a3e46372f975d5420e"},"breadcrumb":{"@id":"https:\/\/cpar.ufms.br\/selecao-para-concessao-de-auxilio-emergencial-a-estudantes-dos-cursos-de-graduacao-presencial-para-acao-do-programa-de-assistencia-estudantil-da-ufms-auxilio-emergencial-2023\/#breadcrumb"},"inLanguage":"en-US","potentialAction":[{"@type":"ReadAction","target":["https:\/\/cpar.ufms.br\/selecao-para-concessao-de-auxilio-emergencial-a-estudantes-dos-cursos-de-graduacao-presencial-para-acao-do-programa-de-assistencia-estudantil-da-ufms-auxilio-emergencial-2023\/"]}]},{"@type":"ImageObject","inLanguage":"en-US","@id":"https:\/\/cpar.ufms.br\/selecao-para-concessao-de-auxilio-emergencial-a-estudantes-dos-cursos-de-graduacao-presencial-para-acao-do-programa-de-assistencia-estudantil-da-ufms-auxilio-emergencial-2023\/#primaryimage","url":"https:\/\/cpar.ufms.br\/files\/2023\/05\/Destacao02.png","contentUrl":"https:\/\/cpar.ufms.br\/files\/2023\/05\/Destacao02.png","width":1584,"height":508},{"@type":"BreadcrumbList","@id":"https:\/\/cpar.ufms.br\/selecao-para-concessao-de-auxilio-emergencial-a-estudantes-dos-cursos-de-graduacao-presencial-para-acao-do-programa-de-assistencia-estudantil-da-ufms-auxilio-emergencial-2023\/#breadcrumb","itemListElement":[{"@type":"ListItem","position":1,"name":"In\u00edcio","item":"https:\/\/cpar.ufms.br\/"},{"@type":"ListItem","position":2,"name":"SELE\u00c7\u00c3O PARA CONCESS\u00c3O DE AUX\u00cdLIO EMERGENCIAL A ESTUDANTES DE GRADUA\u00c7\u00c3O PRESENCIAL UFMS"}]},{"@type":"WebSite","@id":"https:\/\/cpar.ufms.br\/#website","url":"https:\/\/cpar.ufms.br\/","name":"CPAR - Campus de Parana\u00edba","description":"Universidade Federal de Mato Grosso do Sul","potentialAction":[{"@type":"SearchAction","target":{"@type":"EntryPoint","urlTemplate":"https:\/\/cpar.ufms.br\/?s={search_term_string}"},"query-input":{"@type":"PropertyValueSpecification","valueRequired":true,"valueName":"search_term_string"}}],"inLanguage":"en-US"},{"@type":"Person","@id":"https:\/\/cpar.ufms.br\/#\/schema\/person\/6ba8428dbd1474a3e46372f975d5420e","name":"dirceu.matos","image":{"@type":"ImageObject","inLanguage":"en-US","@id":"https:\/\/cpar.ufms.br\/#\/schema\/person\/image\/40bcd39921a8d882b30cba22ce15a965","url":"https:\/\/secure.gravatar.com\/avatar\/f54475166fe409b60e2749f604f1f09db29d6d9f20035abd8bb1d2e8b344a0f7?s=96&d=mm&r=g","contentUrl":"https:\/\/secure.gravatar.com\/avatar\/f54475166fe409b60e2749f604f1f09db29d6d9f20035abd8bb1d2e8b344a0f7?s=96&d=mm&r=g","caption":"dirceu.matos"},"url":"https:\/\/cpar.ufms.br\/en\/author\/dirceu-matos\/"}]}},"_links":{"self":[{"href":"https:\/\/cpar.ufms.br\/en\/wp-json\/wp\/v2\/posts\/14995","targetHints":{"allow":["GET"]}}],"collection":[{"href":"https:\/\/cpar.ufms.br\/en\/wp-json\/wp\/v2\/posts"}],"about":[{"href":"https:\/\/cpar.ufms.br\/en\/wp-json\/wp\/v2\/types\/post"}],"author":[{"embeddable":true,"href":"https:\/\/cpar.ufms.br\/en\/wp-json\/wp\/v2\/users\/1381"}],"replies":[{"embeddable":true,"href":"https:\/\/cpar.ufms.br\/en\/wp-json\/wp\/v2\/comments?post=14995"}],"version-history":[{"count":2,"href":"https:\/\/cpar.ufms.br\/en\/wp-json\/wp\/v2\/posts\/14995\/revisions"}],"predecessor-version":[{"id":14999,"href":"https:\/\/cpar.ufms.br\/en\/wp-json\/wp\/v2\/posts\/14995\/revisions\/14999"}],"wp:featuredmedia":[{"embeddable":true,"href":"https:\/\/cpar.ufms.br\/en\/wp-json\/wp\/v2\/media\/14997"}],"wp:attachment":[{"href":"https:\/\/cpar.ufms.br\/en\/wp-json\/wp\/v2\/media?parent=14995"}],"wp:term":[{"taxonomy":"category","embeddable":true,"href":"https:\/\/cpar.ufms.br\/en\/wp-json\/wp\/v2\/categories?post=14995"},{"taxonomy":"post_tag","embeddable":true,"href":"https:\/\/cpar.ufms.br\/en\/wp-json\/wp\/v2\/tags?post=14995"},{"taxonomy":"author","embeddable":true,"href":"https:\/\/cpar.ufms.br\/en\/wp-json\/wp\/v2\/coauthors?post=14995"}],"curies":[{"name":"wp","href":"https:\/\/api.w.org\/{rel}","templated":true}]}}