{"id":8322,"date":"2019-05-24T14:18:41","date_gmt":"2019-05-24T18:18:41","guid":{"rendered":"https:\/\/cpar.ufms.br\/?p=8322"},"modified":"2019-05-24T14:18:41","modified_gmt":"2019-05-24T18:18:41","slug":"empresa-junior-realizou-o-ii-simsad-simposio-sul-mato-grossense-de-administracao-no-cpar","status":"publish","type":"post","link":"https:\/\/cpar.ufms.br\/en\/empresa-junior-realizou-o-ii-simsad-simposio-sul-mato-grossense-de-administracao-no-cpar\/","title":{"rendered":"Empresa J\u00fanior realizou o II SIMSAD (Simp\u00f3sio Sul-Mato-Grossense de Administra\u00e7\u00e3o) no CPAR"},"content":{"rendered":"<p style=\"text-align: justify\"><span style=\"color: #000000\">Entre os dias 14 e 16 de maio de 2019 a Empresa J\u00fanior do Curso de Administra\u00e7\u00e3o do C\u00e2mpus de Parana\u00edba da Universidade Federal de Mato Grosso do Sul, realizou o II SIMSAD (Simp\u00f3sio Sul Mato-Grossense de Administra\u00e7\u00e3o). Com o tema \u201c<em>Empreendedorismo e Inova\u00e7\u00e3o: desafios e oportunidades<\/em>\u201d o evento procurou proporcionar aos acad\u00eamicos do curso de Administra\u00e7\u00e3o e a sociedade um processo de atualiza\u00e7\u00e3o, coopera\u00e7\u00e3o e incremento de conhecimento por meio da socializa\u00e7\u00e3o (palestras, minicursos, visitas t\u00e9cnicas e apresenta\u00e7\u00e3o de artigos cient\u00edficos), complementando o aprendizado obtido em sala de aula.<\/span><\/p>\n<p style=\"text-align: justify\"><span style=\"color: #000000\">Os minicursos oferecidos foram: (i) \u201cAplica\u00e7\u00f5es da Teoria dos Jogos\u201d; (ii) \u201cTeste cego: vale a pena pagar mais por uma marca?\u201d; (iii) \u201cForma\u00e7\u00e3o de Pre\u00e7os\u201d; (iv) <em>Expertise<\/em> Financeira: conhe\u00e7a os 4 pilares da sua independ\u00eancia financeira; (v) Mercado de Capitais; e, (vi) An\u00e1lise de dados espaciais: utiliza\u00e7\u00e3o do software GeoDa. A palestra de abertura, realizada no dia 14 de maio de 2019, intitulada \u201cDa inten\u00e7\u00e3o \u00e0 a\u00e7\u00e3o de empreender e inovar&#8221; foi ministrada pela Prof.\u00aa Dr.\u00aa Roosiley Santos Souza, da UFMS, C\u00e2mpus do Pantanal (Corumb\u00e1-MS). No dia seguinte, por sua vez, o Prof. Me. Jo\u00e3o Ricardo Tonin proferiu a palestra &#8221; Planejamento estrat\u00e9gico e desenvolvimento de cidades&#8221;. Ambas as palestras contaram com a presen\u00e7a de estudantes e da comunidade em geral.<\/span><\/p>\n<p style=\"text-align: justify\"><span style=\"color: #000000\"><em>\u201cPara os estudantes e para o p\u00fablico em geral \u00e9 muito importante esses eventos ou encontros acad\u00eamicos porque possibilita a troca de experi\u00eancias e o aprendizado de conte\u00fados novos, seja pelas palestras, minicursos ou pelos artigos apresentados. Al\u00e9m disso, \u00e9 uma forma de divulgar nosso curso de Administra\u00e7\u00e3o, a UFMS e a cidade de Parana\u00edba, na medida em que verificamos em nosso evento a presen\u00e7a de acad\u00eamicos do interior de S\u00e3o Paulo e do Paran\u00e1, por exemplo. Ou seja, favorece n\u00e3o apenas os acad\u00eamicos, mas tamb\u00e9m a economia local como hot\u00e9is, restaurantes e o com\u00e9rcio em geral. Mais que isso, a sociedade local pode, por meio da universidade, ter contato com temas relevantes para o desenvolvimento da regi\u00e3o\u201d,<\/em> comenta o professor Dr. Adriano A. Teixeira, um dos respons\u00e1veis pela coordena\u00e7\u00e3o do evento.<\/span><\/p>\n<p style=\"text-align: justify\"><span style=\"color: #000000\"><em>\u201cO objetivo do SIMSAD foi alcan\u00e7ado com sucesso. Os alunos gostaram das palestras, os minicursos foram escolhidos com o objetivo de oferecer temas alternativos aos apresentados em aula e a expectativa \u00e9 que os pr\u00f3ximos sejam ainda melhores. Importante destacar que o evento todo foi feito tamb\u00e9m para a sociedade em geral, na medida em que as palestras foram sobre empreendedorismo e planejamento estrat\u00e9gico de cidades e os minicursos procuraram atender demandas do cotidiano da atividade empresarial. Como o evento foi feito pensando tamb\u00e9m na sociedade, nos esfor\u00e7aremos para que nos pr\u00f3ximos eventos haja uma participa\u00e7\u00e3o ainda maior dos mais diversos segmentos sociais\u201d, a<\/em>valia o professor Dr. Wesley Ricardo de Souza Freitas, coordenador do curso de Administra\u00e7\u00e3o do campus.<\/span><\/p>\n<p style=\"text-align: justify\"><span style=\"color: #000000\">Para a Professora Prof.\u00aa Dr.\u00aa Andr\u00e9ia Cristina Ribeiro, diretora do C\u00e2mpus de Parana\u00edba, o SIMSAD \u00e9 um exemplo do esfor\u00e7o dos docentes da UFMS e da Empresa Junior para levar conhecimento n\u00e3o apenas aos estudantes, mas para a comunidade em geral. <em>\u201cEventos cient\u00edficos estimulam os alunos, promovem debates e contribuem para a melhoria da sociedade, mostrando que em nossa regi\u00e3o tamb\u00e9m se produz conhecimento. \u00c9 a universidade cumprindo sua responsabilidade social: pesquisa, ensino e extens\u00e3o. Com professores, acad\u00eamicos e a sociedade engajada contribui-se para o desenvolvimento s\u00f3cio econ\u00f4mico da nossa cidade. \u00c9 isso que esperamos sempre<\/em>. \u201d, conclui a diretora.<\/span><\/p>\n<p style=\"text-align: justify\"><span style=\"color: #000000\">\u201c<em>O SIMSAD proporcionou a n\u00f3s, da Empresa Junior, a possibilidade de pensar para al\u00e9m da sala de aula. Colocamos em pr\u00e1tica quest\u00f5es b\u00e1sicas da Administra\u00e7\u00e3o como planejar e organizar o evento, bem como trabalhar em equipe. Com isso, aliamos a teoria com a pr\u00e1tica. Os alunos e a sociedade certamente ganharam com o evento\u201d<\/em>, afirma a acad\u00eamica Maite Salgueiro Correa, presidente da Empresa Junior.<\/span><\/p>\n<p style=\"text-align: justify\"><span style=\"color: #000000\">Informamos que o III SIMSAD j\u00e1 est\u00e1 sendo planejado e ocorrer\u00e1, provavelmente, em meados de maio de 2020. A participa\u00e7\u00e3o \u00e9 aberta a estudantes, empres\u00e1rios e a comunidade em geral. Informa\u00e7\u00f5es sobre programa\u00e7\u00e3o e inscri\u00e7\u00f5es ser\u00e3o divulgadas mais adiante. Preparem-se! Ser\u00e3o muito bem-vindos.<\/span><\/p>\n<p style=\"text-align: justify\"><a href=\"https:\/\/cpar.ufms.br\/files\/2019\/05\/Foto-de-encerramento.jpg\"><img fetchpriority=\"high\" decoding=\"async\" class=\"alignnone size-medium wp-image-8324\" src=\"https:\/\/cpar.ufms.br\/files\/2019\/05\/Foto-de-encerramento-300x179.jpg\" alt=\"\" width=\"300\" height=\"179\" srcset=\"https:\/\/cpar.ufms.br\/files\/2019\/05\/Foto-de-encerramento-300x179.jpg 300w, https:\/\/cpar.ufms.br\/files\/2019\/05\/Foto-de-encerramento-768x459.jpg 768w, https:\/\/cpar.ufms.br\/files\/2019\/05\/Foto-de-encerramento-1024x612.jpg 1024w, https:\/\/cpar.ufms.br\/files\/2019\/05\/Foto-de-encerramento-536x320.jpg 536w, https:\/\/cpar.ufms.br\/files\/2019\/05\/Foto-de-encerramento.jpg 1920w\" sizes=\"(max-width: 300px) 100vw, 300px\" \/><\/a>\u00a0 <a href=\"https:\/\/cpar.ufms.br\/files\/2019\/05\/mini-curso-geoda.jpg\"><img decoding=\"async\" class=\"alignnone size-medium wp-image-8325\" src=\"https:\/\/cpar.ufms.br\/files\/2019\/05\/mini-curso-geoda-300x200.jpg\" alt=\"\" width=\"300\" height=\"200\" srcset=\"https:\/\/cpar.ufms.br\/files\/2019\/05\/mini-curso-geoda-300x200.jpg 300w, https:\/\/cpar.ufms.br\/files\/2019\/05\/mini-curso-geoda-768x512.jpg 768w, https:\/\/cpar.ufms.br\/files\/2019\/05\/mini-curso-geoda-1024x683.jpg 1024w, https:\/\/cpar.ufms.br\/files\/2019\/05\/mini-curso-geoda-480x320.jpg 480w, https:\/\/cpar.ufms.br\/files\/2019\/05\/mini-curso-geoda-350x233.jpg 350w, https:\/\/cpar.ufms.br\/files\/2019\/05\/mini-curso-geoda.jpg 1920w\" sizes=\"(max-width: 300px) 100vw, 300px\" \/><\/a>\u00a0 <a href=\"https:\/\/cpar.ufms.br\/files\/2019\/05\/Palestra-Desenvolvimento-Econ\u00f4mico-de-Cidades.jpg\"><img decoding=\"async\" class=\"alignnone size-medium wp-image-8326\" src=\"https:\/\/cpar.ufms.br\/files\/2019\/05\/Palestra-Desenvolvimento-Econ\u00f4mico-de-Cidades-300x225.jpg\" alt=\"\" width=\"300\" height=\"225\" srcset=\"https:\/\/cpar.ufms.br\/files\/2019\/05\/Palestra-Desenvolvimento-Econ\u00f4mico-de-Cidades-300x225.jpg 300w, https:\/\/cpar.ufms.br\/files\/2019\/05\/Palestra-Desenvolvimento-Econ\u00f4mico-de-Cidades-768x576.jpg 768w, https:\/\/cpar.ufms.br\/files\/2019\/05\/Palestra-Desenvolvimento-Econ\u00f4mico-de-Cidades-1024x768.jpg 1024w, https:\/\/cpar.ufms.br\/files\/2019\/05\/Palestra-Desenvolvimento-Econ\u00f4mico-de-Cidades-427x320.jpg 427w, https:\/\/cpar.ufms.br\/files\/2019\/05\/Palestra-Desenvolvimento-Econ\u00f4mico-de-Cidades.jpg 1032w\" sizes=\"(max-width: 300px) 100vw, 300px\" \/><\/a><\/p>\n<p>&nbsp;<\/p>\n","protected":false},"excerpt":{"rendered":"<p>Entre os dias 14 e 16 de maio de 2019 a Empresa J\u00fanior do Curso de Administra\u00e7\u00e3o do C\u00e2mpus de Parana\u00edba da Universidade Federal de Mato Grosso do Sul, realizou o II SIMSAD (Simp\u00f3sio Sul Mato-Grossense de Administra\u00e7\u00e3o). Com o tema \u201cEmpreendedorismo e Inova\u00e7\u00e3o: desafios e oportunidades\u201d o evento procurou proporcionar aos acad\u00eamicos do curso [&hellip;]<\/p>\n","protected":false},"author":2862,"featured_media":8323,"comment_status":"closed","ping_status":"open","sticky":false,"template":"","format":"standard","meta":{"footnotes":""},"categories":[3,1],"tags":[],"coauthors":[],"class_list":["post-8322","post","type-post","status-publish","format-standard","has-post-thumbnail","hentry","category-fotos-imagens","category-noticias"],"yoast_head":"<!-- This site is optimized with the Yoast SEO plugin v26.2 - https:\/\/yoast.com\/wordpress\/plugins\/seo\/ -->\n<title>Empresa J\u00fanior realizou o II SIMSAD (Simp\u00f3sio Sul-Mato-Grossense de Administra\u00e7\u00e3o) no CPAR - CPAR - Campus de Parana\u00edba<\/title>\n<meta name=\"robots\" content=\"index, follow, max-snippet:-1, max-image-preview:large, max-video-preview:-1\" \/>\n<link rel=\"canonical\" href=\"https:\/\/cpar.ufms.br\/empresa-junior-realizou-o-ii-simsad-simposio-sul-mato-grossense-de-administracao-no-cpar\/\" \/>\n<meta property=\"og:locale\" content=\"en_US\" \/>\n<meta property=\"og:type\" content=\"article\" \/>\n<meta property=\"og:title\" content=\"Empresa J\u00fanior realizou o II SIMSAD (Simp\u00f3sio Sul-Mato-Grossense de Administra\u00e7\u00e3o) no CPAR - CPAR - Campus de Parana\u00edba\" \/>\n<meta property=\"og:description\" content=\"Entre os dias 14 e 16 de maio de 2019 a Empresa J\u00fanior do Curso de Administra\u00e7\u00e3o do C\u00e2mpus de Parana\u00edba da Universidade Federal de Mato Grosso do Sul, realizou o II SIMSAD (Simp\u00f3sio Sul Mato-Grossense de Administra\u00e7\u00e3o). Com o tema \u201cEmpreendedorismo e Inova\u00e7\u00e3o: desafios e oportunidades\u201d o evento procurou proporcionar aos acad\u00eamicos do curso [&hellip;]\" \/>\n<meta property=\"og:url\" content=\"https:\/\/cpar.ufms.br\/empresa-junior-realizou-o-ii-simsad-simposio-sul-mato-grossense-de-administracao-no-cpar\/\" \/>\n<meta property=\"og:site_name\" content=\"CPAR - Campus de Parana\u00edba\" \/>\n<meta property=\"article:published_time\" content=\"2019-05-24T18:18:41+00:00\" \/>\n<meta property=\"og:image\" content=\"https:\/\/cpar.ufms.br\/files\/2019\/05\/Palestra-de-Abertura-Rossilei.jpg\" \/>\n\t<meta property=\"og:image:width\" content=\"960\" \/>\n\t<meta property=\"og:image:height\" content=\"683\" \/>\n\t<meta property=\"og:image:type\" content=\"image\/jpeg\" \/>\n<meta name=\"author\" content=\"leonardo.chaves\" \/>\n<meta name=\"twitter:label1\" content=\"Written by\" \/>\n\t<meta name=\"twitter:data1\" content=\"leonardo.chaves\" \/>\n\t<meta name=\"twitter:label2\" content=\"Est. reading time\" \/>\n\t<meta name=\"twitter:data2\" content=\"4 minutes\" \/>\n<script type=\"application\/ld+json\" class=\"yoast-schema-graph\">{\"@context\":\"https:\/\/schema.org\",\"@graph\":[{\"@type\":\"WebPage\",\"@id\":\"https:\/\/cpar.ufms.br\/empresa-junior-realizou-o-ii-simsad-simposio-sul-mato-grossense-de-administracao-no-cpar\/\",\"url\":\"https:\/\/cpar.ufms.br\/empresa-junior-realizou-o-ii-simsad-simposio-sul-mato-grossense-de-administracao-no-cpar\/\",\"name\":\"Empresa J\u00fanior realizou o II SIMSAD (Simp\u00f3sio Sul-Mato-Grossense de Administra\u00e7\u00e3o) no CPAR - CPAR - Campus de Parana\u00edba\",\"isPartOf\":{\"@id\":\"https:\/\/cpar.ufms.br\/#website\"},\"primaryImageOfPage\":{\"@id\":\"https:\/\/cpar.ufms.br\/empresa-junior-realizou-o-ii-simsad-simposio-sul-mato-grossense-de-administracao-no-cpar\/#primaryimage\"},\"image\":{\"@id\":\"https:\/\/cpar.ufms.br\/empresa-junior-realizou-o-ii-simsad-simposio-sul-mato-grossense-de-administracao-no-cpar\/#primaryimage\"},\"thumbnailUrl\":\"https:\/\/cpar.ufms.br\/files\/2019\/05\/Palestra-de-Abertura-Rossilei.jpg\",\"datePublished\":\"2019-05-24T18:18:41+00:00\",\"author\":{\"@id\":\"https:\/\/cpar.ufms.br\/#\/schema\/person\/59587bd0b789889f7c25a946467cc6ee\"},\"breadcrumb\":{\"@id\":\"https:\/\/cpar.ufms.br\/empresa-junior-realizou-o-ii-simsad-simposio-sul-mato-grossense-de-administracao-no-cpar\/#breadcrumb\"},\"inLanguage\":\"en-US\",\"potentialAction\":[{\"@type\":\"ReadAction\",\"target\":[\"https:\/\/cpar.ufms.br\/empresa-junior-realizou-o-ii-simsad-simposio-sul-mato-grossense-de-administracao-no-cpar\/\"]}]},{\"@type\":\"ImageObject\",\"inLanguage\":\"en-US\",\"@id\":\"https:\/\/cpar.ufms.br\/empresa-junior-realizou-o-ii-simsad-simposio-sul-mato-grossense-de-administracao-no-cpar\/#primaryimage\",\"url\":\"https:\/\/cpar.ufms.br\/files\/2019\/05\/Palestra-de-Abertura-Rossilei.jpg\",\"contentUrl\":\"https:\/\/cpar.ufms.br\/files\/2019\/05\/Palestra-de-Abertura-Rossilei.jpg\",\"width\":960,\"height\":683},{\"@type\":\"BreadcrumbList\",\"@id\":\"https:\/\/cpar.ufms.br\/empresa-junior-realizou-o-ii-simsad-simposio-sul-mato-grossense-de-administracao-no-cpar\/#breadcrumb\",\"itemListElement\":[{\"@type\":\"ListItem\",\"position\":1,\"name\":\"In\u00edcio\",\"item\":\"https:\/\/cpar.ufms.br\/\"},{\"@type\":\"ListItem\",\"position\":2,\"name\":\"Empresa J\u00fanior realizou o II SIMSAD (Simp\u00f3sio Sul-Mato-Grossense de Administra\u00e7\u00e3o) no CPAR\"}]},{\"@type\":\"WebSite\",\"@id\":\"https:\/\/cpar.ufms.br\/#website\",\"url\":\"https:\/\/cpar.ufms.br\/\",\"name\":\"CPAR - Campus de Parana\u00edba\",\"description\":\"Universidade Federal de Mato Grosso do Sul\",\"potentialAction\":[{\"@type\":\"SearchAction\",\"target\":{\"@type\":\"EntryPoint\",\"urlTemplate\":\"https:\/\/cpar.ufms.br\/?s={search_term_string}\"},\"query-input\":{\"@type\":\"PropertyValueSpecification\",\"valueRequired\":true,\"valueName\":\"search_term_string\"}}],\"inLanguage\":\"en-US\"},{\"@type\":\"Person\",\"@id\":\"https:\/\/cpar.ufms.br\/#\/schema\/person\/59587bd0b789889f7c25a946467cc6ee\",\"name\":\"leonardo.chaves\",\"image\":{\"@type\":\"ImageObject\",\"inLanguage\":\"en-US\",\"@id\":\"https:\/\/cpar.ufms.br\/#\/schema\/person\/image\/8d5547fb00bb666fef0f1247643a766d\",\"url\":\"https:\/\/secure.gravatar.com\/avatar\/2d276c35f5a2d842904264c905380e54d2fae11553a818c64073429e2e797d61?s=96&d=mm&r=g\",\"contentUrl\":\"https:\/\/secure.gravatar.com\/avatar\/2d276c35f5a2d842904264c905380e54d2fae11553a818c64073429e2e797d61?s=96&d=mm&r=g\",\"caption\":\"leonardo.chaves\"},\"url\":\"https:\/\/cpar.ufms.br\/en\/author\/leonardo-chaves\/\"}]}<\/script>\n<!-- \/ Yoast SEO plugin. -->","yoast_head_json":{"title":"Empresa J\u00fanior realizou o II SIMSAD (Simp\u00f3sio Sul-Mato-Grossense de Administra\u00e7\u00e3o) no CPAR - CPAR - Campus de Parana\u00edba","robots":{"index":"index","follow":"follow","max-snippet":"max-snippet:-1","max-image-preview":"max-image-preview:large","max-video-preview":"max-video-preview:-1"},"canonical":"https:\/\/cpar.ufms.br\/empresa-junior-realizou-o-ii-simsad-simposio-sul-mato-grossense-de-administracao-no-cpar\/","og_locale":"en_US","og_type":"article","og_title":"Empresa J\u00fanior realizou o II SIMSAD (Simp\u00f3sio Sul-Mato-Grossense de Administra\u00e7\u00e3o) no CPAR - CPAR - Campus de Parana\u00edba","og_description":"Entre os dias 14 e 16 de maio de 2019 a Empresa J\u00fanior do Curso de Administra\u00e7\u00e3o do C\u00e2mpus de Parana\u00edba da Universidade Federal de Mato Grosso do Sul, realizou o II SIMSAD (Simp\u00f3sio Sul Mato-Grossense de Administra\u00e7\u00e3o). Com o tema \u201cEmpreendedorismo e Inova\u00e7\u00e3o: desafios e oportunidades\u201d o evento procurou proporcionar aos acad\u00eamicos do curso [&hellip;]","og_url":"https:\/\/cpar.ufms.br\/empresa-junior-realizou-o-ii-simsad-simposio-sul-mato-grossense-de-administracao-no-cpar\/","og_site_name":"CPAR - Campus de Parana\u00edba","article_published_time":"2019-05-24T18:18:41+00:00","og_image":[{"width":960,"height":683,"url":"https:\/\/cpar.ufms.br\/files\/2019\/05\/Palestra-de-Abertura-Rossilei.jpg","type":"image\/jpeg"}],"author":"leonardo.chaves","twitter_misc":{"Written by":"leonardo.chaves","Est. reading time":"4 minutes"},"schema":{"@context":"https:\/\/schema.org","@graph":[{"@type":"WebPage","@id":"https:\/\/cpar.ufms.br\/empresa-junior-realizou-o-ii-simsad-simposio-sul-mato-grossense-de-administracao-no-cpar\/","url":"https:\/\/cpar.ufms.br\/empresa-junior-realizou-o-ii-simsad-simposio-sul-mato-grossense-de-administracao-no-cpar\/","name":"Empresa J\u00fanior realizou o II SIMSAD (Simp\u00f3sio Sul-Mato-Grossense de Administra\u00e7\u00e3o) no CPAR - CPAR - Campus de Parana\u00edba","isPartOf":{"@id":"https:\/\/cpar.ufms.br\/#website"},"primaryImageOfPage":{"@id":"https:\/\/cpar.ufms.br\/empresa-junior-realizou-o-ii-simsad-simposio-sul-mato-grossense-de-administracao-no-cpar\/#primaryimage"},"image":{"@id":"https:\/\/cpar.ufms.br\/empresa-junior-realizou-o-ii-simsad-simposio-sul-mato-grossense-de-administracao-no-cpar\/#primaryimage"},"thumbnailUrl":"https:\/\/cpar.ufms.br\/files\/2019\/05\/Palestra-de-Abertura-Rossilei.jpg","datePublished":"2019-05-24T18:18:41+00:00","author":{"@id":"https:\/\/cpar.ufms.br\/#\/schema\/person\/59587bd0b789889f7c25a946467cc6ee"},"breadcrumb":{"@id":"https:\/\/cpar.ufms.br\/empresa-junior-realizou-o-ii-simsad-simposio-sul-mato-grossense-de-administracao-no-cpar\/#breadcrumb"},"inLanguage":"en-US","potentialAction":[{"@type":"ReadAction","target":["https:\/\/cpar.ufms.br\/empresa-junior-realizou-o-ii-simsad-simposio-sul-mato-grossense-de-administracao-no-cpar\/"]}]},{"@type":"ImageObject","inLanguage":"en-US","@id":"https:\/\/cpar.ufms.br\/empresa-junior-realizou-o-ii-simsad-simposio-sul-mato-grossense-de-administracao-no-cpar\/#primaryimage","url":"https:\/\/cpar.ufms.br\/files\/2019\/05\/Palestra-de-Abertura-Rossilei.jpg","contentUrl":"https:\/\/cpar.ufms.br\/files\/2019\/05\/Palestra-de-Abertura-Rossilei.jpg","width":960,"height":683},{"@type":"BreadcrumbList","@id":"https:\/\/cpar.ufms.br\/empresa-junior-realizou-o-ii-simsad-simposio-sul-mato-grossense-de-administracao-no-cpar\/#breadcrumb","itemListElement":[{"@type":"ListItem","position":1,"name":"In\u00edcio","item":"https:\/\/cpar.ufms.br\/"},{"@type":"ListItem","position":2,"name":"Empresa J\u00fanior realizou o II SIMSAD (Simp\u00f3sio Sul-Mato-Grossense de Administra\u00e7\u00e3o) no CPAR"}]},{"@type":"WebSite","@id":"https:\/\/cpar.ufms.br\/#website","url":"https:\/\/cpar.ufms.br\/","name":"CPAR - Campus de Parana\u00edba","description":"Universidade Federal de Mato Grosso do Sul","potentialAction":[{"@type":"SearchAction","target":{"@type":"EntryPoint","urlTemplate":"https:\/\/cpar.ufms.br\/?s={search_term_string}"},"query-input":{"@type":"PropertyValueSpecification","valueRequired":true,"valueName":"search_term_string"}}],"inLanguage":"en-US"},{"@type":"Person","@id":"https:\/\/cpar.ufms.br\/#\/schema\/person\/59587bd0b789889f7c25a946467cc6ee","name":"leonardo.chaves","image":{"@type":"ImageObject","inLanguage":"en-US","@id":"https:\/\/cpar.ufms.br\/#\/schema\/person\/image\/8d5547fb00bb666fef0f1247643a766d","url":"https:\/\/secure.gravatar.com\/avatar\/2d276c35f5a2d842904264c905380e54d2fae11553a818c64073429e2e797d61?s=96&d=mm&r=g","contentUrl":"https:\/\/secure.gravatar.com\/avatar\/2d276c35f5a2d842904264c905380e54d2fae11553a818c64073429e2e797d61?s=96&d=mm&r=g","caption":"leonardo.chaves"},"url":"https:\/\/cpar.ufms.br\/en\/author\/leonardo-chaves\/"}]}},"_links":{"self":[{"href":"https:\/\/cpar.ufms.br\/en\/wp-json\/wp\/v2\/posts\/8322","targetHints":{"allow":["GET"]}}],"collection":[{"href":"https:\/\/cpar.ufms.br\/en\/wp-json\/wp\/v2\/posts"}],"about":[{"href":"https:\/\/cpar.ufms.br\/en\/wp-json\/wp\/v2\/types\/post"}],"author":[{"embeddable":true,"href":"https:\/\/cpar.ufms.br\/en\/wp-json\/wp\/v2\/users\/2862"}],"replies":[{"embeddable":true,"href":"https:\/\/cpar.ufms.br\/en\/wp-json\/wp\/v2\/comments?post=8322"}],"version-history":[{"count":1,"href":"https:\/\/cpar.ufms.br\/en\/wp-json\/wp\/v2\/posts\/8322\/revisions"}],"predecessor-version":[{"id":8327,"href":"https:\/\/cpar.ufms.br\/en\/wp-json\/wp\/v2\/posts\/8322\/revisions\/8327"}],"wp:featuredmedia":[{"embeddable":true,"href":"https:\/\/cpar.ufms.br\/en\/wp-json\/wp\/v2\/media\/8323"}],"wp:attachment":[{"href":"https:\/\/cpar.ufms.br\/en\/wp-json\/wp\/v2\/media?parent=8322"}],"wp:term":[{"taxonomy":"category","embeddable":true,"href":"https:\/\/cpar.ufms.br\/en\/wp-json\/wp\/v2\/categories?post=8322"},{"taxonomy":"post_tag","embeddable":true,"href":"https:\/\/cpar.ufms.br\/en\/wp-json\/wp\/v2\/tags?post=8322"},{"taxonomy":"author","embeddable":true,"href":"https:\/\/cpar.ufms.br\/en\/wp-json\/wp\/v2\/coauthors?post=8322"}],"curies":[{"name":"wp","href":"https:\/\/api.w.org\/{rel}","templated":true}]}}