{"id":8812,"date":"2019-09-13T08:47:49","date_gmt":"2019-09-13T12:47:49","guid":{"rendered":"https:\/\/cpar.ufms.br\/?p=8812"},"modified":"2019-09-13T08:47:49","modified_gmt":"2019-09-13T12:47:49","slug":"divulgacao-do-passe-e-do-vestibular-da-ufms-e-realizada-nas-escolas-de-paranaiba","status":"publish","type":"post","link":"https:\/\/cpar.ufms.br\/en\/divulgacao-do-passe-e-do-vestibular-da-ufms-e-realizada-nas-escolas-de-paranaiba\/","title":{"rendered":"Divulga\u00e7\u00e3o do PASSE e do Vestibular da UFMS \u00e9 realizada nas escolas de Parana\u00edba"},"content":{"rendered":"<p style=\"text-align: justify\">Pelo terceiro ano consecutivo o Campus de Parana\u00edba (CPAR) realizou a a\u00e7\u00e3o de divulga\u00e7\u00e3o do Vestibular UFMS e do Programa de Avalia\u00e7\u00e3o Seriada Seletiva (PASSE) em todas as escolas p\u00fablicas e particulares do munic\u00edpio que possuem Ensino M\u00e9dio.<\/p>\n<p style=\"text-align: justify\">A divulga\u00e7\u00e3o foi feita para os estudantes de todas as s\u00e9ries do Ensino M\u00e9dio, visando alertar os alunos sobre o per\u00edodo das inscri\u00e7\u00f5es, a possibilidade de solicita\u00e7\u00e3o de isen\u00e7\u00e3o do pagamento da taxa de inscri\u00e7\u00e3o, as informa\u00e7\u00f5es sobre as provas e documentos exigidos pelos editais, al\u00e9m de sanar d\u00favidas que os alunos apresentassem.<\/p>\n<p style=\"text-align: justify\">O servidor t\u00e9cnico-administrativo Leonardo Chaves de Carvalho, idealizador da a\u00e7\u00e3o de divulga\u00e7\u00e3o, ressalta que este contato direto com os alunos do Ensino M\u00e9dio proporciona maior visibilidade aos meios de ingresso na UFMS e incentiva os estudantes a participarem do PASSE e Vestibular, aumentando as chances de aprova\u00e7\u00e3o em um dos cursos de gradua\u00e7\u00e3o da Universidade. \u201cMuitos ainda n\u00e3o sabem do retorno do PASSE e Vestibular na UFMS. Sempre ficam empolgados com o aumento das chances de ingressar na universidade p\u00fablica\u201d, afirma.<\/p>\n<p style=\"text-align: justify\">A psic\u00f3loga do CPAR, Mayara Coutinho, participou da a\u00e7\u00e3o ressaltando as possibilidades que a UFMS pode trazer na forma\u00e7\u00e3o acad\u00eamica e humana do aluno, com a viv\u00eancia de projetos de ensino, pesquisa e extens\u00e3o, al\u00e9m das oportunidades de bolsas e aux\u00edlios. As servidoras Anahi Souto Vieira e Ani Caroline Machado, e as estagi\u00e1rias Brunna Oliveira e Mait\u00ea Salgueiro tamb\u00e9m colaboraram na a\u00e7\u00e3o de divulga\u00e7\u00e3o.<\/p>\n<p style=\"text-align: justify\">Neste ano, a divulga\u00e7\u00e3o est\u00e1 sendo em conjunto com o projeto de extens\u00e3o \u201cVoc\u00ea na Universidade Federal de Mato Grosso do Sul: visita\u00e7\u00e3o e orienta\u00e7\u00e3o ao Campus de Parana\u00edba\u201d, coordenado pela professora Ana Claudia dos Santos. Os acad\u00eamicos membros do projeto estiveram no CPAR no turno vespertino, durante o per\u00edodo da solicita\u00e7\u00e3o de isen\u00e7\u00e3o do pagamento da taxa de inscri\u00e7\u00e3o, para receber os candidatos que tivessem dificuldades com a documenta\u00e7\u00e3o.<\/p>\n<p style=\"text-align: justify\">Para a diretora do CPAR, professora Andr\u00e9ia Cristina Ribeiro, o PASSE e o Vestibular d\u00e3o \u00eanfase \u00e0 UFMS, pois aumentam as oportunidades de ingresso dos alunos de Parana\u00edba e regi\u00e3o, fazendo com que eles deem prefer\u00eancia \u00e0 nossa Universidade. \u201cProcuramos dar visibilidade \u00e0 UFMS e convidar os alunos de Parana\u00edba a estudarem conosco. Ressaltamos na divulga\u00e7\u00e3o nas escolas a import\u00e2ncia da Universidade no estado de Mato Grosso do Sul e a qualidade do ensino p\u00fablico, gratuito e inclusivo que os estudantes ter\u00e3o acesso se fizerem as provas do PASSE e do Vestibular e forem aprovados\u201d.<\/p>\n<p><span style=\"color: #ffffff\">.<\/span><\/p>\n<h6><strong>Brunna de Oliveira Freitas<\/strong> (estagi\u00e1ria Agecom no CPAR)<\/h6>\n<h5><span style=\"color: #ffffff\">.. . <\/span><\/h5>\n<h5><span style=\"color: #ffffff\"><span style=\"color: #000000\">Confira as fotos da divulga\u00e7\u00e3o:<\/span><\/span><\/h5>\n<h5><span style=\"color: #ffffff\"><span style=\"color: #000000\"><a href=\"https:\/\/cpar.ufms.br\/files\/2019\/09\/IMG_7137.jpg\"><img fetchpriority=\"high\" decoding=\"async\" class=\"alignnone size-medium wp-image-8805\" src=\"https:\/\/cpar.ufms.br\/files\/2019\/09\/IMG_7137-300x225.jpg\" alt=\"\" width=\"300\" height=\"225\" srcset=\"https:\/\/cpar.ufms.br\/files\/2019\/09\/IMG_7137-300x225.jpg 300w, https:\/\/cpar.ufms.br\/files\/2019\/09\/IMG_7137-768x576.jpg 768w, https:\/\/cpar.ufms.br\/files\/2019\/09\/IMG_7137-1024x768.jpg 1024w, https:\/\/cpar.ufms.br\/files\/2019\/09\/IMG_7137-427x320.jpg 427w\" sizes=\"(max-width: 300px) 100vw, 300px\" \/><\/a> <a href=\"https:\/\/cpar.ufms.br\/files\/2019\/09\/IMG_7173.jpg\"><img decoding=\"async\" class=\"alignnone size-medium wp-image-8806\" src=\"https:\/\/cpar.ufms.br\/files\/2019\/09\/IMG_7173-300x225.jpg\" alt=\"\" width=\"300\" height=\"225\" srcset=\"https:\/\/cpar.ufms.br\/files\/2019\/09\/IMG_7173-300x225.jpg 300w, https:\/\/cpar.ufms.br\/files\/2019\/09\/IMG_7173-768x576.jpg 768w, https:\/\/cpar.ufms.br\/files\/2019\/09\/IMG_7173-1024x768.jpg 1024w, https:\/\/cpar.ufms.br\/files\/2019\/09\/IMG_7173-427x320.jpg 427w, https:\/\/cpar.ufms.br\/files\/2019\/09\/IMG_7173.jpg 2016w\" sizes=\"(max-width: 300px) 100vw, 300px\" \/><\/a> <a href=\"https:\/\/cpar.ufms.br\/files\/2019\/09\/IMG_7176.jpg\"><img decoding=\"async\" class=\"alignnone size-medium wp-image-8807\" src=\"https:\/\/cpar.ufms.br\/files\/2019\/09\/IMG_7176-300x225.jpg\" alt=\"\" width=\"300\" height=\"225\" srcset=\"https:\/\/cpar.ufms.br\/files\/2019\/09\/IMG_7176-300x225.jpg 300w, https:\/\/cpar.ufms.br\/files\/2019\/09\/IMG_7176-768x576.jpg 768w, https:\/\/cpar.ufms.br\/files\/2019\/09\/IMG_7176-1024x768.jpg 1024w, https:\/\/cpar.ufms.br\/files\/2019\/09\/IMG_7176-427x320.jpg 427w, https:\/\/cpar.ufms.br\/files\/2019\/09\/IMG_7176.jpg 2016w\" sizes=\"(max-width: 300px) 100vw, 300px\" \/><\/a><\/span> <\/span><\/h5>\n","protected":false},"excerpt":{"rendered":"<p>Pelo terceiro ano consecutivo o Campus de Parana\u00edba (CPAR) realizou a a\u00e7\u00e3o de divulga\u00e7\u00e3o do Vestibular UFMS e do Programa de Avalia\u00e7\u00e3o Seriada Seletiva (PASSE) em todas as escolas p\u00fablicas e particulares do munic\u00edpio que possuem Ensino M\u00e9dio. A divulga\u00e7\u00e3o foi feita para os estudantes de todas as s\u00e9ries do Ensino M\u00e9dio, visando alertar os [&hellip;]<\/p>\n","protected":false},"author":2862,"featured_media":8804,"comment_status":"closed","ping_status":"open","sticky":false,"template":"","format":"standard","meta":{"footnotes":""},"categories":[3,1],"tags":[],"coauthors":[],"class_list":["post-8812","post","type-post","status-publish","format-standard","has-post-thumbnail","hentry","category-fotos-imagens","category-noticias"],"yoast_head":"<!-- This site is optimized with the Yoast SEO plugin v26.2 - https:\/\/yoast.com\/wordpress\/plugins\/seo\/ -->\n<title>Divulga\u00e7\u00e3o do PASSE e do Vestibular da UFMS \u00e9 realizada nas escolas de Parana\u00edba - CPAR - Campus de Parana\u00edba<\/title>\n<meta name=\"robots\" content=\"index, follow, max-snippet:-1, max-image-preview:large, max-video-preview:-1\" \/>\n<link rel=\"canonical\" href=\"https:\/\/cpar.ufms.br\/divulgacao-do-passe-e-do-vestibular-da-ufms-e-realizada-nas-escolas-de-paranaiba\/\" \/>\n<meta property=\"og:locale\" content=\"en_US\" \/>\n<meta property=\"og:type\" content=\"article\" \/>\n<meta property=\"og:title\" content=\"Divulga\u00e7\u00e3o do PASSE e do Vestibular da UFMS \u00e9 realizada nas escolas de Parana\u00edba - CPAR - Campus de Parana\u00edba\" \/>\n<meta property=\"og:description\" content=\"Pelo terceiro ano consecutivo o Campus de Parana\u00edba (CPAR) realizou a a\u00e7\u00e3o de divulga\u00e7\u00e3o do Vestibular UFMS e do Programa de Avalia\u00e7\u00e3o Seriada Seletiva (PASSE) em todas as escolas p\u00fablicas e particulares do munic\u00edpio que possuem Ensino M\u00e9dio. A divulga\u00e7\u00e3o foi feita para os estudantes de todas as s\u00e9ries do Ensino M\u00e9dio, visando alertar os [&hellip;]\" \/>\n<meta property=\"og:url\" content=\"https:\/\/cpar.ufms.br\/divulgacao-do-passe-e-do-vestibular-da-ufms-e-realizada-nas-escolas-de-paranaiba\/\" \/>\n<meta property=\"og:site_name\" content=\"CPAR - Campus de Parana\u00edba\" \/>\n<meta property=\"article:published_time\" content=\"2019-09-13T12:47:49+00:00\" \/>\n<meta property=\"og:image\" content=\"https:\/\/cpar.ufms.br\/files\/2019\/09\/IMG_7145.jpg\" \/>\n\t<meta property=\"og:image:width\" content=\"4032\" \/>\n\t<meta property=\"og:image:height\" content=\"3024\" \/>\n\t<meta property=\"og:image:type\" content=\"image\/jpeg\" \/>\n<meta name=\"author\" content=\"leonardo.chaves\" \/>\n<meta name=\"twitter:label1\" content=\"Written by\" \/>\n\t<meta name=\"twitter:data1\" content=\"leonardo.chaves\" \/>\n\t<meta name=\"twitter:label2\" content=\"Est. reading time\" \/>\n\t<meta name=\"twitter:data2\" content=\"2 minutes\" \/>\n<script type=\"application\/ld+json\" class=\"yoast-schema-graph\">{\"@context\":\"https:\/\/schema.org\",\"@graph\":[{\"@type\":\"WebPage\",\"@id\":\"https:\/\/cpar.ufms.br\/divulgacao-do-passe-e-do-vestibular-da-ufms-e-realizada-nas-escolas-de-paranaiba\/\",\"url\":\"https:\/\/cpar.ufms.br\/divulgacao-do-passe-e-do-vestibular-da-ufms-e-realizada-nas-escolas-de-paranaiba\/\",\"name\":\"Divulga\u00e7\u00e3o do PASSE e do Vestibular da UFMS \u00e9 realizada nas escolas de Parana\u00edba - CPAR - Campus de Parana\u00edba\",\"isPartOf\":{\"@id\":\"https:\/\/cpar.ufms.br\/#website\"},\"primaryImageOfPage\":{\"@id\":\"https:\/\/cpar.ufms.br\/divulgacao-do-passe-e-do-vestibular-da-ufms-e-realizada-nas-escolas-de-paranaiba\/#primaryimage\"},\"image\":{\"@id\":\"https:\/\/cpar.ufms.br\/divulgacao-do-passe-e-do-vestibular-da-ufms-e-realizada-nas-escolas-de-paranaiba\/#primaryimage\"},\"thumbnailUrl\":\"https:\/\/cpar.ufms.br\/files\/2019\/09\/IMG_7145.jpg\",\"datePublished\":\"2019-09-13T12:47:49+00:00\",\"author\":{\"@id\":\"https:\/\/cpar.ufms.br\/#\/schema\/person\/59587bd0b789889f7c25a946467cc6ee\"},\"breadcrumb\":{\"@id\":\"https:\/\/cpar.ufms.br\/divulgacao-do-passe-e-do-vestibular-da-ufms-e-realizada-nas-escolas-de-paranaiba\/#breadcrumb\"},\"inLanguage\":\"en-US\",\"potentialAction\":[{\"@type\":\"ReadAction\",\"target\":[\"https:\/\/cpar.ufms.br\/divulgacao-do-passe-e-do-vestibular-da-ufms-e-realizada-nas-escolas-de-paranaiba\/\"]}]},{\"@type\":\"ImageObject\",\"inLanguage\":\"en-US\",\"@id\":\"https:\/\/cpar.ufms.br\/divulgacao-do-passe-e-do-vestibular-da-ufms-e-realizada-nas-escolas-de-paranaiba\/#primaryimage\",\"url\":\"https:\/\/cpar.ufms.br\/files\/2019\/09\/IMG_7145.jpg\",\"contentUrl\":\"https:\/\/cpar.ufms.br\/files\/2019\/09\/IMG_7145.jpg\",\"width\":4032,\"height\":3024},{\"@type\":\"BreadcrumbList\",\"@id\":\"https:\/\/cpar.ufms.br\/divulgacao-do-passe-e-do-vestibular-da-ufms-e-realizada-nas-escolas-de-paranaiba\/#breadcrumb\",\"itemListElement\":[{\"@type\":\"ListItem\",\"position\":1,\"name\":\"In\u00edcio\",\"item\":\"https:\/\/cpar.ufms.br\/\"},{\"@type\":\"ListItem\",\"position\":2,\"name\":\"Divulga\u00e7\u00e3o do PASSE e do Vestibular da UFMS \u00e9 realizada nas escolas de Parana\u00edba\"}]},{\"@type\":\"WebSite\",\"@id\":\"https:\/\/cpar.ufms.br\/#website\",\"url\":\"https:\/\/cpar.ufms.br\/\",\"name\":\"CPAR - Campus de Parana\u00edba\",\"description\":\"Universidade Federal de Mato Grosso do Sul\",\"potentialAction\":[{\"@type\":\"SearchAction\",\"target\":{\"@type\":\"EntryPoint\",\"urlTemplate\":\"https:\/\/cpar.ufms.br\/?s={search_term_string}\"},\"query-input\":{\"@type\":\"PropertyValueSpecification\",\"valueRequired\":true,\"valueName\":\"search_term_string\"}}],\"inLanguage\":\"en-US\"},{\"@type\":\"Person\",\"@id\":\"https:\/\/cpar.ufms.br\/#\/schema\/person\/59587bd0b789889f7c25a946467cc6ee\",\"name\":\"leonardo.chaves\",\"image\":{\"@type\":\"ImageObject\",\"inLanguage\":\"en-US\",\"@id\":\"https:\/\/cpar.ufms.br\/#\/schema\/person\/image\/8d5547fb00bb666fef0f1247643a766d\",\"url\":\"https:\/\/secure.gravatar.com\/avatar\/2d276c35f5a2d842904264c905380e54d2fae11553a818c64073429e2e797d61?s=96&d=mm&r=g\",\"contentUrl\":\"https:\/\/secure.gravatar.com\/avatar\/2d276c35f5a2d842904264c905380e54d2fae11553a818c64073429e2e797d61?s=96&d=mm&r=g\",\"caption\":\"leonardo.chaves\"},\"url\":\"https:\/\/cpar.ufms.br\/en\/author\/leonardo-chaves\/\"}]}<\/script>\n<!-- \/ Yoast SEO plugin. -->","yoast_head_json":{"title":"Divulga\u00e7\u00e3o do PASSE e do Vestibular da UFMS \u00e9 realizada nas escolas de Parana\u00edba - CPAR - Campus de Parana\u00edba","robots":{"index":"index","follow":"follow","max-snippet":"max-snippet:-1","max-image-preview":"max-image-preview:large","max-video-preview":"max-video-preview:-1"},"canonical":"https:\/\/cpar.ufms.br\/divulgacao-do-passe-e-do-vestibular-da-ufms-e-realizada-nas-escolas-de-paranaiba\/","og_locale":"en_US","og_type":"article","og_title":"Divulga\u00e7\u00e3o do PASSE e do Vestibular da UFMS \u00e9 realizada nas escolas de Parana\u00edba - CPAR - Campus de Parana\u00edba","og_description":"Pelo terceiro ano consecutivo o Campus de Parana\u00edba (CPAR) realizou a a\u00e7\u00e3o de divulga\u00e7\u00e3o do Vestibular UFMS e do Programa de Avalia\u00e7\u00e3o Seriada Seletiva (PASSE) em todas as escolas p\u00fablicas e particulares do munic\u00edpio que possuem Ensino M\u00e9dio. A divulga\u00e7\u00e3o foi feita para os estudantes de todas as s\u00e9ries do Ensino M\u00e9dio, visando alertar os [&hellip;]","og_url":"https:\/\/cpar.ufms.br\/divulgacao-do-passe-e-do-vestibular-da-ufms-e-realizada-nas-escolas-de-paranaiba\/","og_site_name":"CPAR - Campus de Parana\u00edba","article_published_time":"2019-09-13T12:47:49+00:00","og_image":[{"width":4032,"height":3024,"url":"https:\/\/cpar.ufms.br\/files\/2019\/09\/IMG_7145.jpg","type":"image\/jpeg"}],"author":"leonardo.chaves","twitter_misc":{"Written by":"leonardo.chaves","Est. reading time":"2 minutes"},"schema":{"@context":"https:\/\/schema.org","@graph":[{"@type":"WebPage","@id":"https:\/\/cpar.ufms.br\/divulgacao-do-passe-e-do-vestibular-da-ufms-e-realizada-nas-escolas-de-paranaiba\/","url":"https:\/\/cpar.ufms.br\/divulgacao-do-passe-e-do-vestibular-da-ufms-e-realizada-nas-escolas-de-paranaiba\/","name":"Divulga\u00e7\u00e3o do PASSE e do Vestibular da UFMS \u00e9 realizada nas escolas de Parana\u00edba - CPAR - Campus de Parana\u00edba","isPartOf":{"@id":"https:\/\/cpar.ufms.br\/#website"},"primaryImageOfPage":{"@id":"https:\/\/cpar.ufms.br\/divulgacao-do-passe-e-do-vestibular-da-ufms-e-realizada-nas-escolas-de-paranaiba\/#primaryimage"},"image":{"@id":"https:\/\/cpar.ufms.br\/divulgacao-do-passe-e-do-vestibular-da-ufms-e-realizada-nas-escolas-de-paranaiba\/#primaryimage"},"thumbnailUrl":"https:\/\/cpar.ufms.br\/files\/2019\/09\/IMG_7145.jpg","datePublished":"2019-09-13T12:47:49+00:00","author":{"@id":"https:\/\/cpar.ufms.br\/#\/schema\/person\/59587bd0b789889f7c25a946467cc6ee"},"breadcrumb":{"@id":"https:\/\/cpar.ufms.br\/divulgacao-do-passe-e-do-vestibular-da-ufms-e-realizada-nas-escolas-de-paranaiba\/#breadcrumb"},"inLanguage":"en-US","potentialAction":[{"@type":"ReadAction","target":["https:\/\/cpar.ufms.br\/divulgacao-do-passe-e-do-vestibular-da-ufms-e-realizada-nas-escolas-de-paranaiba\/"]}]},{"@type":"ImageObject","inLanguage":"en-US","@id":"https:\/\/cpar.ufms.br\/divulgacao-do-passe-e-do-vestibular-da-ufms-e-realizada-nas-escolas-de-paranaiba\/#primaryimage","url":"https:\/\/cpar.ufms.br\/files\/2019\/09\/IMG_7145.jpg","contentUrl":"https:\/\/cpar.ufms.br\/files\/2019\/09\/IMG_7145.jpg","width":4032,"height":3024},{"@type":"BreadcrumbList","@id":"https:\/\/cpar.ufms.br\/divulgacao-do-passe-e-do-vestibular-da-ufms-e-realizada-nas-escolas-de-paranaiba\/#breadcrumb","itemListElement":[{"@type":"ListItem","position":1,"name":"In\u00edcio","item":"https:\/\/cpar.ufms.br\/"},{"@type":"ListItem","position":2,"name":"Divulga\u00e7\u00e3o do PASSE e do Vestibular da UFMS \u00e9 realizada nas escolas de Parana\u00edba"}]},{"@type":"WebSite","@id":"https:\/\/cpar.ufms.br\/#website","url":"https:\/\/cpar.ufms.br\/","name":"CPAR - Campus de Parana\u00edba","description":"Universidade Federal de Mato Grosso do Sul","potentialAction":[{"@type":"SearchAction","target":{"@type":"EntryPoint","urlTemplate":"https:\/\/cpar.ufms.br\/?s={search_term_string}"},"query-input":{"@type":"PropertyValueSpecification","valueRequired":true,"valueName":"search_term_string"}}],"inLanguage":"en-US"},{"@type":"Person","@id":"https:\/\/cpar.ufms.br\/#\/schema\/person\/59587bd0b789889f7c25a946467cc6ee","name":"leonardo.chaves","image":{"@type":"ImageObject","inLanguage":"en-US","@id":"https:\/\/cpar.ufms.br\/#\/schema\/person\/image\/8d5547fb00bb666fef0f1247643a766d","url":"https:\/\/secure.gravatar.com\/avatar\/2d276c35f5a2d842904264c905380e54d2fae11553a818c64073429e2e797d61?s=96&d=mm&r=g","contentUrl":"https:\/\/secure.gravatar.com\/avatar\/2d276c35f5a2d842904264c905380e54d2fae11553a818c64073429e2e797d61?s=96&d=mm&r=g","caption":"leonardo.chaves"},"url":"https:\/\/cpar.ufms.br\/en\/author\/leonardo-chaves\/"}]}},"_links":{"self":[{"href":"https:\/\/cpar.ufms.br\/en\/wp-json\/wp\/v2\/posts\/8812","targetHints":{"allow":["GET"]}}],"collection":[{"href":"https:\/\/cpar.ufms.br\/en\/wp-json\/wp\/v2\/posts"}],"about":[{"href":"https:\/\/cpar.ufms.br\/en\/wp-json\/wp\/v2\/types\/post"}],"author":[{"embeddable":true,"href":"https:\/\/cpar.ufms.br\/en\/wp-json\/wp\/v2\/users\/2862"}],"replies":[{"embeddable":true,"href":"https:\/\/cpar.ufms.br\/en\/wp-json\/wp\/v2\/comments?post=8812"}],"version-history":[{"count":4,"href":"https:\/\/cpar.ufms.br\/en\/wp-json\/wp\/v2\/posts\/8812\/revisions"}],"predecessor-version":[{"id":8816,"href":"https:\/\/cpar.ufms.br\/en\/wp-json\/wp\/v2\/posts\/8812\/revisions\/8816"}],"wp:featuredmedia":[{"embeddable":true,"href":"https:\/\/cpar.ufms.br\/en\/wp-json\/wp\/v2\/media\/8804"}],"wp:attachment":[{"href":"https:\/\/cpar.ufms.br\/en\/wp-json\/wp\/v2\/media?parent=8812"}],"wp:term":[{"taxonomy":"category","embeddable":true,"href":"https:\/\/cpar.ufms.br\/en\/wp-json\/wp\/v2\/categories?post=8812"},{"taxonomy":"post_tag","embeddable":true,"href":"https:\/\/cpar.ufms.br\/en\/wp-json\/wp\/v2\/tags?post=8812"},{"taxonomy":"author","embeddable":true,"href":"https:\/\/cpar.ufms.br\/en\/wp-json\/wp\/v2\/coauthors?post=8812"}],"curies":[{"name":"wp","href":"https:\/\/api.w.org\/{rel}","templated":true}]}}