{"id":8825,"date":"2019-09-19T07:42:04","date_gmt":"2019-09-19T11:42:04","guid":{"rendered":"https:\/\/cpar.ufms.br\/?p=8825"},"modified":"2019-10-14T08:44:36","modified_gmt":"2019-10-14T12:44:36","slug":"egressa-da-ufms-cpar-recebe-certificado-de-academico-emerito-na-assembleia-legislativa","status":"publish","type":"post","link":"https:\/\/cpar.ufms.br\/en\/egressa-da-ufms-cpar-recebe-certificado-de-academico-emerito-na-assembleia-legislativa\/","title":{"rendered":"Egressa da UFMS\/CPAR recebe Certificado de Acad\u00eamico Em\u00e9rito na Assembleia Legislativa"},"content":{"rendered":"<p style=\"text-align: justify\"><span style=\"color: #000000\">No dia 12 de setembro, profissionais da \u00e1rea de Administra\u00e7\u00e3o foram homenageados em uma sess\u00e3o solene realizada no Plen\u00e1rio Deputado J\u00falio Maia, na Assembleia Legislativa de Mato Grosso do Sul. Foram entregues as comendas \u201cM\u00e9rito Legislativo Mary Parker Follet\u201d, \u201cEducador Em\u00e9rito 2019\u201d, \u201cPersonalidade Destaque do ano de 2019\u201d e \u201cAcad\u00eamico Em\u00e9rito de 2019\u201d.<\/span><\/p>\n<p style=\"text-align: justify\"><span style=\"color: #000000\">O evento foi realizado em comemora\u00e7\u00e3o ao Dia do Profissional de Administra\u00e7\u00e3o, comemorado no dia 9 de setembro. Estavam presentes no local nomes importantes da \u00e1rea que entregaram as comendas a profissionais que se destacaram no ano de 2019 e tamb\u00e9m a acad\u00eamicos de diversas institui\u00e7\u00f5es de Mato Grosso do Sul, que foram reconhecidos e homenageados pelos seus esfor\u00e7os durante a gradua\u00e7\u00e3o.<\/span><\/p>\n<p style=\"text-align: justify\"><span style=\"color: #000000\"><strong>Fernanda S\u00e1pia Silva<\/strong>, ex-aluna do curso de Administra\u00e7\u00e3o do Campus de Parana\u00edba (CPAR) estava entre os homenageados da noite. Fernanda terminou a gradua\u00e7\u00e3o em agosto de 2019 e recebeu o Certificado de Acad\u00eamico Em\u00e9rito de 2019 pelo reconhecimento de um \u00f3timo desempenho durante a gradua\u00e7\u00e3o.<\/span><\/p>\n<p style=\"text-align: justify\"><span style=\"color: #000000\">Fernanda relata que ficou emocionada ao saber que seria homenageada. \u201cEu realmente fiquei muito feliz, porque \u00e9 muito gratificante ter um reconhecimento de toda dedica\u00e7\u00e3o e esfor\u00e7o ao longo da gradua\u00e7\u00e3o. Eu atribuo isso a todo apoio que eu tive da minha fam\u00edlia, principalmente todo o amparo que a Universidade me ofereceu durante esses quatro anos, o apoio dos professores e todos que est\u00e3o na Universidade que realmente incentivam voc\u00ea a aprender, a continuar estudando e se desenvolvendo\u201d.<\/span><\/p>\n<p style=\"text-align: justify\"><span style=\"color: #000000\">Ao falar sobre a UFMS, a egressa conta sobre a import\u00e2ncia que a institui\u00e7\u00e3o teve em sua vida. \u201cA UFMS \u00e9 muito importante para mim, eu tenho um carinho muito grande pelo campus e por todas as pessoas que eu conheci l\u00e1. Ela [UFMS] \u00e9 fundamental para essa conquista, pois me ajudou a crescer como acad\u00eamica, profissional e pessoa\u201d. Durante a gradua\u00e7\u00e3o, Fernanda participou de projetos de Inicia\u00e7\u00e3o Cientifica, Pesquisa e Extens\u00e3o, experi\u00eancias que, de acordo com ela, foram de extrema import\u00e2ncia para a profissional que est\u00e1 se tornando.<\/span><\/p>\n<p style=\"text-align: justify\"><span style=\"color: #000000\">\u201cTer em meu curr\u00edculo essa comenda \u00e9 sem d\u00favidas um diferencial, al\u00e9m de ser um momento muito especial, eu estou muito feliz, tenho v\u00e1rios planos e v\u00e1rias oportunidades em vista e eu estou avaliando tudo com carinho para escolher o que for melhor para o meu futuro\u201d, afirma.<\/span><\/p>\n<p><a href=\"https:\/\/cpar.ufms.br\/files\/2019\/09\/fernanda1.jpg\"><img fetchpriority=\"high\" decoding=\"async\" class=\"alignnone size-medium wp-image-8827\" src=\"https:\/\/cpar.ufms.br\/files\/2019\/09\/fernanda1-225x300.jpg\" alt=\"\" width=\"225\" height=\"300\" srcset=\"https:\/\/cpar.ufms.br\/files\/2019\/09\/fernanda1-225x300.jpg 225w, https:\/\/cpar.ufms.br\/files\/2019\/09\/fernanda1-768x1024.jpg 768w, https:\/\/cpar.ufms.br\/files\/2019\/09\/fernanda1-240x320.jpg 240w, https:\/\/cpar.ufms.br\/files\/2019\/09\/fernanda1.jpg 780w\" sizes=\"(max-width: 225px) 100vw, 225px\" \/><\/a>\u00a0 <a href=\"https:\/\/cpar.ufms.br\/files\/2019\/09\/fernanda2.jpg\"><img decoding=\"async\" class=\"alignnone size-medium wp-image-8828\" src=\"https:\/\/cpar.ufms.br\/files\/2019\/09\/fernanda2-225x300.jpg\" alt=\"\" width=\"225\" height=\"300\" srcset=\"https:\/\/cpar.ufms.br\/files\/2019\/09\/fernanda2-225x300.jpg 225w, https:\/\/cpar.ufms.br\/files\/2019\/09\/fernanda2-768x1024.jpg 768w, https:\/\/cpar.ufms.br\/files\/2019\/09\/fernanda2-240x320.jpg 240w, https:\/\/cpar.ufms.br\/files\/2019\/09\/fernanda2.jpg 780w\" sizes=\"(max-width: 225px) 100vw, 225px\" \/><\/a>\u00a0 <a href=\"https:\/\/cpar.ufms.br\/files\/2019\/09\/fernanda-sapia2.jpg\"><img decoding=\"async\" class=\"alignnone size-medium wp-image-8826\" src=\"https:\/\/cpar.ufms.br\/files\/2019\/09\/fernanda-sapia2-300x199.jpg\" alt=\"\" width=\"300\" height=\"199\" srcset=\"https:\/\/cpar.ufms.br\/files\/2019\/09\/fernanda-sapia2-300x199.jpg 300w, https:\/\/cpar.ufms.br\/files\/2019\/09\/fernanda-sapia2-768x510.jpg 768w, https:\/\/cpar.ufms.br\/files\/2019\/09\/fernanda-sapia2-1024x680.jpg 1024w, https:\/\/cpar.ufms.br\/files\/2019\/09\/fernanda-sapia2-482x320.jpg 482w, https:\/\/cpar.ufms.br\/files\/2019\/09\/fernanda-sapia2-350x233.jpg 350w, https:\/\/cpar.ufms.br\/files\/2019\/09\/fernanda-sapia2.jpg 1506w\" sizes=\"(max-width: 300px) 100vw, 300px\" \/><\/a><\/p>\n<p><span style=\"color: #ffffff\">.<\/span><\/p>\n<pre><strong>Brunna de Oliveira Freitas<\/strong> (estagi\u00e1ria Agecom no CPAR)<\/pre>\n","protected":false},"excerpt":{"rendered":"<p>No dia 12 de setembro, profissionais da \u00e1rea de Administra\u00e7\u00e3o foram homenageados em uma sess\u00e3o solene realizada no Plen\u00e1rio Deputado J\u00falio Maia, na Assembleia Legislativa de Mato Grosso do Sul. Foram entregues as comendas \u201cM\u00e9rito Legislativo Mary Parker Follet\u201d, \u201cEducador Em\u00e9rito 2019\u201d, \u201cPersonalidade Destaque do ano de 2019\u201d e \u201cAcad\u00eamico Em\u00e9rito de 2019\u201d. O evento [&hellip;]<\/p>\n","protected":false},"author":2862,"featured_media":8829,"comment_status":"closed","ping_status":"open","sticky":false,"template":"","format":"standard","meta":{"footnotes":""},"categories":[3,1],"tags":[],"coauthors":[],"class_list":["post-8825","post","type-post","status-publish","format-standard","has-post-thumbnail","hentry","category-fotos-imagens","category-noticias"],"yoast_head":"<!-- This site is optimized with the Yoast SEO plugin v26.2 - https:\/\/yoast.com\/wordpress\/plugins\/seo\/ -->\n<title>Egressa da UFMS\/CPAR recebe Certificado de Acad\u00eamico Em\u00e9rito na Assembleia Legislativa - CPAR - Campus de Parana\u00edba<\/title>\n<meta name=\"robots\" content=\"index, follow, max-snippet:-1, max-image-preview:large, max-video-preview:-1\" \/>\n<link rel=\"canonical\" href=\"https:\/\/cpar.ufms.br\/egressa-da-ufms-cpar-recebe-certificado-de-academico-emerito-na-assembleia-legislativa\/\" \/>\n<meta property=\"og:locale\" content=\"en_US\" \/>\n<meta property=\"og:type\" content=\"article\" \/>\n<meta property=\"og:title\" content=\"Egressa da UFMS\/CPAR recebe Certificado de Acad\u00eamico Em\u00e9rito na Assembleia Legislativa - CPAR - Campus de Parana\u00edba\" \/>\n<meta property=\"og:description\" content=\"No dia 12 de setembro, profissionais da \u00e1rea de Administra\u00e7\u00e3o foram homenageados em uma sess\u00e3o solene realizada no Plen\u00e1rio Deputado J\u00falio Maia, na Assembleia Legislativa de Mato Grosso do Sul. Foram entregues as comendas \u201cM\u00e9rito Legislativo Mary Parker Follet\u201d, \u201cEducador Em\u00e9rito 2019\u201d, \u201cPersonalidade Destaque do ano de 2019\u201d e \u201cAcad\u00eamico Em\u00e9rito de 2019\u201d. O evento [&hellip;]\" \/>\n<meta property=\"og:url\" content=\"https:\/\/cpar.ufms.br\/egressa-da-ufms-cpar-recebe-certificado-de-academico-emerito-na-assembleia-legislativa\/\" \/>\n<meta property=\"og:site_name\" content=\"CPAR - Campus de Parana\u00edba\" \/>\n<meta property=\"article:published_time\" content=\"2019-09-19T11:42:04+00:00\" \/>\n<meta property=\"article:modified_time\" content=\"2019-10-14T12:44:36+00:00\" \/>\n<meta property=\"og:image\" content=\"https:\/\/cpar.ufms.br\/files\/2019\/09\/fernanda-sapia.jpg\" \/>\n\t<meta property=\"og:image:width\" content=\"1506\" \/>\n\t<meta property=\"og:image:height\" content=\"1000\" \/>\n\t<meta property=\"og:image:type\" content=\"image\/jpeg\" \/>\n<meta name=\"author\" content=\"leonardo.chaves\" \/>\n<meta name=\"twitter:label1\" content=\"Written by\" \/>\n\t<meta name=\"twitter:data1\" content=\"leonardo.chaves\" \/>\n\t<meta name=\"twitter:label2\" content=\"Est. reading time\" \/>\n\t<meta name=\"twitter:data2\" content=\"2 minutes\" \/>\n<script type=\"application\/ld+json\" class=\"yoast-schema-graph\">{\"@context\":\"https:\/\/schema.org\",\"@graph\":[{\"@type\":\"WebPage\",\"@id\":\"https:\/\/cpar.ufms.br\/egressa-da-ufms-cpar-recebe-certificado-de-academico-emerito-na-assembleia-legislativa\/\",\"url\":\"https:\/\/cpar.ufms.br\/egressa-da-ufms-cpar-recebe-certificado-de-academico-emerito-na-assembleia-legislativa\/\",\"name\":\"Egressa da UFMS\/CPAR recebe Certificado de Acad\u00eamico Em\u00e9rito na Assembleia Legislativa - CPAR - Campus de Parana\u00edba\",\"isPartOf\":{\"@id\":\"https:\/\/cpar.ufms.br\/#website\"},\"primaryImageOfPage\":{\"@id\":\"https:\/\/cpar.ufms.br\/egressa-da-ufms-cpar-recebe-certificado-de-academico-emerito-na-assembleia-legislativa\/#primaryimage\"},\"image\":{\"@id\":\"https:\/\/cpar.ufms.br\/egressa-da-ufms-cpar-recebe-certificado-de-academico-emerito-na-assembleia-legislativa\/#primaryimage\"},\"thumbnailUrl\":\"https:\/\/cpar.ufms.br\/files\/2019\/09\/fernanda-sapia.jpg\",\"datePublished\":\"2019-09-19T11:42:04+00:00\",\"dateModified\":\"2019-10-14T12:44:36+00:00\",\"author\":{\"@id\":\"https:\/\/cpar.ufms.br\/#\/schema\/person\/59587bd0b789889f7c25a946467cc6ee\"},\"breadcrumb\":{\"@id\":\"https:\/\/cpar.ufms.br\/egressa-da-ufms-cpar-recebe-certificado-de-academico-emerito-na-assembleia-legislativa\/#breadcrumb\"},\"inLanguage\":\"en-US\",\"potentialAction\":[{\"@type\":\"ReadAction\",\"target\":[\"https:\/\/cpar.ufms.br\/egressa-da-ufms-cpar-recebe-certificado-de-academico-emerito-na-assembleia-legislativa\/\"]}]},{\"@type\":\"ImageObject\",\"inLanguage\":\"en-US\",\"@id\":\"https:\/\/cpar.ufms.br\/egressa-da-ufms-cpar-recebe-certificado-de-academico-emerito-na-assembleia-legislativa\/#primaryimage\",\"url\":\"https:\/\/cpar.ufms.br\/files\/2019\/09\/fernanda-sapia.jpg\",\"contentUrl\":\"https:\/\/cpar.ufms.br\/files\/2019\/09\/fernanda-sapia.jpg\",\"width\":1506,\"height\":1000},{\"@type\":\"BreadcrumbList\",\"@id\":\"https:\/\/cpar.ufms.br\/egressa-da-ufms-cpar-recebe-certificado-de-academico-emerito-na-assembleia-legislativa\/#breadcrumb\",\"itemListElement\":[{\"@type\":\"ListItem\",\"position\":1,\"name\":\"In\u00edcio\",\"item\":\"https:\/\/cpar.ufms.br\/\"},{\"@type\":\"ListItem\",\"position\":2,\"name\":\"Egressa da UFMS\/CPAR recebe Certificado de Acad\u00eamico Em\u00e9rito na Assembleia Legislativa\"}]},{\"@type\":\"WebSite\",\"@id\":\"https:\/\/cpar.ufms.br\/#website\",\"url\":\"https:\/\/cpar.ufms.br\/\",\"name\":\"CPAR - Campus de Parana\u00edba\",\"description\":\"Universidade Federal de Mato Grosso do Sul\",\"potentialAction\":[{\"@type\":\"SearchAction\",\"target\":{\"@type\":\"EntryPoint\",\"urlTemplate\":\"https:\/\/cpar.ufms.br\/?s={search_term_string}\"},\"query-input\":{\"@type\":\"PropertyValueSpecification\",\"valueRequired\":true,\"valueName\":\"search_term_string\"}}],\"inLanguage\":\"en-US\"},{\"@type\":\"Person\",\"@id\":\"https:\/\/cpar.ufms.br\/#\/schema\/person\/59587bd0b789889f7c25a946467cc6ee\",\"name\":\"leonardo.chaves\",\"image\":{\"@type\":\"ImageObject\",\"inLanguage\":\"en-US\",\"@id\":\"https:\/\/cpar.ufms.br\/#\/schema\/person\/image\/8d5547fb00bb666fef0f1247643a766d\",\"url\":\"https:\/\/secure.gravatar.com\/avatar\/2d276c35f5a2d842904264c905380e54d2fae11553a818c64073429e2e797d61?s=96&d=mm&r=g\",\"contentUrl\":\"https:\/\/secure.gravatar.com\/avatar\/2d276c35f5a2d842904264c905380e54d2fae11553a818c64073429e2e797d61?s=96&d=mm&r=g\",\"caption\":\"leonardo.chaves\"},\"url\":\"https:\/\/cpar.ufms.br\/en\/author\/leonardo-chaves\/\"}]}<\/script>\n<!-- \/ Yoast SEO plugin. -->","yoast_head_json":{"title":"Egressa da UFMS\/CPAR recebe Certificado de Acad\u00eamico Em\u00e9rito na Assembleia Legislativa - CPAR - Campus de Parana\u00edba","robots":{"index":"index","follow":"follow","max-snippet":"max-snippet:-1","max-image-preview":"max-image-preview:large","max-video-preview":"max-video-preview:-1"},"canonical":"https:\/\/cpar.ufms.br\/egressa-da-ufms-cpar-recebe-certificado-de-academico-emerito-na-assembleia-legislativa\/","og_locale":"en_US","og_type":"article","og_title":"Egressa da UFMS\/CPAR recebe Certificado de Acad\u00eamico Em\u00e9rito na Assembleia Legislativa - CPAR - Campus de Parana\u00edba","og_description":"No dia 12 de setembro, profissionais da \u00e1rea de Administra\u00e7\u00e3o foram homenageados em uma sess\u00e3o solene realizada no Plen\u00e1rio Deputado J\u00falio Maia, na Assembleia Legislativa de Mato Grosso do Sul. Foram entregues as comendas \u201cM\u00e9rito Legislativo Mary Parker Follet\u201d, \u201cEducador Em\u00e9rito 2019\u201d, \u201cPersonalidade Destaque do ano de 2019\u201d e \u201cAcad\u00eamico Em\u00e9rito de 2019\u201d. O evento [&hellip;]","og_url":"https:\/\/cpar.ufms.br\/egressa-da-ufms-cpar-recebe-certificado-de-academico-emerito-na-assembleia-legislativa\/","og_site_name":"CPAR - Campus de Parana\u00edba","article_published_time":"2019-09-19T11:42:04+00:00","article_modified_time":"2019-10-14T12:44:36+00:00","og_image":[{"width":1506,"height":1000,"url":"https:\/\/cpar.ufms.br\/files\/2019\/09\/fernanda-sapia.jpg","type":"image\/jpeg"}],"author":"leonardo.chaves","twitter_misc":{"Written by":"leonardo.chaves","Est. reading time":"2 minutes"},"schema":{"@context":"https:\/\/schema.org","@graph":[{"@type":"WebPage","@id":"https:\/\/cpar.ufms.br\/egressa-da-ufms-cpar-recebe-certificado-de-academico-emerito-na-assembleia-legislativa\/","url":"https:\/\/cpar.ufms.br\/egressa-da-ufms-cpar-recebe-certificado-de-academico-emerito-na-assembleia-legislativa\/","name":"Egressa da UFMS\/CPAR recebe Certificado de Acad\u00eamico Em\u00e9rito na Assembleia Legislativa - CPAR - Campus de Parana\u00edba","isPartOf":{"@id":"https:\/\/cpar.ufms.br\/#website"},"primaryImageOfPage":{"@id":"https:\/\/cpar.ufms.br\/egressa-da-ufms-cpar-recebe-certificado-de-academico-emerito-na-assembleia-legislativa\/#primaryimage"},"image":{"@id":"https:\/\/cpar.ufms.br\/egressa-da-ufms-cpar-recebe-certificado-de-academico-emerito-na-assembleia-legislativa\/#primaryimage"},"thumbnailUrl":"https:\/\/cpar.ufms.br\/files\/2019\/09\/fernanda-sapia.jpg","datePublished":"2019-09-19T11:42:04+00:00","dateModified":"2019-10-14T12:44:36+00:00","author":{"@id":"https:\/\/cpar.ufms.br\/#\/schema\/person\/59587bd0b789889f7c25a946467cc6ee"},"breadcrumb":{"@id":"https:\/\/cpar.ufms.br\/egressa-da-ufms-cpar-recebe-certificado-de-academico-emerito-na-assembleia-legislativa\/#breadcrumb"},"inLanguage":"en-US","potentialAction":[{"@type":"ReadAction","target":["https:\/\/cpar.ufms.br\/egressa-da-ufms-cpar-recebe-certificado-de-academico-emerito-na-assembleia-legislativa\/"]}]},{"@type":"ImageObject","inLanguage":"en-US","@id":"https:\/\/cpar.ufms.br\/egressa-da-ufms-cpar-recebe-certificado-de-academico-emerito-na-assembleia-legislativa\/#primaryimage","url":"https:\/\/cpar.ufms.br\/files\/2019\/09\/fernanda-sapia.jpg","contentUrl":"https:\/\/cpar.ufms.br\/files\/2019\/09\/fernanda-sapia.jpg","width":1506,"height":1000},{"@type":"BreadcrumbList","@id":"https:\/\/cpar.ufms.br\/egressa-da-ufms-cpar-recebe-certificado-de-academico-emerito-na-assembleia-legislativa\/#breadcrumb","itemListElement":[{"@type":"ListItem","position":1,"name":"In\u00edcio","item":"https:\/\/cpar.ufms.br\/"},{"@type":"ListItem","position":2,"name":"Egressa da UFMS\/CPAR recebe Certificado de Acad\u00eamico Em\u00e9rito na Assembleia Legislativa"}]},{"@type":"WebSite","@id":"https:\/\/cpar.ufms.br\/#website","url":"https:\/\/cpar.ufms.br\/","name":"CPAR - Campus de Parana\u00edba","description":"Universidade Federal de Mato Grosso do Sul","potentialAction":[{"@type":"SearchAction","target":{"@type":"EntryPoint","urlTemplate":"https:\/\/cpar.ufms.br\/?s={search_term_string}"},"query-input":{"@type":"PropertyValueSpecification","valueRequired":true,"valueName":"search_term_string"}}],"inLanguage":"en-US"},{"@type":"Person","@id":"https:\/\/cpar.ufms.br\/#\/schema\/person\/59587bd0b789889f7c25a946467cc6ee","name":"leonardo.chaves","image":{"@type":"ImageObject","inLanguage":"en-US","@id":"https:\/\/cpar.ufms.br\/#\/schema\/person\/image\/8d5547fb00bb666fef0f1247643a766d","url":"https:\/\/secure.gravatar.com\/avatar\/2d276c35f5a2d842904264c905380e54d2fae11553a818c64073429e2e797d61?s=96&d=mm&r=g","contentUrl":"https:\/\/secure.gravatar.com\/avatar\/2d276c35f5a2d842904264c905380e54d2fae11553a818c64073429e2e797d61?s=96&d=mm&r=g","caption":"leonardo.chaves"},"url":"https:\/\/cpar.ufms.br\/en\/author\/leonardo-chaves\/"}]}},"_links":{"self":[{"href":"https:\/\/cpar.ufms.br\/en\/wp-json\/wp\/v2\/posts\/8825","targetHints":{"allow":["GET"]}}],"collection":[{"href":"https:\/\/cpar.ufms.br\/en\/wp-json\/wp\/v2\/posts"}],"about":[{"href":"https:\/\/cpar.ufms.br\/en\/wp-json\/wp\/v2\/types\/post"}],"author":[{"embeddable":true,"href":"https:\/\/cpar.ufms.br\/en\/wp-json\/wp\/v2\/users\/2862"}],"replies":[{"embeddable":true,"href":"https:\/\/cpar.ufms.br\/en\/wp-json\/wp\/v2\/comments?post=8825"}],"version-history":[{"count":2,"href":"https:\/\/cpar.ufms.br\/en\/wp-json\/wp\/v2\/posts\/8825\/revisions"}],"predecessor-version":[{"id":8831,"href":"https:\/\/cpar.ufms.br\/en\/wp-json\/wp\/v2\/posts\/8825\/revisions\/8831"}],"wp:featuredmedia":[{"embeddable":true,"href":"https:\/\/cpar.ufms.br\/en\/wp-json\/wp\/v2\/media\/8829"}],"wp:attachment":[{"href":"https:\/\/cpar.ufms.br\/en\/wp-json\/wp\/v2\/media?parent=8825"}],"wp:term":[{"taxonomy":"category","embeddable":true,"href":"https:\/\/cpar.ufms.br\/en\/wp-json\/wp\/v2\/categories?post=8825"},{"taxonomy":"post_tag","embeddable":true,"href":"https:\/\/cpar.ufms.br\/en\/wp-json\/wp\/v2\/tags?post=8825"},{"taxonomy":"author","embeddable":true,"href":"https:\/\/cpar.ufms.br\/en\/wp-json\/wp\/v2\/coauthors?post=8825"}],"curies":[{"name":"wp","href":"https:\/\/api.w.org\/{rel}","templated":true}]}}