{"id":8952,"date":"2019-11-04T14:30:13","date_gmt":"2019-11-04T18:30:13","guid":{"rendered":"https:\/\/cpar.ufms.br\/?p=8952"},"modified":"2019-11-14T07:55:50","modified_gmt":"2019-11-14T11:55:50","slug":"12-11-2019-palestra-os-25-anos-do-plano-real-1994-2019","status":"publish","type":"post","link":"https:\/\/cpar.ufms.br\/en\/12-11-2019-palestra-os-25-anos-do-plano-real-1994-2019\/","title":{"rendered":"12\/11\/2019 &#8211; Palestra OS 25 ANOS DO PLANO REAL 1994-2019"},"content":{"rendered":"<p>No dia 12\/11 (ter\u00e7a-feira) \u00e0s 18h45,\u00a0 acontecer\u00e1 a palestra <strong>Os 25 anos do plano real 1994-2019,<\/strong> ministrada pelo Professor Doutor Odirlei Fernando Dal Moro.<\/p>\n<p>Odirlei \u00e9 Doutor em Teoria Econ\u00f4mica pela Universidade Estadual de Maring\u00e1 (UEM) e professor do curso de Administra\u00e7\u00e3o do CPAR.<\/p>\n<p><span style=\"color: #ff0000\">Entrada:<\/span><\/p>\n<p>Doa\u00e7\u00e3o volunt\u00e1ria de 1kg de alimento n\u00e3o perec\u00edvel.<\/p>\n<p>&nbsp;<\/p>\n<p><span style=\"color: #ff0000\">Local:<\/span><\/p>\n<p>Anfiteatro da UFMS \/ Campus de Parana\u00edba<\/p>\n<p>&nbsp;<\/p>\n<p><span style=\"color: #ff0000\">Data e Hor\u00e1rio:<\/span><\/p>\n<p>12 de Novembro \u00e0s 18h45<\/p>\n","protected":false},"excerpt":{"rendered":"<p>No dia 12\/11 (ter\u00e7a-feira) \u00e0s 18h45,\u00a0 acontecer\u00e1 a palestra Os 25 anos do plano real 1994-2019, ministrada pelo Professor Doutor Odirlei Fernando Dal Moro. Odirlei \u00e9 Doutor em Teoria Econ\u00f4mica pela Universidade Estadual de Maring\u00e1 (UEM) e professor do curso de Administra\u00e7\u00e3o do CPAR. Entrada: Doa\u00e7\u00e3o volunt\u00e1ria de 1kg de alimento n\u00e3o perec\u00edvel. &nbsp; Local: [&hellip;]<\/p>\n","protected":false},"author":1381,"featured_media":0,"comment_status":"closed","ping_status":"open","sticky":false,"template":"","format":"standard","meta":{"footnotes":""},"categories":[1],"tags":[],"coauthors":[],"class_list":["post-8952","post","type-post","status-publish","format-standard","hentry","category-noticias"],"yoast_head":"<!-- This site is optimized with the Yoast SEO plugin v26.2 - https:\/\/yoast.com\/wordpress\/plugins\/seo\/ -->\n<title>12\/11\/2019 - Palestra OS 25 ANOS DO PLANO REAL 1994-2019 - CPAR - Campus de Parana\u00edba<\/title>\n<meta name=\"robots\" content=\"index, follow, max-snippet:-1, max-image-preview:large, max-video-preview:-1\" \/>\n<link rel=\"canonical\" href=\"https:\/\/cpar.ufms.br\/12-11-2019-palestra-os-25-anos-do-plano-real-1994-2019\/\" \/>\n<meta property=\"og:locale\" content=\"en_US\" \/>\n<meta property=\"og:type\" content=\"article\" \/>\n<meta property=\"og:title\" content=\"12\/11\/2019 - Palestra OS 25 ANOS DO PLANO REAL 1994-2019 - CPAR - Campus de Parana\u00edba\" \/>\n<meta property=\"og:description\" content=\"No dia 12\/11 (ter\u00e7a-feira) \u00e0s 18h45,\u00a0 acontecer\u00e1 a palestra Os 25 anos do plano real 1994-2019, ministrada pelo Professor Doutor Odirlei Fernando Dal Moro. Odirlei \u00e9 Doutor em Teoria Econ\u00f4mica pela Universidade Estadual de Maring\u00e1 (UEM) e professor do curso de Administra\u00e7\u00e3o do CPAR. Entrada: Doa\u00e7\u00e3o volunt\u00e1ria de 1kg de alimento n\u00e3o perec\u00edvel. &nbsp; Local: [&hellip;]\" \/>\n<meta property=\"og:url\" content=\"https:\/\/cpar.ufms.br\/12-11-2019-palestra-os-25-anos-do-plano-real-1994-2019\/\" \/>\n<meta property=\"og:site_name\" content=\"CPAR - Campus de Parana\u00edba\" \/>\n<meta property=\"article:published_time\" content=\"2019-11-04T18:30:13+00:00\" \/>\n<meta property=\"article:modified_time\" content=\"2019-11-14T11:55:50+00:00\" \/>\n<meta property=\"og:image\" content=\"https:\/\/cpar.ufms.br\/files\/2019\/11\/palestra-real.png\" \/>\n\t<meta property=\"og:image:width\" content=\"1587\" \/>\n\t<meta property=\"og:image:height\" content=\"906\" \/>\n\t<meta property=\"og:image:type\" content=\"image\/png\" \/>\n<meta name=\"author\" content=\"dirceu.matos\" \/>\n<meta name=\"twitter:label1\" content=\"Written by\" \/>\n\t<meta name=\"twitter:data1\" content=\"dirceu.matos\" \/>\n<script type=\"application\/ld+json\" class=\"yoast-schema-graph\">{\"@context\":\"https:\/\/schema.org\",\"@graph\":[{\"@type\":\"WebPage\",\"@id\":\"https:\/\/cpar.ufms.br\/12-11-2019-palestra-os-25-anos-do-plano-real-1994-2019\/\",\"url\":\"https:\/\/cpar.ufms.br\/12-11-2019-palestra-os-25-anos-do-plano-real-1994-2019\/\",\"name\":\"12\/11\/2019 - Palestra OS 25 ANOS DO PLANO REAL 1994-2019 - CPAR - Campus de Parana\u00edba\",\"isPartOf\":{\"@id\":\"https:\/\/cpar.ufms.br\/#website\"},\"datePublished\":\"2019-11-04T18:30:13+00:00\",\"dateModified\":\"2019-11-14T11:55:50+00:00\",\"author\":{\"@id\":\"https:\/\/cpar.ufms.br\/#\/schema\/person\/6ba8428dbd1474a3e46372f975d5420e\"},\"breadcrumb\":{\"@id\":\"https:\/\/cpar.ufms.br\/12-11-2019-palestra-os-25-anos-do-plano-real-1994-2019\/#breadcrumb\"},\"inLanguage\":\"en-US\",\"potentialAction\":[{\"@type\":\"ReadAction\",\"target\":[\"https:\/\/cpar.ufms.br\/12-11-2019-palestra-os-25-anos-do-plano-real-1994-2019\/\"]}]},{\"@type\":\"BreadcrumbList\",\"@id\":\"https:\/\/cpar.ufms.br\/12-11-2019-palestra-os-25-anos-do-plano-real-1994-2019\/#breadcrumb\",\"itemListElement\":[{\"@type\":\"ListItem\",\"position\":1,\"name\":\"In\u00edcio\",\"item\":\"https:\/\/cpar.ufms.br\/\"},{\"@type\":\"ListItem\",\"position\":2,\"name\":\"12\/11\/2019 &#8211; Palestra OS 25 ANOS DO PLANO REAL 1994-2019\"}]},{\"@type\":\"WebSite\",\"@id\":\"https:\/\/cpar.ufms.br\/#website\",\"url\":\"https:\/\/cpar.ufms.br\/\",\"name\":\"CPAR - Campus de Parana\u00edba\",\"description\":\"Universidade Federal de Mato Grosso do Sul\",\"potentialAction\":[{\"@type\":\"SearchAction\",\"target\":{\"@type\":\"EntryPoint\",\"urlTemplate\":\"https:\/\/cpar.ufms.br\/?s={search_term_string}\"},\"query-input\":{\"@type\":\"PropertyValueSpecification\",\"valueRequired\":true,\"valueName\":\"search_term_string\"}}],\"inLanguage\":\"en-US\"},{\"@type\":\"Person\",\"@id\":\"https:\/\/cpar.ufms.br\/#\/schema\/person\/6ba8428dbd1474a3e46372f975d5420e\",\"name\":\"dirceu.matos\",\"image\":{\"@type\":\"ImageObject\",\"inLanguage\":\"en-US\",\"@id\":\"https:\/\/cpar.ufms.br\/#\/schema\/person\/image\/40bcd39921a8d882b30cba22ce15a965\",\"url\":\"https:\/\/secure.gravatar.com\/avatar\/f54475166fe409b60e2749f604f1f09db29d6d9f20035abd8bb1d2e8b344a0f7?s=96&d=mm&r=g\",\"contentUrl\":\"https:\/\/secure.gravatar.com\/avatar\/f54475166fe409b60e2749f604f1f09db29d6d9f20035abd8bb1d2e8b344a0f7?s=96&d=mm&r=g\",\"caption\":\"dirceu.matos\"},\"url\":\"https:\/\/cpar.ufms.br\/en\/author\/dirceu-matos\/\"}]}<\/script>\n<!-- \/ Yoast SEO plugin. -->","yoast_head_json":{"title":"12\/11\/2019 - Palestra OS 25 ANOS DO PLANO REAL 1994-2019 - CPAR - Campus de Parana\u00edba","robots":{"index":"index","follow":"follow","max-snippet":"max-snippet:-1","max-image-preview":"max-image-preview:large","max-video-preview":"max-video-preview:-1"},"canonical":"https:\/\/cpar.ufms.br\/12-11-2019-palestra-os-25-anos-do-plano-real-1994-2019\/","og_locale":"en_US","og_type":"article","og_title":"12\/11\/2019 - Palestra OS 25 ANOS DO PLANO REAL 1994-2019 - CPAR - Campus de Parana\u00edba","og_description":"No dia 12\/11 (ter\u00e7a-feira) \u00e0s 18h45,\u00a0 acontecer\u00e1 a palestra Os 25 anos do plano real 1994-2019, ministrada pelo Professor Doutor Odirlei Fernando Dal Moro. Odirlei \u00e9 Doutor em Teoria Econ\u00f4mica pela Universidade Estadual de Maring\u00e1 (UEM) e professor do curso de Administra\u00e7\u00e3o do CPAR. Entrada: Doa\u00e7\u00e3o volunt\u00e1ria de 1kg de alimento n\u00e3o perec\u00edvel. &nbsp; Local: [&hellip;]","og_url":"https:\/\/cpar.ufms.br\/12-11-2019-palestra-os-25-anos-do-plano-real-1994-2019\/","og_site_name":"CPAR - Campus de Parana\u00edba","article_published_time":"2019-11-04T18:30:13+00:00","article_modified_time":"2019-11-14T11:55:50+00:00","og_image":[{"width":1587,"height":906,"url":"https:\/\/cpar.ufms.br\/files\/2019\/11\/palestra-real.png","type":"image\/png"}],"author":"dirceu.matos","twitter_misc":{"Written by":"dirceu.matos"},"schema":{"@context":"https:\/\/schema.org","@graph":[{"@type":"WebPage","@id":"https:\/\/cpar.ufms.br\/12-11-2019-palestra-os-25-anos-do-plano-real-1994-2019\/","url":"https:\/\/cpar.ufms.br\/12-11-2019-palestra-os-25-anos-do-plano-real-1994-2019\/","name":"12\/11\/2019 - Palestra OS 25 ANOS DO PLANO REAL 1994-2019 - CPAR - Campus de Parana\u00edba","isPartOf":{"@id":"https:\/\/cpar.ufms.br\/#website"},"datePublished":"2019-11-04T18:30:13+00:00","dateModified":"2019-11-14T11:55:50+00:00","author":{"@id":"https:\/\/cpar.ufms.br\/#\/schema\/person\/6ba8428dbd1474a3e46372f975d5420e"},"breadcrumb":{"@id":"https:\/\/cpar.ufms.br\/12-11-2019-palestra-os-25-anos-do-plano-real-1994-2019\/#breadcrumb"},"inLanguage":"en-US","potentialAction":[{"@type":"ReadAction","target":["https:\/\/cpar.ufms.br\/12-11-2019-palestra-os-25-anos-do-plano-real-1994-2019\/"]}]},{"@type":"BreadcrumbList","@id":"https:\/\/cpar.ufms.br\/12-11-2019-palestra-os-25-anos-do-plano-real-1994-2019\/#breadcrumb","itemListElement":[{"@type":"ListItem","position":1,"name":"In\u00edcio","item":"https:\/\/cpar.ufms.br\/"},{"@type":"ListItem","position":2,"name":"12\/11\/2019 &#8211; Palestra OS 25 ANOS DO PLANO REAL 1994-2019"}]},{"@type":"WebSite","@id":"https:\/\/cpar.ufms.br\/#website","url":"https:\/\/cpar.ufms.br\/","name":"CPAR - Campus de Parana\u00edba","description":"Universidade Federal de Mato Grosso do Sul","potentialAction":[{"@type":"SearchAction","target":{"@type":"EntryPoint","urlTemplate":"https:\/\/cpar.ufms.br\/?s={search_term_string}"},"query-input":{"@type":"PropertyValueSpecification","valueRequired":true,"valueName":"search_term_string"}}],"inLanguage":"en-US"},{"@type":"Person","@id":"https:\/\/cpar.ufms.br\/#\/schema\/person\/6ba8428dbd1474a3e46372f975d5420e","name":"dirceu.matos","image":{"@type":"ImageObject","inLanguage":"en-US","@id":"https:\/\/cpar.ufms.br\/#\/schema\/person\/image\/40bcd39921a8d882b30cba22ce15a965","url":"https:\/\/secure.gravatar.com\/avatar\/f54475166fe409b60e2749f604f1f09db29d6d9f20035abd8bb1d2e8b344a0f7?s=96&d=mm&r=g","contentUrl":"https:\/\/secure.gravatar.com\/avatar\/f54475166fe409b60e2749f604f1f09db29d6d9f20035abd8bb1d2e8b344a0f7?s=96&d=mm&r=g","caption":"dirceu.matos"},"url":"https:\/\/cpar.ufms.br\/en\/author\/dirceu-matos\/"}]}},"_links":{"self":[{"href":"https:\/\/cpar.ufms.br\/en\/wp-json\/wp\/v2\/posts\/8952","targetHints":{"allow":["GET"]}}],"collection":[{"href":"https:\/\/cpar.ufms.br\/en\/wp-json\/wp\/v2\/posts"}],"about":[{"href":"https:\/\/cpar.ufms.br\/en\/wp-json\/wp\/v2\/types\/post"}],"author":[{"embeddable":true,"href":"https:\/\/cpar.ufms.br\/en\/wp-json\/wp\/v2\/users\/1381"}],"replies":[{"embeddable":true,"href":"https:\/\/cpar.ufms.br\/en\/wp-json\/wp\/v2\/comments?post=8952"}],"version-history":[{"count":1,"href":"https:\/\/cpar.ufms.br\/en\/wp-json\/wp\/v2\/posts\/8952\/revisions"}],"predecessor-version":[{"id":8954,"href":"https:\/\/cpar.ufms.br\/en\/wp-json\/wp\/v2\/posts\/8952\/revisions\/8954"}],"wp:attachment":[{"href":"https:\/\/cpar.ufms.br\/en\/wp-json\/wp\/v2\/media?parent=8952"}],"wp:term":[{"taxonomy":"category","embeddable":true,"href":"https:\/\/cpar.ufms.br\/en\/wp-json\/wp\/v2\/categories?post=8952"},{"taxonomy":"post_tag","embeddable":true,"href":"https:\/\/cpar.ufms.br\/en\/wp-json\/wp\/v2\/tags?post=8952"},{"taxonomy":"author","embeddable":true,"href":"https:\/\/cpar.ufms.br\/en\/wp-json\/wp\/v2\/coauthors?post=8952"}],"curies":[{"name":"wp","href":"https:\/\/api.w.org\/{rel}","templated":true}]}}