{"id":8977,"date":"2019-11-07T09:33:52","date_gmt":"2019-11-07T13:33:52","guid":{"rendered":"https:\/\/cpar.ufms.br\/?p=8977"},"modified":"2019-11-07T09:34:19","modified_gmt":"2019-11-07T13:34:19","slug":"aluna-de-psicologia-do-campus-de-paranaiba-tem-trabalho-premiado-em-primeiro-lugar-em-evento-da-ufms","status":"publish","type":"post","link":"https:\/\/cpar.ufms.br\/en\/aluna-de-psicologia-do-campus-de-paranaiba-tem-trabalho-premiado-em-primeiro-lugar-em-evento-da-ufms\/","title":{"rendered":"Aluna de Psicologia do Campus de Parana\u00edba tem trabalho premiado em primeiro lugar em evento da UFMS"},"content":{"rendered":"<p style=\"text-align: justify\"><span style=\"color: #000000\">No dia 31 de outubro aconteceu o 3\u00ba Simp\u00f3sio de Sa\u00fade Mental: Limites da Loucura, no Campus de Tr\u00eas Lagoas da UFMS. A aluna de Psicologia do Campus de Parana\u00edba, <strong>Sarah Cristina de Macedo Martins<\/strong>, teve seu trabalho cient\u00edfico \u201c<em><strong>A Perspectiva Psicanal\u00edtica sobre o Suic\u00eddio e suas Poss\u00edveis Contribui\u00e7\u00f5es para a Educa\u00e7\u00e3o<\/strong><\/em>\u201d premiado em primeiro lugar.<\/span><\/p>\n<p style=\"text-align: justify\"><span style=\"color: #000000\">Sarah analisou as produ\u00e7\u00f5es te\u00f3ricas atuais da psican\u00e1lise sobre o suic\u00eddio, buscando compreender como esse entendimento pode contribuir para o contexto educacional. Em seus estudos, a discente concluiu que a \u201cpsican\u00e1lise tem muito a contribuir para a compreens\u00e3o do suic\u00eddio, mas o n\u00famero de estudos produzidos que dialogam os dois temas ainda \u00e9 pequeno\u201d.<\/span><\/p>\n<p style=\"text-align: justify\"><span style=\"color: #000000\">A aluna diz que esse tema tem ganhado muita relev\u00e2ncia nos \u00faltimos anos, devido ao aumento da taxa de suic\u00eddios no pa\u00eds, taxa que pode crescer ainda mais de acordo com estudos sobre o assunto. Sarah enfatiza que \u00e9 importante estudar esse tema tamb\u00e9m na educa\u00e7\u00e3o, \u201cporque na educa\u00e7\u00e3o a gente passa por muitos processos de sofrimento ps\u00edquico, como a quest\u00e3o da press\u00e3o acad\u00eamica. Por\u00e9m esse processo educacional tamb\u00e9m pode servir como um fator de prote\u00e7\u00e3o\u201d, por isso a discente acredita que estudar esse tema pode contribuir bastante para o enfrentamento do suic\u00eddio.<\/span><\/p>\n<p style=\"text-align: justify\"><span style=\"color: #000000\">Sarah foi orientada pela professora do curso de Psicologia, <strong>Camila Bellini Colussi Macedo<\/strong>, durante o Est\u00e1gio B\u00e1sico Obrigat\u00f3rio II. A discente teceu diversos elogios \u00e0 docente, \u201cfoi muito bom trabalhar com a Camila, ela nos deu muita liberdade e apoio desde a escolha do tema at\u00e9 os detalhes da submiss\u00e3o, e ajudou e orientou maravilhosamente bem em cada etapa do trabalho\u201d. Sarah completou dizendo que sem o apoio e orienta\u00e7\u00e3o emp\u00e1tica que teve, essa conquista jamais seria poss\u00edvel.<\/span><\/p>\n<p style=\"text-align: justify\"><span style=\"color: #000000\">Sobre a participa\u00e7\u00e3o no evento, a aluna conta que apenas dois alunos do curso de Psicologia, contando com ela, apresentaram trabalhos acad\u00eamicos. Todos os outros estudos apresentados eram de alunos de Medicina e Enfermagem, al\u00e9m disso a maioria dos participantes eram do Campus de Tr\u00eas Lagoas. \u201cFiquei feliz de valorizarem o entendimento de sa\u00fade mental da Psicologia, e n\u00e3o somente do saber psiqui\u00e1trico e m\u00e9dico\u201d, diz Sarah.<\/span><\/p>\n<p style=\"text-align: justify\"><span style=\"color: #000000\">Al\u00e9m da apresenta\u00e7\u00e3o de seu trabalho e a premia\u00e7\u00e3o que teve, o evento contribuiu bastante para a forma\u00e7\u00e3o da acad\u00eamica. \u201cFoi muito interessante ver o enfoque em um atendimento mais humanizado, emp\u00e1tico, de igual para igual, menos orientado pela soberania do m\u00e9dico, e mais pela rela\u00e7\u00e3o dos pacientes e agentes profissionais de sa\u00fade, em geral. \u201d<\/span><\/p>\n<p><a href=\"https:\/\/cpar.ufms.br\/files\/2019\/11\/WhatsApp-Image-2019-11-06-at-8.27.19-AM.jpeg\"><img fetchpriority=\"high\" decoding=\"async\" class=\"size-medium wp-image-8979 aligncenter\" src=\"https:\/\/cpar.ufms.br\/files\/2019\/11\/WhatsApp-Image-2019-11-06-at-8.27.19-AM-260x300.jpeg\" alt=\"\" width=\"260\" height=\"300\" \/><\/a><\/p>\n<p>&nbsp;<\/p>\n<pre><strong>Brunna de Oliveira Freitas<\/strong> (estagi\u00e1ria Agecom no CPAR)<\/pre>\n","protected":false},"excerpt":{"rendered":"<p>No dia 31 de outubro aconteceu o 3\u00ba Simp\u00f3sio de Sa\u00fade Mental: Limites da Loucura, no Campus de Tr\u00eas Lagoas da UFMS. A aluna de Psicologia do Campus de Parana\u00edba, Sarah Cristina de Macedo Martins, teve seu trabalho cient\u00edfico \u201cA Perspectiva Psicanal\u00edtica sobre o Suic\u00eddio e suas Poss\u00edveis Contribui\u00e7\u00f5es para a Educa\u00e7\u00e3o\u201d premiado em primeiro [&hellip;]<\/p>\n","protected":false},"author":2862,"featured_media":0,"comment_status":"closed","ping_status":"open","sticky":false,"template":"","format":"standard","meta":{"footnotes":""},"categories":[3,1],"tags":[],"coauthors":[],"class_list":["post-8977","post","type-post","status-publish","format-standard","hentry","category-fotos-imagens","category-noticias"],"yoast_head":"<!-- This site is optimized with the Yoast SEO plugin v26.2 - https:\/\/yoast.com\/wordpress\/plugins\/seo\/ -->\n<title>Aluna de Psicologia do Campus de Parana\u00edba tem trabalho premiado em primeiro lugar em evento da UFMS - CPAR - Campus de Parana\u00edba<\/title>\n<meta name=\"robots\" content=\"index, follow, max-snippet:-1, max-image-preview:large, max-video-preview:-1\" \/>\n<link rel=\"canonical\" href=\"https:\/\/cpar.ufms.br\/aluna-de-psicologia-do-campus-de-paranaiba-tem-trabalho-premiado-em-primeiro-lugar-em-evento-da-ufms\/\" \/>\n<meta property=\"og:locale\" content=\"en_US\" \/>\n<meta property=\"og:type\" content=\"article\" \/>\n<meta property=\"og:title\" content=\"Aluna de Psicologia do Campus de Parana\u00edba tem trabalho premiado em primeiro lugar em evento da UFMS - CPAR - Campus de Parana\u00edba\" \/>\n<meta property=\"og:description\" content=\"No dia 31 de outubro aconteceu o 3\u00ba Simp\u00f3sio de Sa\u00fade Mental: Limites da Loucura, no Campus de Tr\u00eas Lagoas da UFMS. A aluna de Psicologia do Campus de Parana\u00edba, Sarah Cristina de Macedo Martins, teve seu trabalho cient\u00edfico \u201cA Perspectiva Psicanal\u00edtica sobre o Suic\u00eddio e suas Poss\u00edveis Contribui\u00e7\u00f5es para a Educa\u00e7\u00e3o\u201d premiado em primeiro [&hellip;]\" \/>\n<meta property=\"og:url\" content=\"https:\/\/cpar.ufms.br\/aluna-de-psicologia-do-campus-de-paranaiba-tem-trabalho-premiado-em-primeiro-lugar-em-evento-da-ufms\/\" \/>\n<meta property=\"og:site_name\" content=\"CPAR - Campus de Parana\u00edba\" \/>\n<meta property=\"article:published_time\" content=\"2019-11-07T13:33:52+00:00\" \/>\n<meta property=\"article:modified_time\" content=\"2019-11-07T13:34:19+00:00\" \/>\n<meta property=\"og:image\" content=\"https:\/\/cpar.ufms.br\/files\/2019\/11\/73409280_2512699888818038_503289949987012608_o.jpg\" \/>\n\t<meta property=\"og:image:width\" content=\"1080\" \/>\n\t<meta property=\"og:image:height\" content=\"1080\" \/>\n\t<meta property=\"og:image:type\" content=\"image\/jpeg\" \/>\n<meta name=\"author\" content=\"leonardo.chaves\" \/>\n<meta name=\"twitter:label1\" content=\"Written by\" \/>\n\t<meta name=\"twitter:data1\" content=\"leonardo.chaves\" \/>\n\t<meta name=\"twitter:label2\" content=\"Est. reading time\" \/>\n\t<meta name=\"twitter:data2\" content=\"2 minutes\" \/>\n<script type=\"application\/ld+json\" class=\"yoast-schema-graph\">{\"@context\":\"https:\/\/schema.org\",\"@graph\":[{\"@type\":\"WebPage\",\"@id\":\"https:\/\/cpar.ufms.br\/aluna-de-psicologia-do-campus-de-paranaiba-tem-trabalho-premiado-em-primeiro-lugar-em-evento-da-ufms\/\",\"url\":\"https:\/\/cpar.ufms.br\/aluna-de-psicologia-do-campus-de-paranaiba-tem-trabalho-premiado-em-primeiro-lugar-em-evento-da-ufms\/\",\"name\":\"Aluna de Psicologia do Campus de Parana\u00edba tem trabalho premiado em primeiro lugar em evento da UFMS - CPAR - Campus de Parana\u00edba\",\"isPartOf\":{\"@id\":\"https:\/\/cpar.ufms.br\/#website\"},\"primaryImageOfPage\":{\"@id\":\"https:\/\/cpar.ufms.br\/aluna-de-psicologia-do-campus-de-paranaiba-tem-trabalho-premiado-em-primeiro-lugar-em-evento-da-ufms\/#primaryimage\"},\"image\":{\"@id\":\"https:\/\/cpar.ufms.br\/aluna-de-psicologia-do-campus-de-paranaiba-tem-trabalho-premiado-em-primeiro-lugar-em-evento-da-ufms\/#primaryimage\"},\"thumbnailUrl\":\"https:\/\/cpar.ufms.br\/files\/2019\/11\/WhatsApp-Image-2019-11-06-at-8.27.19-AM-260x300.jpeg\",\"datePublished\":\"2019-11-07T13:33:52+00:00\",\"dateModified\":\"2019-11-07T13:34:19+00:00\",\"author\":{\"@id\":\"https:\/\/cpar.ufms.br\/#\/schema\/person\/59587bd0b789889f7c25a946467cc6ee\"},\"breadcrumb\":{\"@id\":\"https:\/\/cpar.ufms.br\/aluna-de-psicologia-do-campus-de-paranaiba-tem-trabalho-premiado-em-primeiro-lugar-em-evento-da-ufms\/#breadcrumb\"},\"inLanguage\":\"en-US\",\"potentialAction\":[{\"@type\":\"ReadAction\",\"target\":[\"https:\/\/cpar.ufms.br\/aluna-de-psicologia-do-campus-de-paranaiba-tem-trabalho-premiado-em-primeiro-lugar-em-evento-da-ufms\/\"]}]},{\"@type\":\"ImageObject\",\"inLanguage\":\"en-US\",\"@id\":\"https:\/\/cpar.ufms.br\/aluna-de-psicologia-do-campus-de-paranaiba-tem-trabalho-premiado-em-primeiro-lugar-em-evento-da-ufms\/#primaryimage\",\"url\":\"https:\/\/cpar.ufms.br\/files\/2019\/11\/WhatsApp-Image-2019-11-06-at-8.27.19-AM-260x300.jpeg\",\"contentUrl\":\"https:\/\/cpar.ufms.br\/files\/2019\/11\/WhatsApp-Image-2019-11-06-at-8.27.19-AM-260x300.jpeg\"},{\"@type\":\"BreadcrumbList\",\"@id\":\"https:\/\/cpar.ufms.br\/aluna-de-psicologia-do-campus-de-paranaiba-tem-trabalho-premiado-em-primeiro-lugar-em-evento-da-ufms\/#breadcrumb\",\"itemListElement\":[{\"@type\":\"ListItem\",\"position\":1,\"name\":\"In\u00edcio\",\"item\":\"https:\/\/cpar.ufms.br\/\"},{\"@type\":\"ListItem\",\"position\":2,\"name\":\"Aluna de Psicologia do Campus de Parana\u00edba tem trabalho premiado em primeiro lugar em evento da UFMS\"}]},{\"@type\":\"WebSite\",\"@id\":\"https:\/\/cpar.ufms.br\/#website\",\"url\":\"https:\/\/cpar.ufms.br\/\",\"name\":\"CPAR - Campus de Parana\u00edba\",\"description\":\"Universidade Federal de Mato Grosso do Sul\",\"potentialAction\":[{\"@type\":\"SearchAction\",\"target\":{\"@type\":\"EntryPoint\",\"urlTemplate\":\"https:\/\/cpar.ufms.br\/?s={search_term_string}\"},\"query-input\":{\"@type\":\"PropertyValueSpecification\",\"valueRequired\":true,\"valueName\":\"search_term_string\"}}],\"inLanguage\":\"en-US\"},{\"@type\":\"Person\",\"@id\":\"https:\/\/cpar.ufms.br\/#\/schema\/person\/59587bd0b789889f7c25a946467cc6ee\",\"name\":\"leonardo.chaves\",\"image\":{\"@type\":\"ImageObject\",\"inLanguage\":\"en-US\",\"@id\":\"https:\/\/cpar.ufms.br\/#\/schema\/person\/image\/8d5547fb00bb666fef0f1247643a766d\",\"url\":\"https:\/\/secure.gravatar.com\/avatar\/2d276c35f5a2d842904264c905380e54d2fae11553a818c64073429e2e797d61?s=96&d=mm&r=g\",\"contentUrl\":\"https:\/\/secure.gravatar.com\/avatar\/2d276c35f5a2d842904264c905380e54d2fae11553a818c64073429e2e797d61?s=96&d=mm&r=g\",\"caption\":\"leonardo.chaves\"},\"url\":\"https:\/\/cpar.ufms.br\/en\/author\/leonardo-chaves\/\"}]}<\/script>\n<!-- \/ Yoast SEO plugin. -->","yoast_head_json":{"title":"Aluna de Psicologia do Campus de Parana\u00edba tem trabalho premiado em primeiro lugar em evento da UFMS - CPAR - Campus de Parana\u00edba","robots":{"index":"index","follow":"follow","max-snippet":"max-snippet:-1","max-image-preview":"max-image-preview:large","max-video-preview":"max-video-preview:-1"},"canonical":"https:\/\/cpar.ufms.br\/aluna-de-psicologia-do-campus-de-paranaiba-tem-trabalho-premiado-em-primeiro-lugar-em-evento-da-ufms\/","og_locale":"en_US","og_type":"article","og_title":"Aluna de Psicologia do Campus de Parana\u00edba tem trabalho premiado em primeiro lugar em evento da UFMS - CPAR - Campus de Parana\u00edba","og_description":"No dia 31 de outubro aconteceu o 3\u00ba Simp\u00f3sio de Sa\u00fade Mental: Limites da Loucura, no Campus de Tr\u00eas Lagoas da UFMS. A aluna de Psicologia do Campus de Parana\u00edba, Sarah Cristina de Macedo Martins, teve seu trabalho cient\u00edfico \u201cA Perspectiva Psicanal\u00edtica sobre o Suic\u00eddio e suas Poss\u00edveis Contribui\u00e7\u00f5es para a Educa\u00e7\u00e3o\u201d premiado em primeiro [&hellip;]","og_url":"https:\/\/cpar.ufms.br\/aluna-de-psicologia-do-campus-de-paranaiba-tem-trabalho-premiado-em-primeiro-lugar-em-evento-da-ufms\/","og_site_name":"CPAR - Campus de Parana\u00edba","article_published_time":"2019-11-07T13:33:52+00:00","article_modified_time":"2019-11-07T13:34:19+00:00","og_image":[{"width":1080,"height":1080,"url":"https:\/\/cpar.ufms.br\/files\/2019\/11\/73409280_2512699888818038_503289949987012608_o.jpg","type":"image\/jpeg"}],"author":"leonardo.chaves","twitter_misc":{"Written by":"leonardo.chaves","Est. reading time":"2 minutes"},"schema":{"@context":"https:\/\/schema.org","@graph":[{"@type":"WebPage","@id":"https:\/\/cpar.ufms.br\/aluna-de-psicologia-do-campus-de-paranaiba-tem-trabalho-premiado-em-primeiro-lugar-em-evento-da-ufms\/","url":"https:\/\/cpar.ufms.br\/aluna-de-psicologia-do-campus-de-paranaiba-tem-trabalho-premiado-em-primeiro-lugar-em-evento-da-ufms\/","name":"Aluna de Psicologia do Campus de Parana\u00edba tem trabalho premiado em primeiro lugar em evento da UFMS - CPAR - Campus de Parana\u00edba","isPartOf":{"@id":"https:\/\/cpar.ufms.br\/#website"},"primaryImageOfPage":{"@id":"https:\/\/cpar.ufms.br\/aluna-de-psicologia-do-campus-de-paranaiba-tem-trabalho-premiado-em-primeiro-lugar-em-evento-da-ufms\/#primaryimage"},"image":{"@id":"https:\/\/cpar.ufms.br\/aluna-de-psicologia-do-campus-de-paranaiba-tem-trabalho-premiado-em-primeiro-lugar-em-evento-da-ufms\/#primaryimage"},"thumbnailUrl":"https:\/\/cpar.ufms.br\/files\/2019\/11\/WhatsApp-Image-2019-11-06-at-8.27.19-AM-260x300.jpeg","datePublished":"2019-11-07T13:33:52+00:00","dateModified":"2019-11-07T13:34:19+00:00","author":{"@id":"https:\/\/cpar.ufms.br\/#\/schema\/person\/59587bd0b789889f7c25a946467cc6ee"},"breadcrumb":{"@id":"https:\/\/cpar.ufms.br\/aluna-de-psicologia-do-campus-de-paranaiba-tem-trabalho-premiado-em-primeiro-lugar-em-evento-da-ufms\/#breadcrumb"},"inLanguage":"en-US","potentialAction":[{"@type":"ReadAction","target":["https:\/\/cpar.ufms.br\/aluna-de-psicologia-do-campus-de-paranaiba-tem-trabalho-premiado-em-primeiro-lugar-em-evento-da-ufms\/"]}]},{"@type":"ImageObject","inLanguage":"en-US","@id":"https:\/\/cpar.ufms.br\/aluna-de-psicologia-do-campus-de-paranaiba-tem-trabalho-premiado-em-primeiro-lugar-em-evento-da-ufms\/#primaryimage","url":"https:\/\/cpar.ufms.br\/files\/2019\/11\/WhatsApp-Image-2019-11-06-at-8.27.19-AM-260x300.jpeg","contentUrl":"https:\/\/cpar.ufms.br\/files\/2019\/11\/WhatsApp-Image-2019-11-06-at-8.27.19-AM-260x300.jpeg"},{"@type":"BreadcrumbList","@id":"https:\/\/cpar.ufms.br\/aluna-de-psicologia-do-campus-de-paranaiba-tem-trabalho-premiado-em-primeiro-lugar-em-evento-da-ufms\/#breadcrumb","itemListElement":[{"@type":"ListItem","position":1,"name":"In\u00edcio","item":"https:\/\/cpar.ufms.br\/"},{"@type":"ListItem","position":2,"name":"Aluna de Psicologia do Campus de Parana\u00edba tem trabalho premiado em primeiro lugar em evento da UFMS"}]},{"@type":"WebSite","@id":"https:\/\/cpar.ufms.br\/#website","url":"https:\/\/cpar.ufms.br\/","name":"CPAR - Campus de Parana\u00edba","description":"Universidade Federal de Mato Grosso do Sul","potentialAction":[{"@type":"SearchAction","target":{"@type":"EntryPoint","urlTemplate":"https:\/\/cpar.ufms.br\/?s={search_term_string}"},"query-input":{"@type":"PropertyValueSpecification","valueRequired":true,"valueName":"search_term_string"}}],"inLanguage":"en-US"},{"@type":"Person","@id":"https:\/\/cpar.ufms.br\/#\/schema\/person\/59587bd0b789889f7c25a946467cc6ee","name":"leonardo.chaves","image":{"@type":"ImageObject","inLanguage":"en-US","@id":"https:\/\/cpar.ufms.br\/#\/schema\/person\/image\/8d5547fb00bb666fef0f1247643a766d","url":"https:\/\/secure.gravatar.com\/avatar\/2d276c35f5a2d842904264c905380e54d2fae11553a818c64073429e2e797d61?s=96&d=mm&r=g","contentUrl":"https:\/\/secure.gravatar.com\/avatar\/2d276c35f5a2d842904264c905380e54d2fae11553a818c64073429e2e797d61?s=96&d=mm&r=g","caption":"leonardo.chaves"},"url":"https:\/\/cpar.ufms.br\/en\/author\/leonardo-chaves\/"}]}},"_links":{"self":[{"href":"https:\/\/cpar.ufms.br\/en\/wp-json\/wp\/v2\/posts\/8977","targetHints":{"allow":["GET"]}}],"collection":[{"href":"https:\/\/cpar.ufms.br\/en\/wp-json\/wp\/v2\/posts"}],"about":[{"href":"https:\/\/cpar.ufms.br\/en\/wp-json\/wp\/v2\/types\/post"}],"author":[{"embeddable":true,"href":"https:\/\/cpar.ufms.br\/en\/wp-json\/wp\/v2\/users\/2862"}],"replies":[{"embeddable":true,"href":"https:\/\/cpar.ufms.br\/en\/wp-json\/wp\/v2\/comments?post=8977"}],"version-history":[{"count":2,"href":"https:\/\/cpar.ufms.br\/en\/wp-json\/wp\/v2\/posts\/8977\/revisions"}],"predecessor-version":[{"id":8981,"href":"https:\/\/cpar.ufms.br\/en\/wp-json\/wp\/v2\/posts\/8977\/revisions\/8981"}],"wp:attachment":[{"href":"https:\/\/cpar.ufms.br\/en\/wp-json\/wp\/v2\/media?parent=8977"}],"wp:term":[{"taxonomy":"category","embeddable":true,"href":"https:\/\/cpar.ufms.br\/en\/wp-json\/wp\/v2\/categories?post=8977"},{"taxonomy":"post_tag","embeddable":true,"href":"https:\/\/cpar.ufms.br\/en\/wp-json\/wp\/v2\/tags?post=8977"},{"taxonomy":"author","embeddable":true,"href":"https:\/\/cpar.ufms.br\/en\/wp-json\/wp\/v2\/coauthors?post=8977"}],"curies":[{"name":"wp","href":"https:\/\/api.w.org\/{rel}","templated":true}]}}