{"id":9000,"date":"2019-11-14T08:08:25","date_gmt":"2019-11-14T12:08:25","guid":{"rendered":"https:\/\/cpar.ufms.br\/?p=9000"},"modified":"2019-11-14T08:24:57","modified_gmt":"2019-11-14T12:24:57","slug":"campus-de-paranaiba-ufms-promove-a-1a-caminhada-nos-campus-da-ufms-dia-24-11","status":"publish","type":"post","link":"https:\/\/cpar.ufms.br\/en\/campus-de-paranaiba-ufms-promove-a-1a-caminhada-nos-campus-da-ufms-dia-24-11\/","title":{"rendered":"Campus de Parana\u00edba\/UFMS promove a 1\u00aa Caminhada nos C\u00e2mpus da UFMS dia 24\/11"},"content":{"rendered":"<p style=\"text-align: justify\"><span style=\"color: #000000\">O Campus de Parana\u00edba da UFMS (CPAR\/UFMS) promover\u00e1 a <strong>1\u00aa Caminhada nos C\u00e2mpus da UFMS\u00a0<\/strong>no dia <strong>24 de novembro (domingo), \u00e0s 08h da manh\u00e3<\/strong>. As inscri\u00e7\u00f5es s\u00e3o <strong>gratuitas<\/strong> e podem ser feitas de <strong>14 a 21 de novembro<\/strong> (exceto feriado e fim de semana), das 08h \u00e0s 10h30min, das 13h \u00e0s 16h30min e das 19h \u00e0s 21h, <strong>pessoalmente, na Secretaria Acad\u00eamica<\/strong>.<\/span><\/p>\n<p style=\"text-align: justify\"><span style=\"color: #000000\">A Caminhada \u00e9 aberta para o p\u00fablico interno e externo, a idade m\u00ednima para participar \u00e9 de 7 anos, sendo necess\u00e1rio autoriza\u00e7\u00e3o do respons\u00e1vel para inscritos menores de 18 anos. O percurso ser\u00e1 nas avenidas Pedro Pedrossian e Aristides Klafke e est\u00e1 divulgado no final desta reportagem.<br \/>\n<\/span><\/p>\n<p>No dia da Caminhada os participantes dever\u00e3o trazer <span style=\"text-decoration: underline\">documento oficial com foto<\/span> para retirarem sua camiseta.<\/p>\n<p style=\"text-align: justify\"><span style=\"color: #000000\">O evento \u00e9 realizado pela Coordenadoria de Cultura e Esporte da Pr\u00f3-Reitoria de Extens\u00e3o, Cultura e Esporte (CCE\/Proece) e organizado pelo CPAR\/UFMS, com objetivo de integrar a comunidade e ampliar a pr\u00e1tica da modalidade esportiva e a ado\u00e7\u00e3o de um estilo de vida fisicamente ativo.<\/span><\/p>\n<p>Leia o <strong>Regulamento:<\/strong> <a href=\"https:\/\/cpar.ufms.br\/files\/2019\/11\/SEI_UFMS-1621796-Edital-UFMS.CPAR-n.78.2019-1-Caminhada-UFMS-nos-Campus-CPAR.pdf\"><span style=\"color: #0000ff\">SEI_UFMS &#8211; 1621796 &#8211; Edital UFMS.CPAR n.78.2019 &#8211; 1 Caminhada UFMS nos Campus &#8211; CPAR<\/span><\/a><\/p>\n<p><strong>Formul\u00e1rio de inscri\u00e7\u00e3o: <\/strong><a href=\"https:\/\/cpar.ufms.br\/files\/2019\/11\/FORMULARIO-DE-INSCRICAO-1-Caminhada-nos-Campus-UFMS-Campus-de-Paranaiba.pdf\"><span style=\"color: #0000ff\">FORMULARIO DE INSCRICAO &#8211; 1 Caminhada nos Campus UFMS &#8211; Campus de Paranaiba<\/span><\/a><\/p>\n<p><strong>Termo de Responsabilidade<\/strong> (para participantes menores)<strong>: <\/strong><span style=\"color: #0000ff\"><a style=\"color: #0000ff\" href=\"https:\/\/cpar.ufms.br\/files\/2019\/11\/TERMO-DE-RESPONSABILIDADE-1-Caminhada-nos-Campus-UFMS-Campus-de-Paranaiba.pdf\">TERMO DE RESPONSABILIDADE &#8211; 1 Caminhada nos Campus UFMS &#8211; Campus de Paranaiba<\/a><\/span><\/p>\n<p><strong>Percurso:<\/strong><\/p>\n<p><a href=\"https:\/\/cpar.ufms.br\/files\/2019\/11\/Caminhada-CPAR.jpg\"><img fetchpriority=\"high\" decoding=\"async\" class=\" wp-image-9004 aligncenter\" src=\"https:\/\/cpar.ufms.br\/files\/2019\/11\/Caminhada-CPAR-300x209.jpg\" alt=\"\" width=\"395\" height=\"275\" \/><\/a><\/p>\n","protected":false},"excerpt":{"rendered":"<p>O Campus de Parana\u00edba da UFMS (CPAR\/UFMS) promover\u00e1 a 1\u00aa Caminhada nos C\u00e2mpus da UFMS\u00a0no dia 24 de novembro (domingo), \u00e0s 08h da manh\u00e3. As inscri\u00e7\u00f5es s\u00e3o gratuitas e podem ser feitas de 14 a 21 de novembro (exceto feriado e fim de semana), das 08h \u00e0s 10h30min, das 13h \u00e0s 16h30min e das 19h [&hellip;]<\/p>\n","protected":false},"author":2862,"featured_media":0,"comment_status":"closed","ping_status":"open","sticky":false,"template":"","format":"standard","meta":{"footnotes":""},"categories":[3,1],"tags":[],"coauthors":[],"class_list":["post-9000","post","type-post","status-publish","format-standard","hentry","category-fotos-imagens","category-noticias"],"yoast_head":"<!-- This site is optimized with the Yoast SEO plugin v26.2 - https:\/\/yoast.com\/wordpress\/plugins\/seo\/ -->\n<title>Campus de Parana\u00edba\/UFMS promove a 1\u00aa Caminhada nos C\u00e2mpus da UFMS dia 24\/11 - CPAR - Campus de Parana\u00edba<\/title>\n<meta name=\"robots\" content=\"index, follow, max-snippet:-1, max-image-preview:large, max-video-preview:-1\" \/>\n<link rel=\"canonical\" href=\"https:\/\/cpar.ufms.br\/campus-de-paranaiba-ufms-promove-a-1a-caminhada-nos-campus-da-ufms-dia-24-11\/\" \/>\n<meta property=\"og:locale\" content=\"en_US\" \/>\n<meta property=\"og:type\" content=\"article\" \/>\n<meta property=\"og:title\" content=\"Campus de Parana\u00edba\/UFMS promove a 1\u00aa Caminhada nos C\u00e2mpus da UFMS dia 24\/11 - CPAR - Campus de Parana\u00edba\" \/>\n<meta property=\"og:description\" content=\"O Campus de Parana\u00edba da UFMS (CPAR\/UFMS) promover\u00e1 a 1\u00aa Caminhada nos C\u00e2mpus da UFMS\u00a0no dia 24 de novembro (domingo), \u00e0s 08h da manh\u00e3. As inscri\u00e7\u00f5es s\u00e3o gratuitas e podem ser feitas de 14 a 21 de novembro (exceto feriado e fim de semana), das 08h \u00e0s 10h30min, das 13h \u00e0s 16h30min e das 19h [&hellip;]\" \/>\n<meta property=\"og:url\" content=\"https:\/\/cpar.ufms.br\/campus-de-paranaiba-ufms-promove-a-1a-caminhada-nos-campus-da-ufms-dia-24-11\/\" \/>\n<meta property=\"og:site_name\" content=\"CPAR - Campus de Parana\u00edba\" \/>\n<meta property=\"article:published_time\" content=\"2019-11-14T12:08:25+00:00\" \/>\n<meta property=\"article:modified_time\" content=\"2019-11-14T12:24:57+00:00\" \/>\n<meta property=\"og:image\" content=\"https:\/\/cpar.ufms.br\/files\/2019\/11\/74506394_2138051172961295_5659195208680603648_n-Copia-Copia.jpg\" \/>\n\t<meta property=\"og:image:width\" content=\"945\" \/>\n\t<meta property=\"og:image:height\" content=\"594\" \/>\n\t<meta property=\"og:image:type\" content=\"image\/jpeg\" \/>\n<meta name=\"author\" content=\"leonardo.chaves\" \/>\n<meta name=\"twitter:label1\" content=\"Written by\" \/>\n\t<meta name=\"twitter:data1\" content=\"leonardo.chaves\" \/>\n\t<meta name=\"twitter:label2\" content=\"Est. reading time\" \/>\n\t<meta name=\"twitter:data2\" content=\"1 minute\" \/>\n<script type=\"application\/ld+json\" class=\"yoast-schema-graph\">{\"@context\":\"https:\/\/schema.org\",\"@graph\":[{\"@type\":\"WebPage\",\"@id\":\"https:\/\/cpar.ufms.br\/campus-de-paranaiba-ufms-promove-a-1a-caminhada-nos-campus-da-ufms-dia-24-11\/\",\"url\":\"https:\/\/cpar.ufms.br\/campus-de-paranaiba-ufms-promove-a-1a-caminhada-nos-campus-da-ufms-dia-24-11\/\",\"name\":\"Campus de Parana\u00edba\/UFMS promove a 1\u00aa Caminhada nos C\u00e2mpus da UFMS dia 24\/11 - CPAR - Campus de Parana\u00edba\",\"isPartOf\":{\"@id\":\"https:\/\/cpar.ufms.br\/#website\"},\"primaryImageOfPage\":{\"@id\":\"https:\/\/cpar.ufms.br\/campus-de-paranaiba-ufms-promove-a-1a-caminhada-nos-campus-da-ufms-dia-24-11\/#primaryimage\"},\"image\":{\"@id\":\"https:\/\/cpar.ufms.br\/campus-de-paranaiba-ufms-promove-a-1a-caminhada-nos-campus-da-ufms-dia-24-11\/#primaryimage\"},\"thumbnailUrl\":\"https:\/\/cpar.ufms.br\/files\/2019\/11\/Caminhada-CPAR-300x209.jpg\",\"datePublished\":\"2019-11-14T12:08:25+00:00\",\"dateModified\":\"2019-11-14T12:24:57+00:00\",\"author\":{\"@id\":\"https:\/\/cpar.ufms.br\/#\/schema\/person\/59587bd0b789889f7c25a946467cc6ee\"},\"breadcrumb\":{\"@id\":\"https:\/\/cpar.ufms.br\/campus-de-paranaiba-ufms-promove-a-1a-caminhada-nos-campus-da-ufms-dia-24-11\/#breadcrumb\"},\"inLanguage\":\"en-US\",\"potentialAction\":[{\"@type\":\"ReadAction\",\"target\":[\"https:\/\/cpar.ufms.br\/campus-de-paranaiba-ufms-promove-a-1a-caminhada-nos-campus-da-ufms-dia-24-11\/\"]}]},{\"@type\":\"ImageObject\",\"inLanguage\":\"en-US\",\"@id\":\"https:\/\/cpar.ufms.br\/campus-de-paranaiba-ufms-promove-a-1a-caminhada-nos-campus-da-ufms-dia-24-11\/#primaryimage\",\"url\":\"https:\/\/cpar.ufms.br\/files\/2019\/11\/Caminhada-CPAR-300x209.jpg\",\"contentUrl\":\"https:\/\/cpar.ufms.br\/files\/2019\/11\/Caminhada-CPAR-300x209.jpg\"},{\"@type\":\"BreadcrumbList\",\"@id\":\"https:\/\/cpar.ufms.br\/campus-de-paranaiba-ufms-promove-a-1a-caminhada-nos-campus-da-ufms-dia-24-11\/#breadcrumb\",\"itemListElement\":[{\"@type\":\"ListItem\",\"position\":1,\"name\":\"In\u00edcio\",\"item\":\"https:\/\/cpar.ufms.br\/\"},{\"@type\":\"ListItem\",\"position\":2,\"name\":\"Campus de Parana\u00edba\/UFMS promove a 1\u00aa Caminhada nos C\u00e2mpus da UFMS dia 24\/11\"}]},{\"@type\":\"WebSite\",\"@id\":\"https:\/\/cpar.ufms.br\/#website\",\"url\":\"https:\/\/cpar.ufms.br\/\",\"name\":\"CPAR - Campus de Parana\u00edba\",\"description\":\"Universidade Federal de Mato Grosso do Sul\",\"potentialAction\":[{\"@type\":\"SearchAction\",\"target\":{\"@type\":\"EntryPoint\",\"urlTemplate\":\"https:\/\/cpar.ufms.br\/?s={search_term_string}\"},\"query-input\":{\"@type\":\"PropertyValueSpecification\",\"valueRequired\":true,\"valueName\":\"search_term_string\"}}],\"inLanguage\":\"en-US\"},{\"@type\":\"Person\",\"@id\":\"https:\/\/cpar.ufms.br\/#\/schema\/person\/59587bd0b789889f7c25a946467cc6ee\",\"name\":\"leonardo.chaves\",\"image\":{\"@type\":\"ImageObject\",\"inLanguage\":\"en-US\",\"@id\":\"https:\/\/cpar.ufms.br\/#\/schema\/person\/image\/8d5547fb00bb666fef0f1247643a766d\",\"url\":\"https:\/\/secure.gravatar.com\/avatar\/2d276c35f5a2d842904264c905380e54d2fae11553a818c64073429e2e797d61?s=96&d=mm&r=g\",\"contentUrl\":\"https:\/\/secure.gravatar.com\/avatar\/2d276c35f5a2d842904264c905380e54d2fae11553a818c64073429e2e797d61?s=96&d=mm&r=g\",\"caption\":\"leonardo.chaves\"},\"url\":\"https:\/\/cpar.ufms.br\/en\/author\/leonardo-chaves\/\"}]}<\/script>\n<!-- \/ Yoast SEO plugin. -->","yoast_head_json":{"title":"Campus de Parana\u00edba\/UFMS promove a 1\u00aa Caminhada nos C\u00e2mpus da UFMS dia 24\/11 - CPAR - Campus de Parana\u00edba","robots":{"index":"index","follow":"follow","max-snippet":"max-snippet:-1","max-image-preview":"max-image-preview:large","max-video-preview":"max-video-preview:-1"},"canonical":"https:\/\/cpar.ufms.br\/campus-de-paranaiba-ufms-promove-a-1a-caminhada-nos-campus-da-ufms-dia-24-11\/","og_locale":"en_US","og_type":"article","og_title":"Campus de Parana\u00edba\/UFMS promove a 1\u00aa Caminhada nos C\u00e2mpus da UFMS dia 24\/11 - CPAR - Campus de Parana\u00edba","og_description":"O Campus de Parana\u00edba da UFMS (CPAR\/UFMS) promover\u00e1 a 1\u00aa Caminhada nos C\u00e2mpus da UFMS\u00a0no dia 24 de novembro (domingo), \u00e0s 08h da manh\u00e3. As inscri\u00e7\u00f5es s\u00e3o gratuitas e podem ser feitas de 14 a 21 de novembro (exceto feriado e fim de semana), das 08h \u00e0s 10h30min, das 13h \u00e0s 16h30min e das 19h [&hellip;]","og_url":"https:\/\/cpar.ufms.br\/campus-de-paranaiba-ufms-promove-a-1a-caminhada-nos-campus-da-ufms-dia-24-11\/","og_site_name":"CPAR - Campus de Parana\u00edba","article_published_time":"2019-11-14T12:08:25+00:00","article_modified_time":"2019-11-14T12:24:57+00:00","og_image":[{"width":945,"height":594,"url":"https:\/\/cpar.ufms.br\/files\/2019\/11\/74506394_2138051172961295_5659195208680603648_n-Copia-Copia.jpg","type":"image\/jpeg"}],"author":"leonardo.chaves","twitter_misc":{"Written by":"leonardo.chaves","Est. reading time":"1 minute"},"schema":{"@context":"https:\/\/schema.org","@graph":[{"@type":"WebPage","@id":"https:\/\/cpar.ufms.br\/campus-de-paranaiba-ufms-promove-a-1a-caminhada-nos-campus-da-ufms-dia-24-11\/","url":"https:\/\/cpar.ufms.br\/campus-de-paranaiba-ufms-promove-a-1a-caminhada-nos-campus-da-ufms-dia-24-11\/","name":"Campus de Parana\u00edba\/UFMS promove a 1\u00aa Caminhada nos C\u00e2mpus da UFMS dia 24\/11 - CPAR - Campus de Parana\u00edba","isPartOf":{"@id":"https:\/\/cpar.ufms.br\/#website"},"primaryImageOfPage":{"@id":"https:\/\/cpar.ufms.br\/campus-de-paranaiba-ufms-promove-a-1a-caminhada-nos-campus-da-ufms-dia-24-11\/#primaryimage"},"image":{"@id":"https:\/\/cpar.ufms.br\/campus-de-paranaiba-ufms-promove-a-1a-caminhada-nos-campus-da-ufms-dia-24-11\/#primaryimage"},"thumbnailUrl":"https:\/\/cpar.ufms.br\/files\/2019\/11\/Caminhada-CPAR-300x209.jpg","datePublished":"2019-11-14T12:08:25+00:00","dateModified":"2019-11-14T12:24:57+00:00","author":{"@id":"https:\/\/cpar.ufms.br\/#\/schema\/person\/59587bd0b789889f7c25a946467cc6ee"},"breadcrumb":{"@id":"https:\/\/cpar.ufms.br\/campus-de-paranaiba-ufms-promove-a-1a-caminhada-nos-campus-da-ufms-dia-24-11\/#breadcrumb"},"inLanguage":"en-US","potentialAction":[{"@type":"ReadAction","target":["https:\/\/cpar.ufms.br\/campus-de-paranaiba-ufms-promove-a-1a-caminhada-nos-campus-da-ufms-dia-24-11\/"]}]},{"@type":"ImageObject","inLanguage":"en-US","@id":"https:\/\/cpar.ufms.br\/campus-de-paranaiba-ufms-promove-a-1a-caminhada-nos-campus-da-ufms-dia-24-11\/#primaryimage","url":"https:\/\/cpar.ufms.br\/files\/2019\/11\/Caminhada-CPAR-300x209.jpg","contentUrl":"https:\/\/cpar.ufms.br\/files\/2019\/11\/Caminhada-CPAR-300x209.jpg"},{"@type":"BreadcrumbList","@id":"https:\/\/cpar.ufms.br\/campus-de-paranaiba-ufms-promove-a-1a-caminhada-nos-campus-da-ufms-dia-24-11\/#breadcrumb","itemListElement":[{"@type":"ListItem","position":1,"name":"In\u00edcio","item":"https:\/\/cpar.ufms.br\/"},{"@type":"ListItem","position":2,"name":"Campus de Parana\u00edba\/UFMS promove a 1\u00aa Caminhada nos C\u00e2mpus da UFMS dia 24\/11"}]},{"@type":"WebSite","@id":"https:\/\/cpar.ufms.br\/#website","url":"https:\/\/cpar.ufms.br\/","name":"CPAR - Campus de Parana\u00edba","description":"Universidade Federal de Mato Grosso do Sul","potentialAction":[{"@type":"SearchAction","target":{"@type":"EntryPoint","urlTemplate":"https:\/\/cpar.ufms.br\/?s={search_term_string}"},"query-input":{"@type":"PropertyValueSpecification","valueRequired":true,"valueName":"search_term_string"}}],"inLanguage":"en-US"},{"@type":"Person","@id":"https:\/\/cpar.ufms.br\/#\/schema\/person\/59587bd0b789889f7c25a946467cc6ee","name":"leonardo.chaves","image":{"@type":"ImageObject","inLanguage":"en-US","@id":"https:\/\/cpar.ufms.br\/#\/schema\/person\/image\/8d5547fb00bb666fef0f1247643a766d","url":"https:\/\/secure.gravatar.com\/avatar\/2d276c35f5a2d842904264c905380e54d2fae11553a818c64073429e2e797d61?s=96&d=mm&r=g","contentUrl":"https:\/\/secure.gravatar.com\/avatar\/2d276c35f5a2d842904264c905380e54d2fae11553a818c64073429e2e797d61?s=96&d=mm&r=g","caption":"leonardo.chaves"},"url":"https:\/\/cpar.ufms.br\/en\/author\/leonardo-chaves\/"}]}},"_links":{"self":[{"href":"https:\/\/cpar.ufms.br\/en\/wp-json\/wp\/v2\/posts\/9000","targetHints":{"allow":["GET"]}}],"collection":[{"href":"https:\/\/cpar.ufms.br\/en\/wp-json\/wp\/v2\/posts"}],"about":[{"href":"https:\/\/cpar.ufms.br\/en\/wp-json\/wp\/v2\/types\/post"}],"author":[{"embeddable":true,"href":"https:\/\/cpar.ufms.br\/en\/wp-json\/wp\/v2\/users\/2862"}],"replies":[{"embeddable":true,"href":"https:\/\/cpar.ufms.br\/en\/wp-json\/wp\/v2\/comments?post=9000"}],"version-history":[{"count":4,"href":"https:\/\/cpar.ufms.br\/en\/wp-json\/wp\/v2\/posts\/9000\/revisions"}],"predecessor-version":[{"id":9010,"href":"https:\/\/cpar.ufms.br\/en\/wp-json\/wp\/v2\/posts\/9000\/revisions\/9010"}],"wp:attachment":[{"href":"https:\/\/cpar.ufms.br\/en\/wp-json\/wp\/v2\/media?parent=9000"}],"wp:term":[{"taxonomy":"category","embeddable":true,"href":"https:\/\/cpar.ufms.br\/en\/wp-json\/wp\/v2\/categories?post=9000"},{"taxonomy":"post_tag","embeddable":true,"href":"https:\/\/cpar.ufms.br\/en\/wp-json\/wp\/v2\/tags?post=9000"},{"taxonomy":"author","embeddable":true,"href":"https:\/\/cpar.ufms.br\/en\/wp-json\/wp\/v2\/coauthors?post=9000"}],"curies":[{"name":"wp","href":"https:\/\/api.w.org\/{rel}","templated":true}]}}