{"id":9030,"date":"2019-11-18T14:05:07","date_gmt":"2019-11-18T18:05:07","guid":{"rendered":"https:\/\/cpar.ufms.br\/?p=9030"},"modified":"2019-12-03T10:07:31","modified_gmt":"2019-12-03T14:07:31","slug":"professor-de-psicologia-inova-e-propoe-criacao-de-blogs-como-atividade-avaliativa","status":"publish","type":"post","link":"https:\/\/cpar.ufms.br\/en\/professor-de-psicologia-inova-e-propoe-criacao-de-blogs-como-atividade-avaliativa\/","title":{"rendered":"Professor de Psicologia inova e prop\u00f5e cria\u00e7\u00e3o de blogs como atividade avaliativa"},"content":{"rendered":"<p style=\"text-align: justify\"><span style=\"color: #000000\">Os alunos do curso de Psicologia do Campus de Parana\u00edba (CPAR) que est\u00e3o cursando a disciplina Psicopatologia Geral II t\u00eam contato com assuntos relacionados a transtornos mentais, tratamentos existentes e seus aspectos hist\u00f3ricos. Para avaliar os estudantes de maneira inovadora, o professor <strong>Alexandre Jos\u00e9 de Souza Peres<\/strong> prop\u00f4s a cria\u00e7\u00e3o de um blog por parte dos alunos.<\/span><\/p>\n<p style=\"text-align: justify\"><span style=\"color: #000000\">\u201cO objetivo \u00e9 divulgar informa\u00e7\u00f5es confi\u00e1veis a outros estudantes de Psicologia, psic\u00f3logos e o p\u00fablico em geral sobre a hist\u00f3ria dos tratamentos em sa\u00fade mental e os desafios contempor\u00e2neos dessa \u00e1rea da sa\u00fade\u201d, conta.<\/span><\/p>\n<p style=\"text-align: justify\"><span style=\"color: #000000\">\u00c9 a primeira vez que o professor adota a metodologia e, segundo ele, apesar de n\u00e3o ser algo comum, \u00e9 uma estrat\u00e9gia utilizada por muitos professores no Ensino Superior. De acordo com Alexandre, os alunos devem construir textos fundamentados tecnicamente numa linguagem que seja acess\u00edvel e interessante ao p\u00fablico-alvo. Al\u00e9m de manter o blog atualizado com conte\u00fados que s\u00e3o postados quinzenalmente, os discentes precisam visitar as p\u00e1ginas dos colegas e deixar coment\u00e1rios construtivos a respeito das postagens.<\/span><\/p>\n<p style=\"text-align: justify\"><span style=\"color: #000000\">\u201cPara a elabora\u00e7\u00e3o dos posts acerca de aspectos hist\u00f3ricos, eu escolho as refer\u00eancias bibliogr\u00e1ficas. J\u00e1 para elaborar os textos sobre desafios contempor\u00e2neos, os alunos devem fazer sua pr\u00f3pria busca de refer\u00eancias. As atividades s\u00e3o realizadas no laborat\u00f3rio de inform\u00e1tica, onde fico \u00e0 disposi\u00e7\u00e3o dos alunos para tirar d\u00favidas sobre os textos, debater os temas e ajudar na prepara\u00e7\u00e3o dos textos\u201d, explica Alexandre.<\/span><\/p>\n<p style=\"text-align: justify\"><span style=\"color: #000000\">O acad\u00eamico Jhonatan Saldanha relata que a leitura dos textos para a constru\u00e7\u00e3o do post possibilita uma discuss\u00e3o com os colegas, pois a atividade \u00e9 feita em duplas e o aluno tem a possibilidade de colocar a sua perspectiva e ouvir a de seu colega. \u201cNo come\u00e7o \u00e9 meio dif\u00edcil tirar um tempo para ler mais textos, mas depois voc\u00ea se acostuma com essa rotina. Eu acredito que seja algo muito bom para n\u00f3s, no sentido de conseguir sintetizar um tema, trazer para aula e ler com o professor que nos ajuda a melhorar o que foi produzido, \u00e9 algo muito bom, voc\u00ea aprende e consegue compartilhar com outras pessoas\u201d, afirma.<\/span><\/p>\n<p style=\"text-align: justify\"><span style=\"color: #000000\">Assim como para os alunos, Alexandre aponta que tem sido um desafio para ele tamb\u00e9m. \u201cUm dos desafios atuais na doc\u00eancia no Ensino Superior \u00e9 lidar com uma gera\u00e7\u00e3o que n\u00e3o est\u00e1 t\u00e3o acostumada com a leitura. No nosso cotidiano, consumimos textos mais curtos e sint\u00e9ticos e outras m\u00eddias muito presentes nas redes sociais, como v\u00eddeos e \u00e1udios, tamb\u00e9m curtos. Ent\u00e3o, \u00e9 um desafio propor atividades que exijam muita leitura e muita escrita. N\u00e3o s\u00f3 por essas raz\u00f5es, mas tamb\u00e9m porque os estudantes est\u00e3o sempre muito atarefados\u201d.<\/span><\/p>\n<p style=\"text-align: justify\"><span style=\"color: #000000\">Segundo Alexandre, outros professores t\u00eam utilizado o conte\u00fado do blog em outras disciplinas, como fonte de consulta para os alunos. \u201cDe modo geral, os alunos est\u00e3o se saindo muito bem e percebo que a qualidade dos textos vem melhorando ao longo do semestre e sempre acompanha a qualidade da leitura. Quanto mais tempo de qualidade o aluno pode dedicar a leitura, melhor sai seu texto\u201d.<\/span><\/p>\n<p style=\"text-align: justify\"><span style=\"color: #000000\">Os blogs desenvolvidos pelos estudantes est\u00e3o na p\u00e1gina <span style=\"color: #0000ff\"><a style=\"color: #0000ff\" href=\"https:\/\/sites.google.com\/site\/alexandreperes\/blogs-sobre-psicopatologia\">https:\/\/sites.google.com\/site\/alexandreperes\/blogs-sobre-psicopatologia<\/a><\/span>.<\/span><\/p>\n<pre><strong>Brunna de Oliveira Freitas<\/strong> (estagi\u00e1ria Agecom no CPAR)<\/pre>\n<p>&nbsp;<\/p>\n<p><a href=\"https:\/\/cpar.ufms.br\/files\/2019\/11\/foto-10.jpg\"><img fetchpriority=\"high\" decoding=\"async\" class=\"alignnone size-medium wp-image-9035\" src=\"https:\/\/cpar.ufms.br\/files\/2019\/11\/foto-10-300x200.jpg\" alt=\"\" width=\"300\" height=\"200\" srcset=\"https:\/\/cpar.ufms.br\/files\/2019\/11\/foto-10-300x200.jpg 300w, https:\/\/cpar.ufms.br\/files\/2019\/11\/foto-10-768x512.jpg 768w, https:\/\/cpar.ufms.br\/files\/2019\/11\/foto-10-1024x682.jpg 1024w, https:\/\/cpar.ufms.br\/files\/2019\/11\/foto-10-480x320.jpg 480w, https:\/\/cpar.ufms.br\/files\/2019\/11\/foto-10-350x233.jpg 350w, https:\/\/cpar.ufms.br\/files\/2019\/11\/foto-10.jpg 1385w\" sizes=\"(max-width: 300px) 100vw, 300px\" \/><\/a> <a href=\"https:\/\/cpar.ufms.br\/files\/2019\/11\/foto-2.jpg\"><img decoding=\"async\" class=\"alignnone size-medium wp-image-9032\" src=\"https:\/\/cpar.ufms.br\/files\/2019\/11\/foto-2-300x200.jpg\" alt=\"\" width=\"300\" height=\"200\" \/><\/a> <a href=\"https:\/\/cpar.ufms.br\/files\/2019\/11\/foto-9.jpg\"><img decoding=\"async\" class=\"alignnone size-medium wp-image-9034\" src=\"https:\/\/cpar.ufms.br\/files\/2019\/11\/foto-9-300x200.jpg\" alt=\"\" width=\"300\" height=\"200\" \/><\/a> <a href=\"https:\/\/cpar.ufms.br\/files\/2019\/11\/foto-5.jpg\"><img loading=\"lazy\" decoding=\"async\" class=\"alignnone size-medium wp-image-9033\" src=\"https:\/\/cpar.ufms.br\/files\/2019\/11\/foto-5-300x200.jpg\" alt=\"\" width=\"300\" height=\"200\" \/><\/a><\/p>\n","protected":false},"excerpt":{"rendered":"<p>Os alunos do curso de Psicologia do Campus de Parana\u00edba (CPAR) que est\u00e3o cursando a disciplina Psicopatologia Geral II t\u00eam contato com assuntos relacionados a transtornos mentais, tratamentos existentes e seus aspectos hist\u00f3ricos. Para avaliar os estudantes de maneira inovadora, o professor Alexandre Jos\u00e9 de Souza Peres prop\u00f4s a cria\u00e7\u00e3o de um blog por parte [&hellip;]<\/p>\n","protected":false},"author":2862,"featured_media":0,"comment_status":"closed","ping_status":"open","sticky":false,"template":"","format":"standard","meta":{"footnotes":""},"categories":[1],"tags":[],"coauthors":[],"class_list":["post-9030","post","type-post","status-publish","format-standard","hentry","category-noticias"],"yoast_head":"<!-- This site is optimized with the Yoast SEO plugin v26.2 - https:\/\/yoast.com\/wordpress\/plugins\/seo\/ -->\n<title>Professor de Psicologia inova e prop\u00f5e cria\u00e7\u00e3o de blogs como atividade avaliativa - CPAR - Campus de Parana\u00edba<\/title>\n<meta name=\"robots\" content=\"index, follow, max-snippet:-1, max-image-preview:large, max-video-preview:-1\" \/>\n<link rel=\"canonical\" href=\"https:\/\/cpar.ufms.br\/professor-de-psicologia-inova-e-propoe-criacao-de-blogs-como-atividade-avaliativa\/\" \/>\n<meta property=\"og:locale\" content=\"en_US\" \/>\n<meta property=\"og:type\" content=\"article\" \/>\n<meta property=\"og:title\" content=\"Professor de Psicologia inova e prop\u00f5e cria\u00e7\u00e3o de blogs como atividade avaliativa - CPAR - Campus de Parana\u00edba\" \/>\n<meta property=\"og:description\" content=\"Os alunos do curso de Psicologia do Campus de Parana\u00edba (CPAR) que est\u00e3o cursando a disciplina Psicopatologia Geral II t\u00eam contato com assuntos relacionados a transtornos mentais, tratamentos existentes e seus aspectos hist\u00f3ricos. Para avaliar os estudantes de maneira inovadora, o professor Alexandre Jos\u00e9 de Souza Peres prop\u00f4s a cria\u00e7\u00e3o de um blog por parte [&hellip;]\" \/>\n<meta property=\"og:url\" content=\"https:\/\/cpar.ufms.br\/professor-de-psicologia-inova-e-propoe-criacao-de-blogs-como-atividade-avaliativa\/\" \/>\n<meta property=\"og:site_name\" content=\"CPAR - Campus de Parana\u00edba\" \/>\n<meta property=\"article:published_time\" content=\"2019-11-18T18:05:07+00:00\" \/>\n<meta property=\"article:modified_time\" content=\"2019-12-03T14:07:31+00:00\" \/>\n<meta property=\"og:image\" content=\"https:\/\/cpar.ufms.br\/files\/2019\/11\/foto-1.jpg\" \/>\n\t<meta property=\"og:image:width\" content=\"1385\" \/>\n\t<meta property=\"og:image:height\" content=\"923\" \/>\n\t<meta property=\"og:image:type\" content=\"image\/jpeg\" \/>\n<meta name=\"author\" content=\"leonardo.chaves\" \/>\n<meta name=\"twitter:label1\" content=\"Written by\" \/>\n\t<meta name=\"twitter:data1\" content=\"leonardo.chaves\" \/>\n\t<meta name=\"twitter:label2\" content=\"Est. reading time\" \/>\n\t<meta name=\"twitter:data2\" content=\"3 minutes\" \/>\n<script type=\"application\/ld+json\" class=\"yoast-schema-graph\">{\"@context\":\"https:\/\/schema.org\",\"@graph\":[{\"@type\":\"WebPage\",\"@id\":\"https:\/\/cpar.ufms.br\/professor-de-psicologia-inova-e-propoe-criacao-de-blogs-como-atividade-avaliativa\/\",\"url\":\"https:\/\/cpar.ufms.br\/professor-de-psicologia-inova-e-propoe-criacao-de-blogs-como-atividade-avaliativa\/\",\"name\":\"Professor de Psicologia inova e prop\u00f5e cria\u00e7\u00e3o de blogs como atividade avaliativa - CPAR - Campus de Parana\u00edba\",\"isPartOf\":{\"@id\":\"https:\/\/cpar.ufms.br\/#website\"},\"primaryImageOfPage\":{\"@id\":\"https:\/\/cpar.ufms.br\/professor-de-psicologia-inova-e-propoe-criacao-de-blogs-como-atividade-avaliativa\/#primaryimage\"},\"image\":{\"@id\":\"https:\/\/cpar.ufms.br\/professor-de-psicologia-inova-e-propoe-criacao-de-blogs-como-atividade-avaliativa\/#primaryimage\"},\"thumbnailUrl\":\"https:\/\/cpar.ufms.br\/files\/2019\/11\/foto-10-300x200.jpg\",\"datePublished\":\"2019-11-18T18:05:07+00:00\",\"dateModified\":\"2019-12-03T14:07:31+00:00\",\"author\":{\"@id\":\"https:\/\/cpar.ufms.br\/#\/schema\/person\/59587bd0b789889f7c25a946467cc6ee\"},\"breadcrumb\":{\"@id\":\"https:\/\/cpar.ufms.br\/professor-de-psicologia-inova-e-propoe-criacao-de-blogs-como-atividade-avaliativa\/#breadcrumb\"},\"inLanguage\":\"en-US\",\"potentialAction\":[{\"@type\":\"ReadAction\",\"target\":[\"https:\/\/cpar.ufms.br\/professor-de-psicologia-inova-e-propoe-criacao-de-blogs-como-atividade-avaliativa\/\"]}]},{\"@type\":\"ImageObject\",\"inLanguage\":\"en-US\",\"@id\":\"https:\/\/cpar.ufms.br\/professor-de-psicologia-inova-e-propoe-criacao-de-blogs-como-atividade-avaliativa\/#primaryimage\",\"url\":\"https:\/\/cpar.ufms.br\/files\/2019\/11\/foto-10-300x200.jpg\",\"contentUrl\":\"https:\/\/cpar.ufms.br\/files\/2019\/11\/foto-10-300x200.jpg\"},{\"@type\":\"BreadcrumbList\",\"@id\":\"https:\/\/cpar.ufms.br\/professor-de-psicologia-inova-e-propoe-criacao-de-blogs-como-atividade-avaliativa\/#breadcrumb\",\"itemListElement\":[{\"@type\":\"ListItem\",\"position\":1,\"name\":\"In\u00edcio\",\"item\":\"https:\/\/cpar.ufms.br\/\"},{\"@type\":\"ListItem\",\"position\":2,\"name\":\"Professor de Psicologia inova e prop\u00f5e cria\u00e7\u00e3o de blogs como atividade avaliativa\"}]},{\"@type\":\"WebSite\",\"@id\":\"https:\/\/cpar.ufms.br\/#website\",\"url\":\"https:\/\/cpar.ufms.br\/\",\"name\":\"CPAR - Campus de Parana\u00edba\",\"description\":\"Universidade Federal de Mato Grosso do Sul\",\"potentialAction\":[{\"@type\":\"SearchAction\",\"target\":{\"@type\":\"EntryPoint\",\"urlTemplate\":\"https:\/\/cpar.ufms.br\/?s={search_term_string}\"},\"query-input\":{\"@type\":\"PropertyValueSpecification\",\"valueRequired\":true,\"valueName\":\"search_term_string\"}}],\"inLanguage\":\"en-US\"},{\"@type\":\"Person\",\"@id\":\"https:\/\/cpar.ufms.br\/#\/schema\/person\/59587bd0b789889f7c25a946467cc6ee\",\"name\":\"leonardo.chaves\",\"image\":{\"@type\":\"ImageObject\",\"inLanguage\":\"en-US\",\"@id\":\"https:\/\/cpar.ufms.br\/#\/schema\/person\/image\/8d5547fb00bb666fef0f1247643a766d\",\"url\":\"https:\/\/secure.gravatar.com\/avatar\/2d276c35f5a2d842904264c905380e54d2fae11553a818c64073429e2e797d61?s=96&d=mm&r=g\",\"contentUrl\":\"https:\/\/secure.gravatar.com\/avatar\/2d276c35f5a2d842904264c905380e54d2fae11553a818c64073429e2e797d61?s=96&d=mm&r=g\",\"caption\":\"leonardo.chaves\"},\"url\":\"https:\/\/cpar.ufms.br\/en\/author\/leonardo-chaves\/\"}]}<\/script>\n<!-- \/ Yoast SEO plugin. -->","yoast_head_json":{"title":"Professor de Psicologia inova e prop\u00f5e cria\u00e7\u00e3o de blogs como atividade avaliativa - CPAR - Campus de Parana\u00edba","robots":{"index":"index","follow":"follow","max-snippet":"max-snippet:-1","max-image-preview":"max-image-preview:large","max-video-preview":"max-video-preview:-1"},"canonical":"https:\/\/cpar.ufms.br\/professor-de-psicologia-inova-e-propoe-criacao-de-blogs-como-atividade-avaliativa\/","og_locale":"en_US","og_type":"article","og_title":"Professor de Psicologia inova e prop\u00f5e cria\u00e7\u00e3o de blogs como atividade avaliativa - CPAR - Campus de Parana\u00edba","og_description":"Os alunos do curso de Psicologia do Campus de Parana\u00edba (CPAR) que est\u00e3o cursando a disciplina Psicopatologia Geral II t\u00eam contato com assuntos relacionados a transtornos mentais, tratamentos existentes e seus aspectos hist\u00f3ricos. Para avaliar os estudantes de maneira inovadora, o professor Alexandre Jos\u00e9 de Souza Peres prop\u00f4s a cria\u00e7\u00e3o de um blog por parte [&hellip;]","og_url":"https:\/\/cpar.ufms.br\/professor-de-psicologia-inova-e-propoe-criacao-de-blogs-como-atividade-avaliativa\/","og_site_name":"CPAR - Campus de Parana\u00edba","article_published_time":"2019-11-18T18:05:07+00:00","article_modified_time":"2019-12-03T14:07:31+00:00","og_image":[{"width":1385,"height":923,"url":"https:\/\/cpar.ufms.br\/files\/2019\/11\/foto-1.jpg","type":"image\/jpeg"}],"author":"leonardo.chaves","twitter_misc":{"Written by":"leonardo.chaves","Est. reading time":"3 minutes"},"schema":{"@context":"https:\/\/schema.org","@graph":[{"@type":"WebPage","@id":"https:\/\/cpar.ufms.br\/professor-de-psicologia-inova-e-propoe-criacao-de-blogs-como-atividade-avaliativa\/","url":"https:\/\/cpar.ufms.br\/professor-de-psicologia-inova-e-propoe-criacao-de-blogs-como-atividade-avaliativa\/","name":"Professor de Psicologia inova e prop\u00f5e cria\u00e7\u00e3o de blogs como atividade avaliativa - CPAR - Campus de Parana\u00edba","isPartOf":{"@id":"https:\/\/cpar.ufms.br\/#website"},"primaryImageOfPage":{"@id":"https:\/\/cpar.ufms.br\/professor-de-psicologia-inova-e-propoe-criacao-de-blogs-como-atividade-avaliativa\/#primaryimage"},"image":{"@id":"https:\/\/cpar.ufms.br\/professor-de-psicologia-inova-e-propoe-criacao-de-blogs-como-atividade-avaliativa\/#primaryimage"},"thumbnailUrl":"https:\/\/cpar.ufms.br\/files\/2019\/11\/foto-10-300x200.jpg","datePublished":"2019-11-18T18:05:07+00:00","dateModified":"2019-12-03T14:07:31+00:00","author":{"@id":"https:\/\/cpar.ufms.br\/#\/schema\/person\/59587bd0b789889f7c25a946467cc6ee"},"breadcrumb":{"@id":"https:\/\/cpar.ufms.br\/professor-de-psicologia-inova-e-propoe-criacao-de-blogs-como-atividade-avaliativa\/#breadcrumb"},"inLanguage":"en-US","potentialAction":[{"@type":"ReadAction","target":["https:\/\/cpar.ufms.br\/professor-de-psicologia-inova-e-propoe-criacao-de-blogs-como-atividade-avaliativa\/"]}]},{"@type":"ImageObject","inLanguage":"en-US","@id":"https:\/\/cpar.ufms.br\/professor-de-psicologia-inova-e-propoe-criacao-de-blogs-como-atividade-avaliativa\/#primaryimage","url":"https:\/\/cpar.ufms.br\/files\/2019\/11\/foto-10-300x200.jpg","contentUrl":"https:\/\/cpar.ufms.br\/files\/2019\/11\/foto-10-300x200.jpg"},{"@type":"BreadcrumbList","@id":"https:\/\/cpar.ufms.br\/professor-de-psicologia-inova-e-propoe-criacao-de-blogs-como-atividade-avaliativa\/#breadcrumb","itemListElement":[{"@type":"ListItem","position":1,"name":"In\u00edcio","item":"https:\/\/cpar.ufms.br\/"},{"@type":"ListItem","position":2,"name":"Professor de Psicologia inova e prop\u00f5e cria\u00e7\u00e3o de blogs como atividade avaliativa"}]},{"@type":"WebSite","@id":"https:\/\/cpar.ufms.br\/#website","url":"https:\/\/cpar.ufms.br\/","name":"CPAR - Campus de Parana\u00edba","description":"Universidade Federal de Mato Grosso do Sul","potentialAction":[{"@type":"SearchAction","target":{"@type":"EntryPoint","urlTemplate":"https:\/\/cpar.ufms.br\/?s={search_term_string}"},"query-input":{"@type":"PropertyValueSpecification","valueRequired":true,"valueName":"search_term_string"}}],"inLanguage":"en-US"},{"@type":"Person","@id":"https:\/\/cpar.ufms.br\/#\/schema\/person\/59587bd0b789889f7c25a946467cc6ee","name":"leonardo.chaves","image":{"@type":"ImageObject","inLanguage":"en-US","@id":"https:\/\/cpar.ufms.br\/#\/schema\/person\/image\/8d5547fb00bb666fef0f1247643a766d","url":"https:\/\/secure.gravatar.com\/avatar\/2d276c35f5a2d842904264c905380e54d2fae11553a818c64073429e2e797d61?s=96&d=mm&r=g","contentUrl":"https:\/\/secure.gravatar.com\/avatar\/2d276c35f5a2d842904264c905380e54d2fae11553a818c64073429e2e797d61?s=96&d=mm&r=g","caption":"leonardo.chaves"},"url":"https:\/\/cpar.ufms.br\/en\/author\/leonardo-chaves\/"}]}},"_links":{"self":[{"href":"https:\/\/cpar.ufms.br\/en\/wp-json\/wp\/v2\/posts\/9030","targetHints":{"allow":["GET"]}}],"collection":[{"href":"https:\/\/cpar.ufms.br\/en\/wp-json\/wp\/v2\/posts"}],"about":[{"href":"https:\/\/cpar.ufms.br\/en\/wp-json\/wp\/v2\/types\/post"}],"author":[{"embeddable":true,"href":"https:\/\/cpar.ufms.br\/en\/wp-json\/wp\/v2\/users\/2862"}],"replies":[{"embeddable":true,"href":"https:\/\/cpar.ufms.br\/en\/wp-json\/wp\/v2\/comments?post=9030"}],"version-history":[{"count":3,"href":"https:\/\/cpar.ufms.br\/en\/wp-json\/wp\/v2\/posts\/9030\/revisions"}],"predecessor-version":[{"id":9038,"href":"https:\/\/cpar.ufms.br\/en\/wp-json\/wp\/v2\/posts\/9030\/revisions\/9038"}],"wp:attachment":[{"href":"https:\/\/cpar.ufms.br\/en\/wp-json\/wp\/v2\/media?parent=9030"}],"wp:term":[{"taxonomy":"category","embeddable":true,"href":"https:\/\/cpar.ufms.br\/en\/wp-json\/wp\/v2\/categories?post=9030"},{"taxonomy":"post_tag","embeddable":true,"href":"https:\/\/cpar.ufms.br\/en\/wp-json\/wp\/v2\/tags?post=9030"},{"taxonomy":"author","embeddable":true,"href":"https:\/\/cpar.ufms.br\/en\/wp-json\/wp\/v2\/coauthors?post=9030"}],"curies":[{"name":"wp","href":"https:\/\/api.w.org\/{rel}","templated":true}]}}