{"id":9239,"date":"2020-01-07T08:19:00","date_gmt":"2020-01-07T12:19:00","guid":{"rendered":"https:\/\/cpar.ufms.br\/?p=9239"},"modified":"2020-02-10T09:58:10","modified_gmt":"2020-02-10T13:58:10","slug":"professora-do-curso-de-psicologia-participa-de-forum-estadual-sobre-etica-profissional","status":"publish","type":"post","link":"https:\/\/cpar.ufms.br\/en\/professora-do-curso-de-psicologia-participa-de-forum-estadual-sobre-etica-profissional\/","title":{"rendered":"Professora do Curso de Psicologia participa de f\u00f3rum estadual sobre \u00e9tica profissional"},"content":{"rendered":"<p style=\"text-align: justify\"><span style=\"color: #000000\">A Prof.\u00aa Dr.\u00aa <strong>C\u00edntia Carvalho<\/strong>, do Curso de Psicologia do Campus de Parana\u00edba da Universidade Federal de Mato Grosso do Sul (CPAR\/UFMS), participou do <strong>I F\u00f3rum Permanente dos Professores de \u00c9tica do Mato Grosso do Sul<\/strong>, realizado em novembro de 2019 em Campo Grande. O evento foi organizado pelo Conselho Federal de Psicologia da D\u00e9cima Quarta Regi\u00e3o (CRP14\/MS) e teve como objetivo criar um ambiente permanente de di\u00e1logo e forma\u00e7\u00e3o entre os professores que trabalham com essa tem\u00e1tica.<\/span><\/p>\n<p style=\"text-align: justify\"><span style=\"color: #000000\">A professora Cintia Carvalho, ministrante da disciplina de \u00c9tica em Psicologia, representou o CPAR\/UFMS no evento. Cintia conta que a inten\u00e7\u00e3o do CRP \u00e9 produzir reflex\u00f5es sobre \u00e9tica profissional em parceria com os professores, iniciativa que busca \u201calinhar as pr\u00e1ticas psicol\u00f3gicas com os avan\u00e7os da Ci\u00eancia\u201d.<\/span><\/p>\n<p style=\"text-align: justify\"><span style=\"color: #000000\">O encontro gerou encaminhamentos e reflex\u00f5es sobre a realidade do estado, que atualmente conta com um alto \u00edndice de infra\u00e7\u00f5es \u00e9ticas cometidas por profissionais de Psicologia, diz Cintia. A expectativa \u00e9 que o F\u00f3rum atue como inst\u00e2ncia preventiva e tamb\u00e9m possibilite discuss\u00f5es sobre os desafios da atualidade.<\/span><\/p>\n<p style=\"text-align: justify\"><span style=\"color: #000000\">Para disseminar a reflex\u00e3o desse assunto, decidiu-se realizar um F\u00f3rum Itinerante nas Universidades. O Campus de Parana\u00edba da UFMS est\u00e1 entre as institui\u00e7\u00f5es sugeridas para sediar o evento em 2020. Mais informa\u00e7\u00f5es ser\u00e3o divulgadas pelo site do CPAR\/UFMS futuramente.<\/span><\/p>\n<p style=\"text-align: justify\"><span style=\"color: #000000\">Cintia aponta que a \u201cideia \u00e9 envolver estudantes e docentes de Psicologia, assim como, psic\u00f3logos que exercem seus trabalhos na comunidade acad\u00eamica e na comunidade externa\u201d. A docente conta ainda, que j\u00e1 existe um tema e data para a primeira atividade do F\u00f3rum. No dia 06 de mar\u00e7o de 2020 na Unigran em Campo Grande, ser\u00e1 discutido aspectos morais e \u00e9ticos em pr\u00e1ticas psicol\u00f3gicas. Al\u00e9m do CPAR\/UFMS, a previs\u00e3o \u00e9 que o F\u00f3rum tamb\u00e9m ocorra na cidade de Dourados neste ano.<\/span><\/p>\n<p style=\"text-align: justify\"><span style=\"color: #000000\">Mais informa\u00e7\u00f5es sobre a atividade podem ser encontradas no site do CRP14\/MS, clicando <a href=\"http:\/\/www.crpms.org.br\/noticia\/conselho-organiza-criaaao-de-farum-de-atica-com-professores-de-psicologia\/1145#.XegdWJDmMql\">AQUI<\/a>.<\/span><\/p>\n<p><a href=\"https:\/\/cpar.ufms.br\/files\/2020\/01\/WhatsApp-Image-2019-11-27-at-10.55.44-2.jpeg\"><img fetchpriority=\"high\" decoding=\"async\" class=\"alignnone size-medium wp-image-9240\" src=\"https:\/\/cpar.ufms.br\/files\/2020\/01\/WhatsApp-Image-2019-11-27-at-10.55.44-2-300x200.jpeg\" alt=\"\" width=\"300\" height=\"200\" \/><\/a>\u00a0 <a href=\"https:\/\/cpar.ufms.br\/files\/2020\/01\/image_layout.php_.jpg\"><img decoding=\"async\" class=\"alignnone size-medium wp-image-9242\" src=\"https:\/\/cpar.ufms.br\/files\/2020\/01\/image_layout.php_-300x199.jpg\" alt=\"\" width=\"300\" height=\"199\" \/><\/a><\/p>\n<p>Fotos:\u00a0 site CRP14\/MS <span style=\"color: #ffffff\">. <\/span><\/p>\n<p><span style=\"color: #ffffff\">.<\/span><\/p>\n<pre><span style=\"color: #ffffff\"><span style=\"color: #000000\"><strong>Brunna Oliveira<\/strong> - estagi\u00e1ria AGECOM no CPAR<\/span><\/span><\/pre>\n","protected":false},"excerpt":{"rendered":"<p>A Prof.\u00aa Dr.\u00aa C\u00edntia Carvalho, do Curso de Psicologia do Campus de Parana\u00edba da Universidade Federal de Mato Grosso do Sul (CPAR\/UFMS), participou do I F\u00f3rum Permanente dos Professores de \u00c9tica do Mato Grosso do Sul, realizado em novembro de 2019 em Campo Grande. O evento foi organizado pelo Conselho Federal de Psicologia da D\u00e9cima [&hellip;]<\/p>\n","protected":false},"author":2862,"featured_media":0,"comment_status":"closed","ping_status":"open","sticky":false,"template":"","format":"standard","meta":{"footnotes":""},"categories":[1],"tags":[],"coauthors":[],"class_list":["post-9239","post","type-post","status-publish","format-standard","hentry","category-noticias"],"yoast_head":"<!-- This site is optimized with the Yoast SEO plugin v26.2 - https:\/\/yoast.com\/wordpress\/plugins\/seo\/ -->\n<title>Professora do Curso de Psicologia participa de f\u00f3rum estadual sobre \u00e9tica profissional - CPAR - Campus de Parana\u00edba<\/title>\n<meta name=\"robots\" content=\"index, follow, max-snippet:-1, max-image-preview:large, max-video-preview:-1\" \/>\n<link rel=\"canonical\" href=\"https:\/\/cpar.ufms.br\/professora-do-curso-de-psicologia-participa-de-forum-estadual-sobre-etica-profissional\/\" \/>\n<meta property=\"og:locale\" content=\"en_US\" \/>\n<meta property=\"og:type\" content=\"article\" \/>\n<meta property=\"og:title\" content=\"Professora do Curso de Psicologia participa de f\u00f3rum estadual sobre \u00e9tica profissional - CPAR - Campus de Parana\u00edba\" \/>\n<meta property=\"og:description\" content=\"A Prof.\u00aa Dr.\u00aa C\u00edntia Carvalho, do Curso de Psicologia do Campus de Parana\u00edba da Universidade Federal de Mato Grosso do Sul (CPAR\/UFMS), participou do I F\u00f3rum Permanente dos Professores de \u00c9tica do Mato Grosso do Sul, realizado em novembro de 2019 em Campo Grande. O evento foi organizado pelo Conselho Federal de Psicologia da D\u00e9cima [&hellip;]\" \/>\n<meta property=\"og:url\" content=\"https:\/\/cpar.ufms.br\/professora-do-curso-de-psicologia-participa-de-forum-estadual-sobre-etica-profissional\/\" \/>\n<meta property=\"og:site_name\" content=\"CPAR - Campus de Parana\u00edba\" \/>\n<meta property=\"article:published_time\" content=\"2020-01-07T12:19:00+00:00\" \/>\n<meta property=\"article:modified_time\" content=\"2020-02-10T13:58:10+00:00\" \/>\n<meta property=\"og:image\" content=\"https:\/\/cpar.ufms.br\/files\/2020\/01\/IMG-20191120-WA0015.jpg\" \/>\n\t<meta property=\"og:image:width\" content=\"719\" \/>\n\t<meta property=\"og:image:height\" content=\"642\" \/>\n\t<meta property=\"og:image:type\" content=\"image\/jpeg\" \/>\n<meta name=\"author\" content=\"leonardo.chaves\" \/>\n<meta name=\"twitter:label1\" content=\"Written by\" \/>\n\t<meta name=\"twitter:data1\" content=\"leonardo.chaves\" \/>\n\t<meta name=\"twitter:label2\" content=\"Est. reading time\" \/>\n\t<meta name=\"twitter:data2\" content=\"2 minutes\" \/>\n<script type=\"application\/ld+json\" class=\"yoast-schema-graph\">{\"@context\":\"https:\/\/schema.org\",\"@graph\":[{\"@type\":\"WebPage\",\"@id\":\"https:\/\/cpar.ufms.br\/professora-do-curso-de-psicologia-participa-de-forum-estadual-sobre-etica-profissional\/\",\"url\":\"https:\/\/cpar.ufms.br\/professora-do-curso-de-psicologia-participa-de-forum-estadual-sobre-etica-profissional\/\",\"name\":\"Professora do Curso de Psicologia participa de f\u00f3rum estadual sobre \u00e9tica profissional - CPAR - Campus de Parana\u00edba\",\"isPartOf\":{\"@id\":\"https:\/\/cpar.ufms.br\/#website\"},\"primaryImageOfPage\":{\"@id\":\"https:\/\/cpar.ufms.br\/professora-do-curso-de-psicologia-participa-de-forum-estadual-sobre-etica-profissional\/#primaryimage\"},\"image\":{\"@id\":\"https:\/\/cpar.ufms.br\/professora-do-curso-de-psicologia-participa-de-forum-estadual-sobre-etica-profissional\/#primaryimage\"},\"thumbnailUrl\":\"https:\/\/cpar.ufms.br\/files\/2020\/01\/WhatsApp-Image-2019-11-27-at-10.55.44-2-300x200.jpeg\",\"datePublished\":\"2020-01-07T12:19:00+00:00\",\"dateModified\":\"2020-02-10T13:58:10+00:00\",\"author\":{\"@id\":\"https:\/\/cpar.ufms.br\/#\/schema\/person\/59587bd0b789889f7c25a946467cc6ee\"},\"breadcrumb\":{\"@id\":\"https:\/\/cpar.ufms.br\/professora-do-curso-de-psicologia-participa-de-forum-estadual-sobre-etica-profissional\/#breadcrumb\"},\"inLanguage\":\"en-US\",\"potentialAction\":[{\"@type\":\"ReadAction\",\"target\":[\"https:\/\/cpar.ufms.br\/professora-do-curso-de-psicologia-participa-de-forum-estadual-sobre-etica-profissional\/\"]}]},{\"@type\":\"ImageObject\",\"inLanguage\":\"en-US\",\"@id\":\"https:\/\/cpar.ufms.br\/professora-do-curso-de-psicologia-participa-de-forum-estadual-sobre-etica-profissional\/#primaryimage\",\"url\":\"https:\/\/cpar.ufms.br\/files\/2020\/01\/WhatsApp-Image-2019-11-27-at-10.55.44-2-300x200.jpeg\",\"contentUrl\":\"https:\/\/cpar.ufms.br\/files\/2020\/01\/WhatsApp-Image-2019-11-27-at-10.55.44-2-300x200.jpeg\"},{\"@type\":\"BreadcrumbList\",\"@id\":\"https:\/\/cpar.ufms.br\/professora-do-curso-de-psicologia-participa-de-forum-estadual-sobre-etica-profissional\/#breadcrumb\",\"itemListElement\":[{\"@type\":\"ListItem\",\"position\":1,\"name\":\"In\u00edcio\",\"item\":\"https:\/\/cpar.ufms.br\/\"},{\"@type\":\"ListItem\",\"position\":2,\"name\":\"Professora do Curso de Psicologia participa de f\u00f3rum estadual sobre \u00e9tica profissional\"}]},{\"@type\":\"WebSite\",\"@id\":\"https:\/\/cpar.ufms.br\/#website\",\"url\":\"https:\/\/cpar.ufms.br\/\",\"name\":\"CPAR - Campus de Parana\u00edba\",\"description\":\"Universidade Federal de Mato Grosso do Sul\",\"potentialAction\":[{\"@type\":\"SearchAction\",\"target\":{\"@type\":\"EntryPoint\",\"urlTemplate\":\"https:\/\/cpar.ufms.br\/?s={search_term_string}\"},\"query-input\":{\"@type\":\"PropertyValueSpecification\",\"valueRequired\":true,\"valueName\":\"search_term_string\"}}],\"inLanguage\":\"en-US\"},{\"@type\":\"Person\",\"@id\":\"https:\/\/cpar.ufms.br\/#\/schema\/person\/59587bd0b789889f7c25a946467cc6ee\",\"name\":\"leonardo.chaves\",\"image\":{\"@type\":\"ImageObject\",\"inLanguage\":\"en-US\",\"@id\":\"https:\/\/cpar.ufms.br\/#\/schema\/person\/image\/8d5547fb00bb666fef0f1247643a766d\",\"url\":\"https:\/\/secure.gravatar.com\/avatar\/2d276c35f5a2d842904264c905380e54d2fae11553a818c64073429e2e797d61?s=96&d=mm&r=g\",\"contentUrl\":\"https:\/\/secure.gravatar.com\/avatar\/2d276c35f5a2d842904264c905380e54d2fae11553a818c64073429e2e797d61?s=96&d=mm&r=g\",\"caption\":\"leonardo.chaves\"},\"url\":\"https:\/\/cpar.ufms.br\/en\/author\/leonardo-chaves\/\"}]}<\/script>\n<!-- \/ Yoast SEO plugin. -->","yoast_head_json":{"title":"Professora do Curso de Psicologia participa de f\u00f3rum estadual sobre \u00e9tica profissional - CPAR - Campus de Parana\u00edba","robots":{"index":"index","follow":"follow","max-snippet":"max-snippet:-1","max-image-preview":"max-image-preview:large","max-video-preview":"max-video-preview:-1"},"canonical":"https:\/\/cpar.ufms.br\/professora-do-curso-de-psicologia-participa-de-forum-estadual-sobre-etica-profissional\/","og_locale":"en_US","og_type":"article","og_title":"Professora do Curso de Psicologia participa de f\u00f3rum estadual sobre \u00e9tica profissional - CPAR - Campus de Parana\u00edba","og_description":"A Prof.\u00aa Dr.\u00aa C\u00edntia Carvalho, do Curso de Psicologia do Campus de Parana\u00edba da Universidade Federal de Mato Grosso do Sul (CPAR\/UFMS), participou do I F\u00f3rum Permanente dos Professores de \u00c9tica do Mato Grosso do Sul, realizado em novembro de 2019 em Campo Grande. O evento foi organizado pelo Conselho Federal de Psicologia da D\u00e9cima [&hellip;]","og_url":"https:\/\/cpar.ufms.br\/professora-do-curso-de-psicologia-participa-de-forum-estadual-sobre-etica-profissional\/","og_site_name":"CPAR - Campus de Parana\u00edba","article_published_time":"2020-01-07T12:19:00+00:00","article_modified_time":"2020-02-10T13:58:10+00:00","og_image":[{"width":719,"height":642,"url":"https:\/\/cpar.ufms.br\/files\/2020\/01\/IMG-20191120-WA0015.jpg","type":"image\/jpeg"}],"author":"leonardo.chaves","twitter_misc":{"Written by":"leonardo.chaves","Est. reading time":"2 minutes"},"schema":{"@context":"https:\/\/schema.org","@graph":[{"@type":"WebPage","@id":"https:\/\/cpar.ufms.br\/professora-do-curso-de-psicologia-participa-de-forum-estadual-sobre-etica-profissional\/","url":"https:\/\/cpar.ufms.br\/professora-do-curso-de-psicologia-participa-de-forum-estadual-sobre-etica-profissional\/","name":"Professora do Curso de Psicologia participa de f\u00f3rum estadual sobre \u00e9tica profissional - CPAR - Campus de Parana\u00edba","isPartOf":{"@id":"https:\/\/cpar.ufms.br\/#website"},"primaryImageOfPage":{"@id":"https:\/\/cpar.ufms.br\/professora-do-curso-de-psicologia-participa-de-forum-estadual-sobre-etica-profissional\/#primaryimage"},"image":{"@id":"https:\/\/cpar.ufms.br\/professora-do-curso-de-psicologia-participa-de-forum-estadual-sobre-etica-profissional\/#primaryimage"},"thumbnailUrl":"https:\/\/cpar.ufms.br\/files\/2020\/01\/WhatsApp-Image-2019-11-27-at-10.55.44-2-300x200.jpeg","datePublished":"2020-01-07T12:19:00+00:00","dateModified":"2020-02-10T13:58:10+00:00","author":{"@id":"https:\/\/cpar.ufms.br\/#\/schema\/person\/59587bd0b789889f7c25a946467cc6ee"},"breadcrumb":{"@id":"https:\/\/cpar.ufms.br\/professora-do-curso-de-psicologia-participa-de-forum-estadual-sobre-etica-profissional\/#breadcrumb"},"inLanguage":"en-US","potentialAction":[{"@type":"ReadAction","target":["https:\/\/cpar.ufms.br\/professora-do-curso-de-psicologia-participa-de-forum-estadual-sobre-etica-profissional\/"]}]},{"@type":"ImageObject","inLanguage":"en-US","@id":"https:\/\/cpar.ufms.br\/professora-do-curso-de-psicologia-participa-de-forum-estadual-sobre-etica-profissional\/#primaryimage","url":"https:\/\/cpar.ufms.br\/files\/2020\/01\/WhatsApp-Image-2019-11-27-at-10.55.44-2-300x200.jpeg","contentUrl":"https:\/\/cpar.ufms.br\/files\/2020\/01\/WhatsApp-Image-2019-11-27-at-10.55.44-2-300x200.jpeg"},{"@type":"BreadcrumbList","@id":"https:\/\/cpar.ufms.br\/professora-do-curso-de-psicologia-participa-de-forum-estadual-sobre-etica-profissional\/#breadcrumb","itemListElement":[{"@type":"ListItem","position":1,"name":"In\u00edcio","item":"https:\/\/cpar.ufms.br\/"},{"@type":"ListItem","position":2,"name":"Professora do Curso de Psicologia participa de f\u00f3rum estadual sobre \u00e9tica profissional"}]},{"@type":"WebSite","@id":"https:\/\/cpar.ufms.br\/#website","url":"https:\/\/cpar.ufms.br\/","name":"CPAR - Campus de Parana\u00edba","description":"Universidade Federal de Mato Grosso do Sul","potentialAction":[{"@type":"SearchAction","target":{"@type":"EntryPoint","urlTemplate":"https:\/\/cpar.ufms.br\/?s={search_term_string}"},"query-input":{"@type":"PropertyValueSpecification","valueRequired":true,"valueName":"search_term_string"}}],"inLanguage":"en-US"},{"@type":"Person","@id":"https:\/\/cpar.ufms.br\/#\/schema\/person\/59587bd0b789889f7c25a946467cc6ee","name":"leonardo.chaves","image":{"@type":"ImageObject","inLanguage":"en-US","@id":"https:\/\/cpar.ufms.br\/#\/schema\/person\/image\/8d5547fb00bb666fef0f1247643a766d","url":"https:\/\/secure.gravatar.com\/avatar\/2d276c35f5a2d842904264c905380e54d2fae11553a818c64073429e2e797d61?s=96&d=mm&r=g","contentUrl":"https:\/\/secure.gravatar.com\/avatar\/2d276c35f5a2d842904264c905380e54d2fae11553a818c64073429e2e797d61?s=96&d=mm&r=g","caption":"leonardo.chaves"},"url":"https:\/\/cpar.ufms.br\/en\/author\/leonardo-chaves\/"}]}},"_links":{"self":[{"href":"https:\/\/cpar.ufms.br\/en\/wp-json\/wp\/v2\/posts\/9239","targetHints":{"allow":["GET"]}}],"collection":[{"href":"https:\/\/cpar.ufms.br\/en\/wp-json\/wp\/v2\/posts"}],"about":[{"href":"https:\/\/cpar.ufms.br\/en\/wp-json\/wp\/v2\/types\/post"}],"author":[{"embeddable":true,"href":"https:\/\/cpar.ufms.br\/en\/wp-json\/wp\/v2\/users\/2862"}],"replies":[{"embeddable":true,"href":"https:\/\/cpar.ufms.br\/en\/wp-json\/wp\/v2\/comments?post=9239"}],"version-history":[{"count":8,"href":"https:\/\/cpar.ufms.br\/en\/wp-json\/wp\/v2\/posts\/9239\/revisions"}],"predecessor-version":[{"id":9251,"href":"https:\/\/cpar.ufms.br\/en\/wp-json\/wp\/v2\/posts\/9239\/revisions\/9251"}],"wp:attachment":[{"href":"https:\/\/cpar.ufms.br\/en\/wp-json\/wp\/v2\/media?parent=9239"}],"wp:term":[{"taxonomy":"category","embeddable":true,"href":"https:\/\/cpar.ufms.br\/en\/wp-json\/wp\/v2\/categories?post=9239"},{"taxonomy":"post_tag","embeddable":true,"href":"https:\/\/cpar.ufms.br\/en\/wp-json\/wp\/v2\/tags?post=9239"},{"taxonomy":"author","embeddable":true,"href":"https:\/\/cpar.ufms.br\/en\/wp-json\/wp\/v2\/coauthors?post=9239"}],"curies":[{"name":"wp","href":"https:\/\/api.w.org\/{rel}","templated":true}]}}