{"id":9384,"date":"2020-02-26T16:14:55","date_gmt":"2020-02-26T20:14:55","guid":{"rendered":"https:\/\/cpar.ufms.br\/?p=9384"},"modified":"2020-02-26T16:16:44","modified_gmt":"2020-02-26T20:16:44","slug":"vagas-para-pessoas-idosas-em-disciplinas-de-graduacao-da-ufms-no-semestre-2020-1","status":"publish","type":"post","link":"https:\/\/cpar.ufms.br\/en\/vagas-para-pessoas-idosas-em-disciplinas-de-graduacao-da-ufms-no-semestre-2020-1\/","title":{"rendered":"Vagas para pessoas idosas em disciplinas de gradua\u00e7\u00e3o da UFMS no semestre 2020.1"},"content":{"rendered":"<p style=\"text-align: justify\"><span style=\"color: #000000\">Nos dias<\/span><span style=\"color: #ff0000\"><strong> 27 e 28 de fevereiro<\/strong><\/span> <span style=\"color: #000000\">estar\u00e3o abertas as inscri\u00e7\u00f5es de pessoas idosas para o preenchimento de vagas, no primeiro semestre de 2020, em disciplinas de gradua\u00e7\u00e3o presencial e em a\u00e7\u00f5es de extens\u00e3o, cultura e esporte, no \u00e2mbito do Programa Institucional de Extens\u00e3o <strong>Universidade Aberta \u00e0 Pessoa Idosa<\/strong> (UnAPI\/UFMS).<\/span><\/p>\n<p style=\"text-align: justify\">No <strong>Campus de Parana\u00edba<\/strong> ser\u00e3o ofertadas <strong>6 vagas<\/strong>, distribu\u00eddas em <strong>3 disciplinas<\/strong>:<\/p>\n<p style=\"text-align: justify\"><span style=\"text-decoration: underline\"><strong><span style=\"color: #ff0000;text-decoration: underline\">Gest\u00e3o Ambiental\u00a0<\/span><\/strong><\/span><\/p>\n<p style=\"text-align: justify\">2 vagas<\/p>\n<p style=\"text-align: justify\">Curso de Administra\u00e7\u00e3o (Prof. Geraldino Carneiro de Ara\u00fajo)<\/p>\n<p style=\"text-align: justify\">In\u00edcio em 02\/03\/2020 &#8211; Segunda-feira, das 18h50 \u00e0s 23h<\/p>\n<p style=\"text-align: justify\">Ementa: Principais marcos hist\u00f3ricos e documentais dos debates sobre a quest\u00e3o ambiental; ferramentas de gest\u00e3o ambiental; gest\u00e3o e gerenciamento de res\u00edduos s\u00f3lidos; educa\u00e7\u00e3o ambiental e educa\u00e7\u00e3o para a sustentabilidade. Direitos Humanos.<\/p>\n<p style=\"text-align: justify\"><span style=\"text-decoration: underline\"><span style=\"color: #ff0000\"><strong>Estudos Sociol\u00f3gicos e Antropol\u00f3gicos<\/strong><\/span><\/span><\/p>\n<p style=\"text-align: justify\">2 vagas<\/p>\n<p style=\"text-align: justify\">Curso de Administra\u00e7\u00e3o (Prof. Geraldino Carneiro de Ara\u00fajo)<\/p>\n<p style=\"text-align: justify\">In\u00edcio em 03\/03\/2020 &#8211; Ter\u00e7a-feira, das 18h50 \u00e0s 23h<\/p>\n<p style=\"text-align: justify\">Ementa: O estudo da sociedade e das organiza\u00e7\u00f5es por meio das perspectivas sociol\u00f3gicas e antropol\u00f3gicas; o trabalho no contexto da sociedade capitalista; a cultura brasileira e as organiza\u00e7\u00f5es; as quest\u00f5es ambientais, \u00e9tnico-raciais, de g\u00eanero e de preconceito. Educa\u00e7\u00e3o Ambiental, Direitos Humanos e Rela\u00e7\u00f5es \u00c9tnico-Raciais.<\/p>\n<p style=\"text-align: justify\"><span style=\"text-decoration: underline\"><strong><span style=\"color: #ff0000;text-decoration: underline\">Empreendedorismo e Gest\u00e3o de Pequena Empresa<\/span><\/strong><\/span><\/p>\n<p style=\"text-align: justify\">2 vagas<\/p>\n<p style=\"text-align: justify\">Curso de Administra\u00e7\u00e3o (Prof. Geraldino Carneiro de Ara\u00fajo)<\/p>\n<p style=\"text-align: justify\">In\u00edcio em 04\/03\/2020 &#8211; Quarta-feira, das 18h50 \u00e0s 23h<\/p>\n<p style=\"text-align: justify\">Ementa: O conceito e amplitude de empreendedorismo; atividade\/atitude empreendedora; necessidades do mercado e identifica\u00e7\u00e3o de oportunidades; plano geral para implementa\u00e7\u00e3o de um\u00a0 neg\u00f3cio; caracter\u00edsticas, peculiaridades e problemas da gest\u00e3o em pequenas empresas. Educa\u00e7\u00e3o Ambiental.<\/p>\n<p>Em toda a UFMS, est\u00e3o sendo oferecidas 289 (duzentas e oitenta e nove) vagas.<\/p>\n<p><strong>Confira maiores informa\u00e7\u00f5es, datas e locais para a inscri\u00e7\u00e3o, consultando o Edital UFMS\/PROECE n.\u00ba 30\/2020, clicando<\/strong> <strong><span style=\"color: #0000ff\"><a style=\"color: #0000ff\" href=\"https:\/\/cpar.ufms.br\/files\/2020\/02\/Edital-UFMS.PROECE-n.-30.2020-Universidade-Aberta-a-Pessoa-Idosa-UnAPI.UFMS_.pdf\">AQUI<\/a><\/span><\/strong>.<\/p>\n<p>No Campus de Parana\u00edba, as inscri\u00e7\u00f5es ser\u00e3o feitas na Secretaria Acad\u00eamica, das 7h30 \u00e0s 10h30 e das 13h30 \u00e0s 16h30.<\/p>\n","protected":false},"excerpt":{"rendered":"<p>Nos dias 27 e 28 de fevereiro estar\u00e3o abertas as inscri\u00e7\u00f5es de pessoas idosas para o preenchimento de vagas, no primeiro semestre de 2020, em disciplinas de gradua\u00e7\u00e3o presencial e em a\u00e7\u00f5es de extens\u00e3o, cultura e esporte, no \u00e2mbito do Programa Institucional de Extens\u00e3o Universidade Aberta \u00e0 Pessoa Idosa (UnAPI\/UFMS). No Campus de Parana\u00edba ser\u00e3o [&hellip;]<\/p>\n","protected":false},"author":2862,"featured_media":0,"comment_status":"closed","ping_status":"open","sticky":false,"template":"","format":"standard","meta":{"footnotes":""},"categories":[3,1],"tags":[],"coauthors":[],"class_list":["post-9384","post","type-post","status-publish","format-standard","hentry","category-fotos-imagens","category-noticias"],"yoast_head":"<!-- This site is optimized with the Yoast SEO plugin v26.2 - https:\/\/yoast.com\/wordpress\/plugins\/seo\/ -->\n<title>Vagas para pessoas idosas em disciplinas de gradua\u00e7\u00e3o da UFMS no semestre 2020.1 - CPAR - Campus de Parana\u00edba<\/title>\n<meta name=\"robots\" content=\"index, follow, max-snippet:-1, max-image-preview:large, max-video-preview:-1\" \/>\n<link rel=\"canonical\" href=\"https:\/\/cpar.ufms.br\/vagas-para-pessoas-idosas-em-disciplinas-de-graduacao-da-ufms-no-semestre-2020-1\/\" \/>\n<meta property=\"og:locale\" content=\"en_US\" \/>\n<meta property=\"og:type\" content=\"article\" \/>\n<meta property=\"og:title\" content=\"Vagas para pessoas idosas em disciplinas de gradua\u00e7\u00e3o da UFMS no semestre 2020.1 - CPAR - Campus de Parana\u00edba\" \/>\n<meta property=\"og:description\" content=\"Nos dias 27 e 28 de fevereiro estar\u00e3o abertas as inscri\u00e7\u00f5es de pessoas idosas para o preenchimento de vagas, no primeiro semestre de 2020, em disciplinas de gradua\u00e7\u00e3o presencial e em a\u00e7\u00f5es de extens\u00e3o, cultura e esporte, no \u00e2mbito do Programa Institucional de Extens\u00e3o Universidade Aberta \u00e0 Pessoa Idosa (UnAPI\/UFMS). No Campus de Parana\u00edba ser\u00e3o [&hellip;]\" \/>\n<meta property=\"og:url\" content=\"https:\/\/cpar.ufms.br\/vagas-para-pessoas-idosas-em-disciplinas-de-graduacao-da-ufms-no-semestre-2020-1\/\" \/>\n<meta property=\"og:site_name\" content=\"CPAR - Campus de Parana\u00edba\" \/>\n<meta property=\"article:published_time\" content=\"2020-02-26T20:14:55+00:00\" \/>\n<meta property=\"article:modified_time\" content=\"2020-02-26T20:16:44+00:00\" \/>\n<meta property=\"og:image\" content=\"https:\/\/cpar.ufms.br\/files\/2020\/02\/20180705_155108-300x298.png\" \/>\n\t<meta property=\"og:image:width\" content=\"960\" \/>\n\t<meta property=\"og:image:height\" content=\"960\" \/>\n\t<meta property=\"og:image:type\" content=\"image\/png\" \/>\n<meta name=\"author\" content=\"leonardo.chaves\" \/>\n<meta name=\"twitter:label1\" content=\"Written by\" \/>\n\t<meta name=\"twitter:data1\" content=\"leonardo.chaves\" \/>\n\t<meta name=\"twitter:label2\" content=\"Est. reading time\" \/>\n\t<meta name=\"twitter:data2\" content=\"2 minutes\" \/>\n<script type=\"application\/ld+json\" class=\"yoast-schema-graph\">{\"@context\":\"https:\/\/schema.org\",\"@graph\":[{\"@type\":\"WebPage\",\"@id\":\"https:\/\/cpar.ufms.br\/vagas-para-pessoas-idosas-em-disciplinas-de-graduacao-da-ufms-no-semestre-2020-1\/\",\"url\":\"https:\/\/cpar.ufms.br\/vagas-para-pessoas-idosas-em-disciplinas-de-graduacao-da-ufms-no-semestre-2020-1\/\",\"name\":\"Vagas para pessoas idosas em disciplinas de gradua\u00e7\u00e3o da UFMS no semestre 2020.1 - CPAR - Campus de Parana\u00edba\",\"isPartOf\":{\"@id\":\"https:\/\/cpar.ufms.br\/#website\"},\"datePublished\":\"2020-02-26T20:14:55+00:00\",\"dateModified\":\"2020-02-26T20:16:44+00:00\",\"author\":{\"@id\":\"https:\/\/cpar.ufms.br\/#\/schema\/person\/59587bd0b789889f7c25a946467cc6ee\"},\"breadcrumb\":{\"@id\":\"https:\/\/cpar.ufms.br\/vagas-para-pessoas-idosas-em-disciplinas-de-graduacao-da-ufms-no-semestre-2020-1\/#breadcrumb\"},\"inLanguage\":\"en-US\",\"potentialAction\":[{\"@type\":\"ReadAction\",\"target\":[\"https:\/\/cpar.ufms.br\/vagas-para-pessoas-idosas-em-disciplinas-de-graduacao-da-ufms-no-semestre-2020-1\/\"]}]},{\"@type\":\"BreadcrumbList\",\"@id\":\"https:\/\/cpar.ufms.br\/vagas-para-pessoas-idosas-em-disciplinas-de-graduacao-da-ufms-no-semestre-2020-1\/#breadcrumb\",\"itemListElement\":[{\"@type\":\"ListItem\",\"position\":1,\"name\":\"In\u00edcio\",\"item\":\"https:\/\/cpar.ufms.br\/\"},{\"@type\":\"ListItem\",\"position\":2,\"name\":\"Vagas para pessoas idosas em disciplinas de gradua\u00e7\u00e3o da UFMS no semestre 2020.1\"}]},{\"@type\":\"WebSite\",\"@id\":\"https:\/\/cpar.ufms.br\/#website\",\"url\":\"https:\/\/cpar.ufms.br\/\",\"name\":\"CPAR - Campus de Parana\u00edba\",\"description\":\"Universidade Federal de Mato Grosso do Sul\",\"potentialAction\":[{\"@type\":\"SearchAction\",\"target\":{\"@type\":\"EntryPoint\",\"urlTemplate\":\"https:\/\/cpar.ufms.br\/?s={search_term_string}\"},\"query-input\":{\"@type\":\"PropertyValueSpecification\",\"valueRequired\":true,\"valueName\":\"search_term_string\"}}],\"inLanguage\":\"en-US\"},{\"@type\":\"Person\",\"@id\":\"https:\/\/cpar.ufms.br\/#\/schema\/person\/59587bd0b789889f7c25a946467cc6ee\",\"name\":\"leonardo.chaves\",\"image\":{\"@type\":\"ImageObject\",\"inLanguage\":\"en-US\",\"@id\":\"https:\/\/cpar.ufms.br\/#\/schema\/person\/image\/8d5547fb00bb666fef0f1247643a766d\",\"url\":\"https:\/\/secure.gravatar.com\/avatar\/2d276c35f5a2d842904264c905380e54d2fae11553a818c64073429e2e797d61?s=96&d=mm&r=g\",\"contentUrl\":\"https:\/\/secure.gravatar.com\/avatar\/2d276c35f5a2d842904264c905380e54d2fae11553a818c64073429e2e797d61?s=96&d=mm&r=g\",\"caption\":\"leonardo.chaves\"},\"url\":\"https:\/\/cpar.ufms.br\/en\/author\/leonardo-chaves\/\"}]}<\/script>\n<!-- \/ Yoast SEO plugin. -->","yoast_head_json":{"title":"Vagas para pessoas idosas em disciplinas de gradua\u00e7\u00e3o da UFMS no semestre 2020.1 - CPAR - Campus de Parana\u00edba","robots":{"index":"index","follow":"follow","max-snippet":"max-snippet:-1","max-image-preview":"max-image-preview:large","max-video-preview":"max-video-preview:-1"},"canonical":"https:\/\/cpar.ufms.br\/vagas-para-pessoas-idosas-em-disciplinas-de-graduacao-da-ufms-no-semestre-2020-1\/","og_locale":"en_US","og_type":"article","og_title":"Vagas para pessoas idosas em disciplinas de gradua\u00e7\u00e3o da UFMS no semestre 2020.1 - CPAR - Campus de Parana\u00edba","og_description":"Nos dias 27 e 28 de fevereiro estar\u00e3o abertas as inscri\u00e7\u00f5es de pessoas idosas para o preenchimento de vagas, no primeiro semestre de 2020, em disciplinas de gradua\u00e7\u00e3o presencial e em a\u00e7\u00f5es de extens\u00e3o, cultura e esporte, no \u00e2mbito do Programa Institucional de Extens\u00e3o Universidade Aberta \u00e0 Pessoa Idosa (UnAPI\/UFMS). No Campus de Parana\u00edba ser\u00e3o [&hellip;]","og_url":"https:\/\/cpar.ufms.br\/vagas-para-pessoas-idosas-em-disciplinas-de-graduacao-da-ufms-no-semestre-2020-1\/","og_site_name":"CPAR - Campus de Parana\u00edba","article_published_time":"2020-02-26T20:14:55+00:00","article_modified_time":"2020-02-26T20:16:44+00:00","og_image":[{"width":960,"height":960,"url":"https:\/\/cpar.ufms.br\/files\/2020\/02\/20180705_155108-300x298.png","type":"image\/png"}],"author":"leonardo.chaves","twitter_misc":{"Written by":"leonardo.chaves","Est. reading time":"2 minutes"},"schema":{"@context":"https:\/\/schema.org","@graph":[{"@type":"WebPage","@id":"https:\/\/cpar.ufms.br\/vagas-para-pessoas-idosas-em-disciplinas-de-graduacao-da-ufms-no-semestre-2020-1\/","url":"https:\/\/cpar.ufms.br\/vagas-para-pessoas-idosas-em-disciplinas-de-graduacao-da-ufms-no-semestre-2020-1\/","name":"Vagas para pessoas idosas em disciplinas de gradua\u00e7\u00e3o da UFMS no semestre 2020.1 - CPAR - Campus de Parana\u00edba","isPartOf":{"@id":"https:\/\/cpar.ufms.br\/#website"},"datePublished":"2020-02-26T20:14:55+00:00","dateModified":"2020-02-26T20:16:44+00:00","author":{"@id":"https:\/\/cpar.ufms.br\/#\/schema\/person\/59587bd0b789889f7c25a946467cc6ee"},"breadcrumb":{"@id":"https:\/\/cpar.ufms.br\/vagas-para-pessoas-idosas-em-disciplinas-de-graduacao-da-ufms-no-semestre-2020-1\/#breadcrumb"},"inLanguage":"en-US","potentialAction":[{"@type":"ReadAction","target":["https:\/\/cpar.ufms.br\/vagas-para-pessoas-idosas-em-disciplinas-de-graduacao-da-ufms-no-semestre-2020-1\/"]}]},{"@type":"BreadcrumbList","@id":"https:\/\/cpar.ufms.br\/vagas-para-pessoas-idosas-em-disciplinas-de-graduacao-da-ufms-no-semestre-2020-1\/#breadcrumb","itemListElement":[{"@type":"ListItem","position":1,"name":"In\u00edcio","item":"https:\/\/cpar.ufms.br\/"},{"@type":"ListItem","position":2,"name":"Vagas para pessoas idosas em disciplinas de gradua\u00e7\u00e3o da UFMS no semestre 2020.1"}]},{"@type":"WebSite","@id":"https:\/\/cpar.ufms.br\/#website","url":"https:\/\/cpar.ufms.br\/","name":"CPAR - Campus de Parana\u00edba","description":"Universidade Federal de Mato Grosso do Sul","potentialAction":[{"@type":"SearchAction","target":{"@type":"EntryPoint","urlTemplate":"https:\/\/cpar.ufms.br\/?s={search_term_string}"},"query-input":{"@type":"PropertyValueSpecification","valueRequired":true,"valueName":"search_term_string"}}],"inLanguage":"en-US"},{"@type":"Person","@id":"https:\/\/cpar.ufms.br\/#\/schema\/person\/59587bd0b789889f7c25a946467cc6ee","name":"leonardo.chaves","image":{"@type":"ImageObject","inLanguage":"en-US","@id":"https:\/\/cpar.ufms.br\/#\/schema\/person\/image\/8d5547fb00bb666fef0f1247643a766d","url":"https:\/\/secure.gravatar.com\/avatar\/2d276c35f5a2d842904264c905380e54d2fae11553a818c64073429e2e797d61?s=96&d=mm&r=g","contentUrl":"https:\/\/secure.gravatar.com\/avatar\/2d276c35f5a2d842904264c905380e54d2fae11553a818c64073429e2e797d61?s=96&d=mm&r=g","caption":"leonardo.chaves"},"url":"https:\/\/cpar.ufms.br\/en\/author\/leonardo-chaves\/"}]}},"_links":{"self":[{"href":"https:\/\/cpar.ufms.br\/en\/wp-json\/wp\/v2\/posts\/9384","targetHints":{"allow":["GET"]}}],"collection":[{"href":"https:\/\/cpar.ufms.br\/en\/wp-json\/wp\/v2\/posts"}],"about":[{"href":"https:\/\/cpar.ufms.br\/en\/wp-json\/wp\/v2\/types\/post"}],"author":[{"embeddable":true,"href":"https:\/\/cpar.ufms.br\/en\/wp-json\/wp\/v2\/users\/2862"}],"replies":[{"embeddable":true,"href":"https:\/\/cpar.ufms.br\/en\/wp-json\/wp\/v2\/comments?post=9384"}],"version-history":[{"count":3,"href":"https:\/\/cpar.ufms.br\/en\/wp-json\/wp\/v2\/posts\/9384\/revisions"}],"predecessor-version":[{"id":9389,"href":"https:\/\/cpar.ufms.br\/en\/wp-json\/wp\/v2\/posts\/9384\/revisions\/9389"}],"wp:attachment":[{"href":"https:\/\/cpar.ufms.br\/en\/wp-json\/wp\/v2\/media?parent=9384"}],"wp:term":[{"taxonomy":"category","embeddable":true,"href":"https:\/\/cpar.ufms.br\/en\/wp-json\/wp\/v2\/categories?post=9384"},{"taxonomy":"post_tag","embeddable":true,"href":"https:\/\/cpar.ufms.br\/en\/wp-json\/wp\/v2\/tags?post=9384"},{"taxonomy":"author","embeddable":true,"href":"https:\/\/cpar.ufms.br\/en\/wp-json\/wp\/v2\/coauthors?post=9384"}],"curies":[{"name":"wp","href":"https:\/\/api.w.org\/{rel}","templated":true}]}}