{"id":9660,"date":"2020-04-17T08:50:48","date_gmt":"2020-04-17T12:50:48","guid":{"rendered":"https:\/\/cpar.ufms.br\/?p=9660"},"modified":"2020-04-17T08:50:48","modified_gmt":"2020-04-17T12:50:48","slug":"time-enactus-ufms-paranaiba-desenvolve-o-empreendedorismo-social-no-municipio","status":"publish","type":"post","link":"https:\/\/cpar.ufms.br\/en\/time-enactus-ufms-paranaiba-desenvolve-o-empreendedorismo-social-no-municipio\/","title":{"rendered":"Time Enactus UFMS Parana\u00edba desenvolve o empreendedorismo social no munic\u00edpio"},"content":{"rendered":"<p style=\"text-align: justify\">O <strong>Time Enactus UFMS Parana\u00edba<\/strong>, composto por acad\u00eamicos do C\u00e2mpus de Parana\u00edba, tem tr\u00eas projetos implementados que beneficiam o munic\u00edpio com a\u00e7\u00f5es de empreendedorismo, conscientiza\u00e7\u00e3o e educa\u00e7\u00e3o.<\/p>\n<p style=\"text-align: justify\">O projeto <strong>Caseando<\/strong> \u00e9 desenvolvido com um grupo de mulheres de terceira idade no Centro de Refer\u00eancia em Assist\u00eancia Social (CRAS) do bairro Jardim Am\u00e9rica. Maria Antonia Tiago da Silva, estudante de Administra\u00e7\u00e3o e l\u00edder do projeto, conta que inicialmente o time ouviu as necessidades e expectativas das mulheres para que se criasse um v\u00ednculo afetivo.<\/p>\n<p style=\"text-align: justify\">Ap\u00f3s o primeiro contato, o Time Enactus ofereceu algumas propostas para as mulheres com o objetivo de capacit\u00e1-las para novos desafios e agregar conhecimento para o grupo. \u201cNo momento o Caseando desenvolve atividades de customiza\u00e7\u00e3o e bordado. Todo o dinheiro arrecadado com o projeto \u00e9 revertido para as pr\u00f3prias artes\u00e3s, com isso nossa iniciativa auxilia essas mulheres a terem uma renda e, consequentemente, sua autoestima \u00e9 restaurada com o empoderamento que a arte proporciona\u201d, conta Maria.<\/p>\n<p style=\"text-align: justify\">O projeto <strong>Motir\u00f4<\/strong> \u00e9 desenvolvido com os feirantes da cidade. A maioria mora no campo e alguns se deslocam de outras cidades para trabalhar na feira de Parana\u00edba, que acontece aos domingos. Segundo Lucas Borges de Jesus, estudante respons\u00e1vel pelo projeto, o objetivo \u00e9 melhorar a vida dos trabalhadores capacitando-os com habilidades em neg\u00f3cios e empreendedorismo, e proporcionando-lhes condi\u00e7\u00f5es de vida mais sustent\u00e1veis.<\/p>\n<p style=\"text-align: justify\">\u201cNeste momento de pandemia, onde n\u00e3o pode haver aglomera\u00e7\u00e3o de pessoas e, portanto, n\u00e3o pode haver a feira, estamos entrando em contato com cada feirante para que eles enviem fotos dos seus produtos e a gente possa divulg\u00e1-los. Assim as pessoas podem entrar em contato e comprar seus produtos\u201d, explica Lucas.<\/p>\n<p style=\"text-align: justify\">Bruna Pereira dos Santos, estudante de Administra\u00e7\u00e3o, lidera o projeto <strong>Ypor\u00e3<\/strong> e conta que o objetivo \u00e9 reutilizar garrafas PET e a \u00e1gua dos ares-condicionados para plantar uma horta vertical na UFMS. \u201cA ideia \u00e9 conscientizar a comunidade acad\u00eamica quanto ao reuso da \u00e1gua e do PET, e melhorar a alimenta\u00e7\u00e3o dos alunos\u201d.<\/p>\n<p style=\"text-align: justify\">O primeiro ciclo do projeto contar\u00e1 com a planta\u00e7\u00e3o de folhas que ser\u00e3o entregues aos alunos em troca de sementes. Depois desse primeiro momento, Bruna explica que o objetivo \u00e9 ir para uma escola da cidade e desenvolver o mesmo projeto l\u00e1. \u201cNa escola o projeto dever\u00e1 ser um pouco maior, os alunos ter\u00e3o a conscientiza\u00e7\u00e3o da administra\u00e7\u00e3o financeira, pois a ideia \u00e9 escolher uma sala que ficar\u00e1 respons\u00e1vel pela administra\u00e7\u00e3o da horta. N\u00f3s vamos ensinar como fazer, nos afastar e voltar para ver se est\u00e1 tudo dando certo\u201d.<\/p>\n<p style=\"text-align: justify\">Al\u00e9m desses projetos implementados, o Time tem se aproximado do Assentamento Serra e do Centro Rural do Alto Santana para levantamento de demandas e insights para o projeto <strong>Ruralidades<\/strong>. As atividades relativas a Cooperativa Recicla Parana\u00edba (COOREPA), gest\u00e3o e educa\u00e7\u00e3o ambiental, ser\u00e3o desenvolvidas pelo projeto <strong>Coorepetes<\/strong>. Devido \u00e0 pandemia da Covid-19, as a\u00e7\u00f5es precisaram ser modificadas e o Time est\u00e1 se reunindo remotamente para planejamento e execu\u00e7\u00e3o de a\u00e7\u00f5es \u00e0 dist\u00e2ncia.<\/p>\n<p style=\"text-align: justify\"><span style=\"color: #ffffff\"><strong>\u00a0.<\/strong><\/span><strong><br \/>\n<\/strong><\/p>\n<p style=\"text-align: justify\"><strong>Hist\u00f3ria<\/strong><\/p>\n<p style=\"text-align: justify\">A Enactus \u00e9 uma organiza\u00e7\u00e3o internacional sem fins lucrativos que se dedica a inspirar alunos a melhorar o mundo por meio de A\u00e7\u00f5es Empreendedoras. Presente em mais de 30 pa\u00edses, ela \u00e9 composta por uma rede de estudantes, l\u00edderes executivos e l\u00edderes acad\u00eamicos que desenvolvem projetos que colocam a capacidade das pessoas em foco.<\/p>\n<p style=\"text-align: justify\">O C\u00e2mpus de Parana\u00edba (CPAR) comp\u00f5e essa rede desde 2017 com o Time Enactus UFMS\/CPAR e tem conquistado os alunos e construindo planos e projetos para o futuro. Foi o primeiro time a se estruturar em Mato Grosso do Sul \u2013 fato que traz muito orgulho ao Time.<\/p>\n<p style=\"text-align: justify\">Em 2016, os egressos Fernanda S\u00e1pia e Milton Cesar Gasparini, na \u00e9poca estudantes do curso de Administra\u00e7\u00e3o, apresentaram um trabalho acad\u00eamico no 1\u00ba Simp\u00f3sio Nacional de Empreendedorismo Social Enactus Brasil. Foi nesse evento que os alunos conheceram os times existentes e voltaram para Parana\u00edba com as informa\u00e7\u00f5es necess\u00e1rias para montar um time no campus. Eles formaram uma equipe e, em 9 de fevereiro de 2017, o Time Enactus UFMS-CPAR foi efetivado sob a lideran\u00e7a de Milton e Fernanda, e com os professores Geraldino Carneiro de Ara\u00fajo e Ana Cl\u00e1udia dos Santos como professores conselheiros.<\/p>\n<p style=\"text-align: justify\">O foco inicial do time era um projeto de extens\u00e3o que tinha por objetivo fortalecer uma cooperativa de reciclagem da cidade de Parana\u00edba. \u201cO ciclo 2017-2018 foi de muito aprendizado, entendendo o que \u00e9 ser um time, o que fazer e o que reportar, ao mesmo tempo nos aproximando de outros times e dos coordenadores da Enactus Brasil, acredito que somos o primeiro Time Enactus de Mato Grosso do Sul\u201d, afirma Geraldino.<\/p>\n<p style=\"text-align: justify\">No ciclo de 2018-2019 os alunos estavam mais estruturados e informados sobre o funcionamento da Enactus, portanto se organizaram para criar e fortalecer uma identidade do time. Eles continuaram com a\u00e7\u00f5es relacionadas a cooperativa de reciclagem, mas come\u00e7aram a pensar em novas propostas. Em 2019, o time participou do Encontro Nacional Enactus Brasil com tr\u00eas trabalhos aprovados e sendo o \u00fanico time a representar o estado.<\/p>\n<p style=\"text-align: justify\">O ciclo de 2019-2020 trouxe muitas mudan\u00e7as e novos projetos. O time ganhou um novo nome \u201cTime Enactus UFMS Parana\u00edba\u201d e uma nova diretoria. \u201cIniciamos o ciclo com muita for\u00e7a de vontade, tivemos v\u00e1rios <em>insights<\/em> de a\u00e7\u00f5es sobre empreendedorismo social em Parana\u00edba, come\u00e7amos a aproxima\u00e7\u00e3o e cria\u00e7\u00e3o de v\u00ednculo com a comunidade em algumas frentes e demos <em>matching<\/em> em algumas iniciativas\u201d, conta Geraldino.<\/p>\n<p><em><strong>Brunna Oliveira<\/strong> (estagi\u00e1ria da Agecom no CPAR)<\/em><\/p>\n<p><a href=\"https:\/\/cpar.ufms.br\/files\/2020\/04\/1.jpg\"><img fetchpriority=\"high\" decoding=\"async\" class=\"alignnone size-medium wp-image-9661\" src=\"https:\/\/cpar.ufms.br\/files\/2020\/04\/1-300x225.jpg\" alt=\"\" width=\"300\" height=\"225\" \/><\/a> <a href=\"https:\/\/cpar.ufms.br\/files\/2020\/04\/2.jpg\"><img decoding=\"async\" class=\"alignnone size-medium wp-image-9662\" src=\"https:\/\/cpar.ufms.br\/files\/2020\/04\/2-300x225.jpg\" alt=\"\" width=\"300\" height=\"225\" \/><\/a> <a href=\"https:\/\/cpar.ufms.br\/files\/2020\/04\/3.jpg\"><img decoding=\"async\" class=\"alignnone size-medium wp-image-9663\" src=\"https:\/\/cpar.ufms.br\/files\/2020\/04\/3-300x225.jpg\" alt=\"\" width=\"300\" height=\"225\" \/><\/a> <a href=\"https:\/\/cpar.ufms.br\/files\/2020\/04\/4.jpg\"><img loading=\"lazy\" decoding=\"async\" class=\"alignnone size-medium wp-image-9664\" src=\"https:\/\/cpar.ufms.br\/files\/2020\/04\/4-300x225.jpg\" alt=\"\" width=\"300\" height=\"225\" \/><\/a> <a href=\"https:\/\/cpar.ufms.br\/files\/2020\/04\/5.jpg\"><img loading=\"lazy\" decoding=\"async\" class=\"alignnone size-medium wp-image-9665\" src=\"https:\/\/cpar.ufms.br\/files\/2020\/04\/5-300x225.jpg\" alt=\"\" width=\"300\" height=\"225\" \/><\/a> <a href=\"https:\/\/cpar.ufms.br\/files\/2020\/04\/6.jpg\"><img loading=\"lazy\" decoding=\"async\" class=\"alignnone size-medium wp-image-9666\" src=\"https:\/\/cpar.ufms.br\/files\/2020\/04\/6-300x225.jpg\" alt=\"\" width=\"300\" height=\"225\" \/><\/a> <a href=\"https:\/\/cpar.ufms.br\/files\/2020\/04\/7.jpg\"><img loading=\"lazy\" decoding=\"async\" class=\"alignnone size-medium wp-image-9667\" src=\"https:\/\/cpar.ufms.br\/files\/2020\/04\/7-300x200.jpg\" alt=\"\" width=\"300\" height=\"200\" \/><\/a> <a href=\"https:\/\/cpar.ufms.br\/files\/2020\/04\/8.jpg\"><img loading=\"lazy\" decoding=\"async\" class=\"alignnone size-medium wp-image-9668\" src=\"https:\/\/cpar.ufms.br\/files\/2020\/04\/8-242x300.jpg\" alt=\"\" width=\"242\" height=\"300\" \/><\/a> <a href=\"https:\/\/cpar.ufms.br\/files\/2020\/04\/9.jpg\"><img loading=\"lazy\" decoding=\"async\" class=\"alignnone size-medium wp-image-9669\" src=\"https:\/\/cpar.ufms.br\/files\/2020\/04\/9-300x169.jpg\" alt=\"\" width=\"300\" height=\"169\" \/><\/a> <a href=\"https:\/\/cpar.ufms.br\/files\/2020\/04\/10.jpg\"><img loading=\"lazy\" decoding=\"async\" class=\"alignnone size-medium wp-image-9670\" src=\"https:\/\/cpar.ufms.br\/files\/2020\/04\/10-300x225.jpg\" alt=\"\" width=\"300\" height=\"225\" \/><\/a> <a href=\"https:\/\/cpar.ufms.br\/files\/2020\/04\/11.jpg\"><img loading=\"lazy\" decoding=\"async\" class=\"alignnone size-medium wp-image-9671\" src=\"https:\/\/cpar.ufms.br\/files\/2020\/04\/11-300x200.jpg\" alt=\"\" width=\"300\" height=\"200\" \/><\/a> <a href=\"https:\/\/cpar.ufms.br\/files\/2020\/04\/12.jpg\"><img loading=\"lazy\" decoding=\"async\" class=\"alignnone size-medium wp-image-9672\" src=\"https:\/\/cpar.ufms.br\/files\/2020\/04\/12-300x225.jpg\" alt=\"\" width=\"300\" height=\"225\" \/><\/a> <a href=\"https:\/\/cpar.ufms.br\/files\/2020\/04\/13.jpg\"><img loading=\"lazy\" decoding=\"async\" class=\"alignnone size-medium wp-image-9673\" src=\"https:\/\/cpar.ufms.br\/files\/2020\/04\/13-300x225.jpg\" alt=\"\" width=\"300\" height=\"225\" \/><\/a><\/p>\n","protected":false},"excerpt":{"rendered":"<p>O Time Enactus UFMS Parana\u00edba, composto por acad\u00eamicos do C\u00e2mpus de Parana\u00edba, tem tr\u00eas projetos implementados que beneficiam o munic\u00edpio com a\u00e7\u00f5es de empreendedorismo, conscientiza\u00e7\u00e3o e educa\u00e7\u00e3o. O projeto Caseando \u00e9 desenvolvido com um grupo de mulheres de terceira idade no Centro de Refer\u00eancia em Assist\u00eancia Social (CRAS) do bairro Jardim Am\u00e9rica. Maria Antonia Tiago [&hellip;]<\/p>\n","protected":false},"author":2862,"featured_media":0,"comment_status":"closed","ping_status":"open","sticky":false,"template":"","format":"standard","meta":{"footnotes":""},"categories":[3,1],"tags":[],"coauthors":[],"class_list":["post-9660","post","type-post","status-publish","format-standard","hentry","category-fotos-imagens","category-noticias"],"yoast_head":"<!-- This site is optimized with the Yoast SEO plugin v26.2 - https:\/\/yoast.com\/wordpress\/plugins\/seo\/ -->\n<title>Time Enactus UFMS Parana\u00edba desenvolve o empreendedorismo social no munic\u00edpio - CPAR - Campus de Parana\u00edba<\/title>\n<meta name=\"robots\" content=\"index, follow, max-snippet:-1, max-image-preview:large, max-video-preview:-1\" \/>\n<link rel=\"canonical\" href=\"https:\/\/cpar.ufms.br\/time-enactus-ufms-paranaiba-desenvolve-o-empreendedorismo-social-no-municipio\/\" \/>\n<meta property=\"og:locale\" content=\"en_US\" \/>\n<meta property=\"og:type\" content=\"article\" \/>\n<meta property=\"og:title\" content=\"Time Enactus UFMS Parana\u00edba desenvolve o empreendedorismo social no munic\u00edpio - CPAR - Campus de Parana\u00edba\" \/>\n<meta property=\"og:description\" content=\"O Time Enactus UFMS Parana\u00edba, composto por acad\u00eamicos do C\u00e2mpus de Parana\u00edba, tem tr\u00eas projetos implementados que beneficiam o munic\u00edpio com a\u00e7\u00f5es de empreendedorismo, conscientiza\u00e7\u00e3o e educa\u00e7\u00e3o. O projeto Caseando \u00e9 desenvolvido com um grupo de mulheres de terceira idade no Centro de Refer\u00eancia em Assist\u00eancia Social (CRAS) do bairro Jardim Am\u00e9rica. Maria Antonia Tiago [&hellip;]\" \/>\n<meta property=\"og:url\" content=\"https:\/\/cpar.ufms.br\/time-enactus-ufms-paranaiba-desenvolve-o-empreendedorismo-social-no-municipio\/\" \/>\n<meta property=\"og:site_name\" content=\"CPAR - Campus de Parana\u00edba\" \/>\n<meta property=\"article:published_time\" content=\"2020-04-17T12:50:48+00:00\" \/>\n<meta property=\"og:image\" content=\"https:\/\/cpar.ufms.br\/files\/2020\/04\/IMG_6230.jpg\" \/>\n\t<meta property=\"og:image:width\" content=\"1920\" \/>\n\t<meta property=\"og:image:height\" content=\"1280\" \/>\n\t<meta property=\"og:image:type\" content=\"image\/jpeg\" \/>\n<meta name=\"author\" content=\"leonardo.chaves\" \/>\n<meta name=\"twitter:label1\" content=\"Written by\" \/>\n\t<meta name=\"twitter:data1\" content=\"leonardo.chaves\" \/>\n\t<meta name=\"twitter:label2\" content=\"Est. reading time\" \/>\n\t<meta name=\"twitter:data2\" content=\"5 minutes\" \/>\n<script type=\"application\/ld+json\" class=\"yoast-schema-graph\">{\"@context\":\"https:\/\/schema.org\",\"@graph\":[{\"@type\":\"WebPage\",\"@id\":\"https:\/\/cpar.ufms.br\/time-enactus-ufms-paranaiba-desenvolve-o-empreendedorismo-social-no-municipio\/\",\"url\":\"https:\/\/cpar.ufms.br\/time-enactus-ufms-paranaiba-desenvolve-o-empreendedorismo-social-no-municipio\/\",\"name\":\"Time Enactus UFMS Parana\u00edba desenvolve o empreendedorismo social no munic\u00edpio - CPAR - Campus de Parana\u00edba\",\"isPartOf\":{\"@id\":\"https:\/\/cpar.ufms.br\/#website\"},\"primaryImageOfPage\":{\"@id\":\"https:\/\/cpar.ufms.br\/time-enactus-ufms-paranaiba-desenvolve-o-empreendedorismo-social-no-municipio\/#primaryimage\"},\"image\":{\"@id\":\"https:\/\/cpar.ufms.br\/time-enactus-ufms-paranaiba-desenvolve-o-empreendedorismo-social-no-municipio\/#primaryimage\"},\"thumbnailUrl\":\"https:\/\/cpar.ufms.br\/files\/2020\/04\/1-300x225.jpg\",\"datePublished\":\"2020-04-17T12:50:48+00:00\",\"author\":{\"@id\":\"https:\/\/cpar.ufms.br\/#\/schema\/person\/59587bd0b789889f7c25a946467cc6ee\"},\"breadcrumb\":{\"@id\":\"https:\/\/cpar.ufms.br\/time-enactus-ufms-paranaiba-desenvolve-o-empreendedorismo-social-no-municipio\/#breadcrumb\"},\"inLanguage\":\"en-US\",\"potentialAction\":[{\"@type\":\"ReadAction\",\"target\":[\"https:\/\/cpar.ufms.br\/time-enactus-ufms-paranaiba-desenvolve-o-empreendedorismo-social-no-municipio\/\"]}]},{\"@type\":\"ImageObject\",\"inLanguage\":\"en-US\",\"@id\":\"https:\/\/cpar.ufms.br\/time-enactus-ufms-paranaiba-desenvolve-o-empreendedorismo-social-no-municipio\/#primaryimage\",\"url\":\"https:\/\/cpar.ufms.br\/files\/2020\/04\/1-300x225.jpg\",\"contentUrl\":\"https:\/\/cpar.ufms.br\/files\/2020\/04\/1-300x225.jpg\"},{\"@type\":\"BreadcrumbList\",\"@id\":\"https:\/\/cpar.ufms.br\/time-enactus-ufms-paranaiba-desenvolve-o-empreendedorismo-social-no-municipio\/#breadcrumb\",\"itemListElement\":[{\"@type\":\"ListItem\",\"position\":1,\"name\":\"In\u00edcio\",\"item\":\"https:\/\/cpar.ufms.br\/\"},{\"@type\":\"ListItem\",\"position\":2,\"name\":\"Time Enactus UFMS Parana\u00edba desenvolve o empreendedorismo social no munic\u00edpio\"}]},{\"@type\":\"WebSite\",\"@id\":\"https:\/\/cpar.ufms.br\/#website\",\"url\":\"https:\/\/cpar.ufms.br\/\",\"name\":\"CPAR - Campus de Parana\u00edba\",\"description\":\"Universidade Federal de Mato Grosso do Sul\",\"potentialAction\":[{\"@type\":\"SearchAction\",\"target\":{\"@type\":\"EntryPoint\",\"urlTemplate\":\"https:\/\/cpar.ufms.br\/?s={search_term_string}\"},\"query-input\":{\"@type\":\"PropertyValueSpecification\",\"valueRequired\":true,\"valueName\":\"search_term_string\"}}],\"inLanguage\":\"en-US\"},{\"@type\":\"Person\",\"@id\":\"https:\/\/cpar.ufms.br\/#\/schema\/person\/59587bd0b789889f7c25a946467cc6ee\",\"name\":\"leonardo.chaves\",\"image\":{\"@type\":\"ImageObject\",\"inLanguage\":\"en-US\",\"@id\":\"https:\/\/cpar.ufms.br\/#\/schema\/person\/image\/8d5547fb00bb666fef0f1247643a766d\",\"url\":\"https:\/\/secure.gravatar.com\/avatar\/2d276c35f5a2d842904264c905380e54d2fae11553a818c64073429e2e797d61?s=96&d=mm&r=g\",\"contentUrl\":\"https:\/\/secure.gravatar.com\/avatar\/2d276c35f5a2d842904264c905380e54d2fae11553a818c64073429e2e797d61?s=96&d=mm&r=g\",\"caption\":\"leonardo.chaves\"},\"url\":\"https:\/\/cpar.ufms.br\/en\/author\/leonardo-chaves\/\"}]}<\/script>\n<!-- \/ Yoast SEO plugin. -->","yoast_head_json":{"title":"Time Enactus UFMS Parana\u00edba desenvolve o empreendedorismo social no munic\u00edpio - CPAR - Campus de Parana\u00edba","robots":{"index":"index","follow":"follow","max-snippet":"max-snippet:-1","max-image-preview":"max-image-preview:large","max-video-preview":"max-video-preview:-1"},"canonical":"https:\/\/cpar.ufms.br\/time-enactus-ufms-paranaiba-desenvolve-o-empreendedorismo-social-no-municipio\/","og_locale":"en_US","og_type":"article","og_title":"Time Enactus UFMS Parana\u00edba desenvolve o empreendedorismo social no munic\u00edpio - CPAR - Campus de Parana\u00edba","og_description":"O Time Enactus UFMS Parana\u00edba, composto por acad\u00eamicos do C\u00e2mpus de Parana\u00edba, tem tr\u00eas projetos implementados que beneficiam o munic\u00edpio com a\u00e7\u00f5es de empreendedorismo, conscientiza\u00e7\u00e3o e educa\u00e7\u00e3o. O projeto Caseando \u00e9 desenvolvido com um grupo de mulheres de terceira idade no Centro de Refer\u00eancia em Assist\u00eancia Social (CRAS) do bairro Jardim Am\u00e9rica. Maria Antonia Tiago [&hellip;]","og_url":"https:\/\/cpar.ufms.br\/time-enactus-ufms-paranaiba-desenvolve-o-empreendedorismo-social-no-municipio\/","og_site_name":"CPAR - Campus de Parana\u00edba","article_published_time":"2020-04-17T12:50:48+00:00","og_image":[{"width":1920,"height":1280,"url":"https:\/\/cpar.ufms.br\/files\/2020\/04\/IMG_6230.jpg","type":"image\/jpeg"}],"author":"leonardo.chaves","twitter_misc":{"Written by":"leonardo.chaves","Est. reading time":"5 minutes"},"schema":{"@context":"https:\/\/schema.org","@graph":[{"@type":"WebPage","@id":"https:\/\/cpar.ufms.br\/time-enactus-ufms-paranaiba-desenvolve-o-empreendedorismo-social-no-municipio\/","url":"https:\/\/cpar.ufms.br\/time-enactus-ufms-paranaiba-desenvolve-o-empreendedorismo-social-no-municipio\/","name":"Time Enactus UFMS Parana\u00edba desenvolve o empreendedorismo social no munic\u00edpio - CPAR - Campus de Parana\u00edba","isPartOf":{"@id":"https:\/\/cpar.ufms.br\/#website"},"primaryImageOfPage":{"@id":"https:\/\/cpar.ufms.br\/time-enactus-ufms-paranaiba-desenvolve-o-empreendedorismo-social-no-municipio\/#primaryimage"},"image":{"@id":"https:\/\/cpar.ufms.br\/time-enactus-ufms-paranaiba-desenvolve-o-empreendedorismo-social-no-municipio\/#primaryimage"},"thumbnailUrl":"https:\/\/cpar.ufms.br\/files\/2020\/04\/1-300x225.jpg","datePublished":"2020-04-17T12:50:48+00:00","author":{"@id":"https:\/\/cpar.ufms.br\/#\/schema\/person\/59587bd0b789889f7c25a946467cc6ee"},"breadcrumb":{"@id":"https:\/\/cpar.ufms.br\/time-enactus-ufms-paranaiba-desenvolve-o-empreendedorismo-social-no-municipio\/#breadcrumb"},"inLanguage":"en-US","potentialAction":[{"@type":"ReadAction","target":["https:\/\/cpar.ufms.br\/time-enactus-ufms-paranaiba-desenvolve-o-empreendedorismo-social-no-municipio\/"]}]},{"@type":"ImageObject","inLanguage":"en-US","@id":"https:\/\/cpar.ufms.br\/time-enactus-ufms-paranaiba-desenvolve-o-empreendedorismo-social-no-municipio\/#primaryimage","url":"https:\/\/cpar.ufms.br\/files\/2020\/04\/1-300x225.jpg","contentUrl":"https:\/\/cpar.ufms.br\/files\/2020\/04\/1-300x225.jpg"},{"@type":"BreadcrumbList","@id":"https:\/\/cpar.ufms.br\/time-enactus-ufms-paranaiba-desenvolve-o-empreendedorismo-social-no-municipio\/#breadcrumb","itemListElement":[{"@type":"ListItem","position":1,"name":"In\u00edcio","item":"https:\/\/cpar.ufms.br\/"},{"@type":"ListItem","position":2,"name":"Time Enactus UFMS Parana\u00edba desenvolve o empreendedorismo social no munic\u00edpio"}]},{"@type":"WebSite","@id":"https:\/\/cpar.ufms.br\/#website","url":"https:\/\/cpar.ufms.br\/","name":"CPAR - Campus de Parana\u00edba","description":"Universidade Federal de Mato Grosso do Sul","potentialAction":[{"@type":"SearchAction","target":{"@type":"EntryPoint","urlTemplate":"https:\/\/cpar.ufms.br\/?s={search_term_string}"},"query-input":{"@type":"PropertyValueSpecification","valueRequired":true,"valueName":"search_term_string"}}],"inLanguage":"en-US"},{"@type":"Person","@id":"https:\/\/cpar.ufms.br\/#\/schema\/person\/59587bd0b789889f7c25a946467cc6ee","name":"leonardo.chaves","image":{"@type":"ImageObject","inLanguage":"en-US","@id":"https:\/\/cpar.ufms.br\/#\/schema\/person\/image\/8d5547fb00bb666fef0f1247643a766d","url":"https:\/\/secure.gravatar.com\/avatar\/2d276c35f5a2d842904264c905380e54d2fae11553a818c64073429e2e797d61?s=96&d=mm&r=g","contentUrl":"https:\/\/secure.gravatar.com\/avatar\/2d276c35f5a2d842904264c905380e54d2fae11553a818c64073429e2e797d61?s=96&d=mm&r=g","caption":"leonardo.chaves"},"url":"https:\/\/cpar.ufms.br\/en\/author\/leonardo-chaves\/"}]}},"_links":{"self":[{"href":"https:\/\/cpar.ufms.br\/en\/wp-json\/wp\/v2\/posts\/9660","targetHints":{"allow":["GET"]}}],"collection":[{"href":"https:\/\/cpar.ufms.br\/en\/wp-json\/wp\/v2\/posts"}],"about":[{"href":"https:\/\/cpar.ufms.br\/en\/wp-json\/wp\/v2\/types\/post"}],"author":[{"embeddable":true,"href":"https:\/\/cpar.ufms.br\/en\/wp-json\/wp\/v2\/users\/2862"}],"replies":[{"embeddable":true,"href":"https:\/\/cpar.ufms.br\/en\/wp-json\/wp\/v2\/comments?post=9660"}],"version-history":[{"count":1,"href":"https:\/\/cpar.ufms.br\/en\/wp-json\/wp\/v2\/posts\/9660\/revisions"}],"predecessor-version":[{"id":9674,"href":"https:\/\/cpar.ufms.br\/en\/wp-json\/wp\/v2\/posts\/9660\/revisions\/9674"}],"wp:attachment":[{"href":"https:\/\/cpar.ufms.br\/en\/wp-json\/wp\/v2\/media?parent=9660"}],"wp:term":[{"taxonomy":"category","embeddable":true,"href":"https:\/\/cpar.ufms.br\/en\/wp-json\/wp\/v2\/categories?post=9660"},{"taxonomy":"post_tag","embeddable":true,"href":"https:\/\/cpar.ufms.br\/en\/wp-json\/wp\/v2\/tags?post=9660"},{"taxonomy":"author","embeddable":true,"href":"https:\/\/cpar.ufms.br\/en\/wp-json\/wp\/v2\/coauthors?post=9660"}],"curies":[{"name":"wp","href":"https:\/\/api.w.org\/{rel}","templated":true}]}}