{"id":9714,"date":"2020-05-12T11:17:31","date_gmt":"2020-05-12T15:17:31","guid":{"rendered":"https:\/\/cpar.ufms.br\/?p=9714"},"modified":"2020-05-13T09:38:10","modified_gmt":"2020-05-13T13:38:10","slug":"quatro-acoes-de-extensao-do-cpar-receberao-auxilio-financeiro-em-2020","status":"publish","type":"post","link":"https:\/\/cpar.ufms.br\/en\/quatro-acoes-de-extensao-do-cpar-receberao-auxilio-financeiro-em-2020\/","title":{"rendered":"Quatro a\u00e7\u00f5es de extens\u00e3o do CPAR receber\u00e3o aux\u00edlio financeiro em 2020"},"content":{"rendered":"<p style=\"text-align: justify\"><span style=\"color: #000000\">A Pr\u00f3-Reitoria de Extens\u00e3o, Cultura e Esporte (Proece) lan\u00e7ou o edital PAEXT\/2020 com o objetivo de selecionar propostas da Comunidade Universit\u00e1ria da UFMS para obten\u00e7\u00e3o de apoio financeiro. No Campus de Parana\u00edba quatro a\u00e7\u00f5es de extens\u00e3o foram aprovadas.<\/span><\/p>\n<p style=\"text-align: justify\"><span style=\"color: #000000\">As A\u00e7\u00f5es ser\u00e3o realizadas ao longo do ano de 2020 e se encaixam em tr\u00eas modalidades: Programa, Projeto e Curso. A UFMS disponibilizou para o edital mais de R$ 500.000,00 que ser\u00e1 utilizado para ofertar bolsas para estudantes que participarem de tais a\u00e7\u00f5es e tamb\u00e9m no custeio destas.<\/span><\/p>\n<p style=\"text-align: justify\"><span style=\"color: #000000\">Nesta segunda-feira foi divulgado o resultado do Edital PAEXT\/2020, abaixo est\u00e3o as a\u00e7\u00f5es aprovadas no Campus de Parana\u00edba:<\/span><\/p>\n<ul style=\"text-align: justify\">\n<li><strong><span style=\"color: #000000\">Voc\u00ea na Universidade Federal de Mato Grosso do Sul: visita\u00e7\u00e3o e orienta\u00e7\u00e3o no Campus de Parana\u00edba<\/span><\/strong><\/li>\n<li><strong><span style=\"color: #000000\">InterTEA &#8211; Interven\u00e7\u00e3o Dirigida ao Transtorno do Espectro Autista<\/span><\/strong><\/li>\n<li><strong><span style=\"color: #000000\">Desenvolvimento e Fortalecimento de Empreendedores Sociais, Organiza\u00e7\u00f5es Socioprodutivas e Neg\u00f3cios de Impacto<\/span><\/strong><\/li>\n<li><strong><span style=\"color: #000000\">UFMS PROFISSIONALIZANTE<\/span><\/strong><\/li>\n<\/ul>\n<p style=\"text-align: justify\"><span style=\"color: #000000\">Al\u00e9m dessas a\u00e7\u00f5es o curso \u201cCapacita\u00e7\u00e3o em gest\u00e3o e pol\u00edticas p\u00fablicas: apresenta\u00e7\u00e3o das propostas dos candidatos \u00e0 Prefeitura Municipal de Parana\u00edba\u201d tamb\u00e9m foi aprovado como a\u00e7\u00e3o de extens\u00e3o, por\u00e9m sem aux\u00edlio financeiro.<\/span><\/p>\n<p style=\"text-align: justify\"><span style=\"color: #000000\">A sele\u00e7\u00e3o de bolsistas ocorre por meio de edital espec\u00edfico, que ser\u00e1 lan\u00e7ado pelo Cpar em breve. As a\u00e7\u00f5es devem ser divulgadas ao longo do ano pelos canais de comunica\u00e7\u00e3o do campus, para que a comunidade acad\u00eamica possa acompanhar as atividades realizadas.<\/span><\/p>\n<p style=\"text-align: justify\"><span style=\"color: #000000\">Importante ressaltar que todos os projetos seguir\u00e3o as recomenda\u00e7\u00f5es de seguran\u00e7a em rela\u00e7\u00e3o a pandemia de Covid-19, por\u00e9m as atividades n\u00e3o ser\u00e3o interrompidas.<\/span><\/p>\n<p style=\"text-align: justify\"><span style=\"color: #000000\">Confira mais detalhes no edital: <a href=\"https:\/\/cpar.ufms.br\/files\/2020\/05\/EDITAL-PROECE_RTR-n-77-de-11-05-2020.-1.pdf\">EDITAL (PROECE_RTR) n 77, de 11-05-2020.<\/a><br \/>\n<\/span><\/p>\n<pre><strong>Brunna Oliveira<\/strong> (estagi\u00e1ria da Agecom no CPAR)<\/pre>\n","protected":false},"excerpt":{"rendered":"<p>A Pr\u00f3-Reitoria de Extens\u00e3o, Cultura e Esporte (Proece) lan\u00e7ou o edital PAEXT\/2020 com o objetivo de selecionar propostas da Comunidade Universit\u00e1ria da UFMS para obten\u00e7\u00e3o de apoio financeiro. No Campus de Parana\u00edba quatro a\u00e7\u00f5es de extens\u00e3o foram aprovadas. As A\u00e7\u00f5es ser\u00e3o realizadas ao longo do ano de 2020 e se encaixam em tr\u00eas modalidades: Programa, [&hellip;]<\/p>\n","protected":false},"author":2862,"featured_media":0,"comment_status":"closed","ping_status":"open","sticky":false,"template":"","format":"standard","meta":{"footnotes":""},"categories":[3,1],"tags":[],"coauthors":[],"class_list":["post-9714","post","type-post","status-publish","format-standard","hentry","category-fotos-imagens","category-noticias"],"yoast_head":"<!-- This site is optimized with the Yoast SEO plugin v26.2 - https:\/\/yoast.com\/wordpress\/plugins\/seo\/ -->\n<title>Quatro a\u00e7\u00f5es de extens\u00e3o do CPAR receber\u00e3o aux\u00edlio financeiro em 2020 - CPAR - Campus de Parana\u00edba<\/title>\n<meta name=\"robots\" content=\"index, follow, max-snippet:-1, max-image-preview:large, max-video-preview:-1\" \/>\n<link rel=\"canonical\" href=\"https:\/\/cpar.ufms.br\/quatro-acoes-de-extensao-do-cpar-receberao-auxilio-financeiro-em-2020\/\" \/>\n<meta property=\"og:locale\" content=\"en_US\" \/>\n<meta property=\"og:type\" content=\"article\" \/>\n<meta property=\"og:title\" content=\"Quatro a\u00e7\u00f5es de extens\u00e3o do CPAR receber\u00e3o aux\u00edlio financeiro em 2020 - CPAR - Campus de Parana\u00edba\" \/>\n<meta property=\"og:description\" content=\"A Pr\u00f3-Reitoria de Extens\u00e3o, Cultura e Esporte (Proece) lan\u00e7ou o edital PAEXT\/2020 com o objetivo de selecionar propostas da Comunidade Universit\u00e1ria da UFMS para obten\u00e7\u00e3o de apoio financeiro. No Campus de Parana\u00edba quatro a\u00e7\u00f5es de extens\u00e3o foram aprovadas. As A\u00e7\u00f5es ser\u00e3o realizadas ao longo do ano de 2020 e se encaixam em tr\u00eas modalidades: Programa, [&hellip;]\" \/>\n<meta property=\"og:url\" content=\"https:\/\/cpar.ufms.br\/quatro-acoes-de-extensao-do-cpar-receberao-auxilio-financeiro-em-2020\/\" \/>\n<meta property=\"og:site_name\" content=\"CPAR - Campus de Parana\u00edba\" \/>\n<meta property=\"article:published_time\" content=\"2020-05-12T15:17:31+00:00\" \/>\n<meta property=\"article:modified_time\" content=\"2020-05-13T13:38:10+00:00\" \/>\n<meta property=\"og:image\" content=\"https:\/\/cpar.ufms.br\/files\/2020\/05\/C\u00f3pia-de-C\u00f3pia-de-C\u00f3pia-de-Saudades-do-CPAR-n\u00e9-minha-filha_.jpg\" \/>\n\t<meta property=\"og:image:width\" content=\"1567\" \/>\n\t<meta property=\"og:image:height\" content=\"933\" \/>\n\t<meta property=\"og:image:type\" content=\"image\/jpeg\" \/>\n<meta name=\"author\" content=\"leonardo.chaves\" \/>\n<meta name=\"twitter:label1\" content=\"Written by\" \/>\n\t<meta name=\"twitter:data1\" content=\"leonardo.chaves\" \/>\n\t<meta name=\"twitter:label2\" content=\"Est. reading time\" \/>\n\t<meta name=\"twitter:data2\" content=\"2 minutes\" \/>\n<script type=\"application\/ld+json\" class=\"yoast-schema-graph\">{\"@context\":\"https:\/\/schema.org\",\"@graph\":[{\"@type\":\"WebPage\",\"@id\":\"https:\/\/cpar.ufms.br\/quatro-acoes-de-extensao-do-cpar-receberao-auxilio-financeiro-em-2020\/\",\"url\":\"https:\/\/cpar.ufms.br\/quatro-acoes-de-extensao-do-cpar-receberao-auxilio-financeiro-em-2020\/\",\"name\":\"Quatro a\u00e7\u00f5es de extens\u00e3o do CPAR receber\u00e3o aux\u00edlio financeiro em 2020 - CPAR - Campus de Parana\u00edba\",\"isPartOf\":{\"@id\":\"https:\/\/cpar.ufms.br\/#website\"},\"datePublished\":\"2020-05-12T15:17:31+00:00\",\"dateModified\":\"2020-05-13T13:38:10+00:00\",\"author\":{\"@id\":\"https:\/\/cpar.ufms.br\/#\/schema\/person\/59587bd0b789889f7c25a946467cc6ee\"},\"breadcrumb\":{\"@id\":\"https:\/\/cpar.ufms.br\/quatro-acoes-de-extensao-do-cpar-receberao-auxilio-financeiro-em-2020\/#breadcrumb\"},\"inLanguage\":\"en-US\",\"potentialAction\":[{\"@type\":\"ReadAction\",\"target\":[\"https:\/\/cpar.ufms.br\/quatro-acoes-de-extensao-do-cpar-receberao-auxilio-financeiro-em-2020\/\"]}]},{\"@type\":\"BreadcrumbList\",\"@id\":\"https:\/\/cpar.ufms.br\/quatro-acoes-de-extensao-do-cpar-receberao-auxilio-financeiro-em-2020\/#breadcrumb\",\"itemListElement\":[{\"@type\":\"ListItem\",\"position\":1,\"name\":\"In\u00edcio\",\"item\":\"https:\/\/cpar.ufms.br\/\"},{\"@type\":\"ListItem\",\"position\":2,\"name\":\"Quatro a\u00e7\u00f5es de extens\u00e3o do CPAR receber\u00e3o aux\u00edlio financeiro em 2020\"}]},{\"@type\":\"WebSite\",\"@id\":\"https:\/\/cpar.ufms.br\/#website\",\"url\":\"https:\/\/cpar.ufms.br\/\",\"name\":\"CPAR - Campus de Parana\u00edba\",\"description\":\"Universidade Federal de Mato Grosso do Sul\",\"potentialAction\":[{\"@type\":\"SearchAction\",\"target\":{\"@type\":\"EntryPoint\",\"urlTemplate\":\"https:\/\/cpar.ufms.br\/?s={search_term_string}\"},\"query-input\":{\"@type\":\"PropertyValueSpecification\",\"valueRequired\":true,\"valueName\":\"search_term_string\"}}],\"inLanguage\":\"en-US\"},{\"@type\":\"Person\",\"@id\":\"https:\/\/cpar.ufms.br\/#\/schema\/person\/59587bd0b789889f7c25a946467cc6ee\",\"name\":\"leonardo.chaves\",\"image\":{\"@type\":\"ImageObject\",\"inLanguage\":\"en-US\",\"@id\":\"https:\/\/cpar.ufms.br\/#\/schema\/person\/image\/8d5547fb00bb666fef0f1247643a766d\",\"url\":\"https:\/\/secure.gravatar.com\/avatar\/2d276c35f5a2d842904264c905380e54d2fae11553a818c64073429e2e797d61?s=96&d=mm&r=g\",\"contentUrl\":\"https:\/\/secure.gravatar.com\/avatar\/2d276c35f5a2d842904264c905380e54d2fae11553a818c64073429e2e797d61?s=96&d=mm&r=g\",\"caption\":\"leonardo.chaves\"},\"url\":\"https:\/\/cpar.ufms.br\/en\/author\/leonardo-chaves\/\"}]}<\/script>\n<!-- \/ Yoast SEO plugin. -->","yoast_head_json":{"title":"Quatro a\u00e7\u00f5es de extens\u00e3o do CPAR receber\u00e3o aux\u00edlio financeiro em 2020 - CPAR - Campus de Parana\u00edba","robots":{"index":"index","follow":"follow","max-snippet":"max-snippet:-1","max-image-preview":"max-image-preview:large","max-video-preview":"max-video-preview:-1"},"canonical":"https:\/\/cpar.ufms.br\/quatro-acoes-de-extensao-do-cpar-receberao-auxilio-financeiro-em-2020\/","og_locale":"en_US","og_type":"article","og_title":"Quatro a\u00e7\u00f5es de extens\u00e3o do CPAR receber\u00e3o aux\u00edlio financeiro em 2020 - CPAR - Campus de Parana\u00edba","og_description":"A Pr\u00f3-Reitoria de Extens\u00e3o, Cultura e Esporte (Proece) lan\u00e7ou o edital PAEXT\/2020 com o objetivo de selecionar propostas da Comunidade Universit\u00e1ria da UFMS para obten\u00e7\u00e3o de apoio financeiro. No Campus de Parana\u00edba quatro a\u00e7\u00f5es de extens\u00e3o foram aprovadas. As A\u00e7\u00f5es ser\u00e3o realizadas ao longo do ano de 2020 e se encaixam em tr\u00eas modalidades: Programa, [&hellip;]","og_url":"https:\/\/cpar.ufms.br\/quatro-acoes-de-extensao-do-cpar-receberao-auxilio-financeiro-em-2020\/","og_site_name":"CPAR - Campus de Parana\u00edba","article_published_time":"2020-05-12T15:17:31+00:00","article_modified_time":"2020-05-13T13:38:10+00:00","og_image":[{"width":1567,"height":933,"url":"https:\/\/cpar.ufms.br\/files\/2020\/05\/C\u00f3pia-de-C\u00f3pia-de-C\u00f3pia-de-Saudades-do-CPAR-n\u00e9-minha-filha_.jpg","type":"image\/jpeg"}],"author":"leonardo.chaves","twitter_misc":{"Written by":"leonardo.chaves","Est. reading time":"2 minutes"},"schema":{"@context":"https:\/\/schema.org","@graph":[{"@type":"WebPage","@id":"https:\/\/cpar.ufms.br\/quatro-acoes-de-extensao-do-cpar-receberao-auxilio-financeiro-em-2020\/","url":"https:\/\/cpar.ufms.br\/quatro-acoes-de-extensao-do-cpar-receberao-auxilio-financeiro-em-2020\/","name":"Quatro a\u00e7\u00f5es de extens\u00e3o do CPAR receber\u00e3o aux\u00edlio financeiro em 2020 - CPAR - Campus de Parana\u00edba","isPartOf":{"@id":"https:\/\/cpar.ufms.br\/#website"},"datePublished":"2020-05-12T15:17:31+00:00","dateModified":"2020-05-13T13:38:10+00:00","author":{"@id":"https:\/\/cpar.ufms.br\/#\/schema\/person\/59587bd0b789889f7c25a946467cc6ee"},"breadcrumb":{"@id":"https:\/\/cpar.ufms.br\/quatro-acoes-de-extensao-do-cpar-receberao-auxilio-financeiro-em-2020\/#breadcrumb"},"inLanguage":"en-US","potentialAction":[{"@type":"ReadAction","target":["https:\/\/cpar.ufms.br\/quatro-acoes-de-extensao-do-cpar-receberao-auxilio-financeiro-em-2020\/"]}]},{"@type":"BreadcrumbList","@id":"https:\/\/cpar.ufms.br\/quatro-acoes-de-extensao-do-cpar-receberao-auxilio-financeiro-em-2020\/#breadcrumb","itemListElement":[{"@type":"ListItem","position":1,"name":"In\u00edcio","item":"https:\/\/cpar.ufms.br\/"},{"@type":"ListItem","position":2,"name":"Quatro a\u00e7\u00f5es de extens\u00e3o do CPAR receber\u00e3o aux\u00edlio financeiro em 2020"}]},{"@type":"WebSite","@id":"https:\/\/cpar.ufms.br\/#website","url":"https:\/\/cpar.ufms.br\/","name":"CPAR - Campus de Parana\u00edba","description":"Universidade Federal de Mato Grosso do Sul","potentialAction":[{"@type":"SearchAction","target":{"@type":"EntryPoint","urlTemplate":"https:\/\/cpar.ufms.br\/?s={search_term_string}"},"query-input":{"@type":"PropertyValueSpecification","valueRequired":true,"valueName":"search_term_string"}}],"inLanguage":"en-US"},{"@type":"Person","@id":"https:\/\/cpar.ufms.br\/#\/schema\/person\/59587bd0b789889f7c25a946467cc6ee","name":"leonardo.chaves","image":{"@type":"ImageObject","inLanguage":"en-US","@id":"https:\/\/cpar.ufms.br\/#\/schema\/person\/image\/8d5547fb00bb666fef0f1247643a766d","url":"https:\/\/secure.gravatar.com\/avatar\/2d276c35f5a2d842904264c905380e54d2fae11553a818c64073429e2e797d61?s=96&d=mm&r=g","contentUrl":"https:\/\/secure.gravatar.com\/avatar\/2d276c35f5a2d842904264c905380e54d2fae11553a818c64073429e2e797d61?s=96&d=mm&r=g","caption":"leonardo.chaves"},"url":"https:\/\/cpar.ufms.br\/en\/author\/leonardo-chaves\/"}]}},"_links":{"self":[{"href":"https:\/\/cpar.ufms.br\/en\/wp-json\/wp\/v2\/posts\/9714","targetHints":{"allow":["GET"]}}],"collection":[{"href":"https:\/\/cpar.ufms.br\/en\/wp-json\/wp\/v2\/posts"}],"about":[{"href":"https:\/\/cpar.ufms.br\/en\/wp-json\/wp\/v2\/types\/post"}],"author":[{"embeddable":true,"href":"https:\/\/cpar.ufms.br\/en\/wp-json\/wp\/v2\/users\/2862"}],"replies":[{"embeddable":true,"href":"https:\/\/cpar.ufms.br\/en\/wp-json\/wp\/v2\/comments?post=9714"}],"version-history":[{"count":3,"href":"https:\/\/cpar.ufms.br\/en\/wp-json\/wp\/v2\/posts\/9714\/revisions"}],"predecessor-version":[{"id":9732,"href":"https:\/\/cpar.ufms.br\/en\/wp-json\/wp\/v2\/posts\/9714\/revisions\/9732"}],"wp:attachment":[{"href":"https:\/\/cpar.ufms.br\/en\/wp-json\/wp\/v2\/media?parent=9714"}],"wp:term":[{"taxonomy":"category","embeddable":true,"href":"https:\/\/cpar.ufms.br\/en\/wp-json\/wp\/v2\/categories?post=9714"},{"taxonomy":"post_tag","embeddable":true,"href":"https:\/\/cpar.ufms.br\/en\/wp-json\/wp\/v2\/tags?post=9714"},{"taxonomy":"author","embeddable":true,"href":"https:\/\/cpar.ufms.br\/en\/wp-json\/wp\/v2\/coauthors?post=9714"}],"curies":[{"name":"wp","href":"https:\/\/api.w.org\/{rel}","templated":true}]}}