{"id":9728,"date":"2020-05-13T07:52:30","date_gmt":"2020-05-13T11:52:30","guid":{"rendered":"https:\/\/cpar.ufms.br\/?p=9728"},"modified":"2020-05-13T07:54:43","modified_gmt":"2020-05-13T11:54:43","slug":"processo-seletivo-auxilio-emergencial-para-aquisicao-de-equipamentos-de-protecao-individual-epi","status":"publish","type":"post","link":"https:\/\/cpar.ufms.br\/en\/processo-seletivo-auxilio-emergencial-para-aquisicao-de-equipamentos-de-protecao-individual-epi\/","title":{"rendered":"Processo seletivo: Aux\u00edlio emergencial para aquisi\u00e7\u00e3o de Equipamentos de Prote\u00e7\u00e3o Individual (EPI)"},"content":{"rendered":"<p style=\"text-align: justify\"><span style=\"color: #000000\">Est\u00e3o abertas as inscri\u00e7\u00f5es <strong>de 12 a 15 de maio<\/strong>, para o processo seletivo de estudantes matriculados no cursos presenciais de gradua\u00e7\u00e3o da UFMS no primeiro semestre de 2020, para receber aux\u00edlio emergencial para aquisi\u00e7\u00e3o de Equipamentos de Prote\u00e7\u00e3o Individual (EPIs) para uso em atividades pr\u00e1ticas com risco biol\u00f3gico, de acordo com a Nota T\u00e9cnica P\u00fablica CSIPS\/GGTES\/ANVISA N\u00ba 01\/2020 \u2013 Orienta\u00e7\u00f5es para a preven\u00e7\u00e3o e o controle de infec\u00e7\u00f5es pelo novo Coronav\u00edrus, com a Nota T\u00e9cnica GVIMS\/GGTES\/ANVISA N\u00ba 04\/2020 de 31 de janeiro de 2020, a Portaria UFMS n\u00ba 494, RTR\/UFMS, de 9 de abril de 2020 e do Plano de Biosseguran\u00e7a da UFMS, Resolu\u00e7\u00e3o n\u00ba 37, CD\/UFMS, de 29 de abril de 2020.<\/span><\/p>\n<p style=\"text-align: justify\"><span style=\"color: #000000\">Os requisitos para a inscri\u00e7\u00e3o do estudante s\u00e3o:<\/span><\/p>\n<p style=\"text-align: justify\"><span style=\"color: #000000\">a) estar regularmente matriculado em curso presencial de gradua\u00e7\u00e3o da UFMS e estar cursando disciplinas com atividades pr\u00e1ticas ou estar matriculado em est\u00e1gio ou desenvolver atividades de ensino com risco biol\u00f3gico no semestre 2020.1;<\/span><\/p>\n<p style=\"text-align: justify\"><span style=\"color: #000000\">b) possuir renda per capita de at\u00e9 um sal\u00e1rio m\u00ednimo e meio nacional vigente; e<\/span><\/p>\n<p style=\"text-align: justify\"><span style=\"color: #000000\">c) estar planejando realizar atividades pr\u00e1ticas presenciais imprescind\u00edveis indicadas pelos professores das disciplinas e com a respectiva aprova\u00e7\u00e3o e autoriza\u00e7\u00e3o do Dirigente da Unidade, com indica\u00e7\u00e3o de EPIs, de acordo com Plano Local de Biosseguran\u00e7a da Unidade, no semestre 2020.1.<\/span><\/p>\n<h4 style=\"text-align: justify\"><a href=\"https:\/\/proaes.ufms.br\/files\/2020\/05\/Edital-n%C2%BA-7-Proaes-Prograd-Auxilio-para-Aquisicao-de-Equipamentos-de-Protecao-Indivial.pdf\">Confira o edital AQUI<\/a><\/h4>\n<p style=\"text-align: justify\">Para se inscrever acesse a p\u00e1gina: <a href=\"https:\/\/selecao.ufms.br\/\">https:\/\/selecao.ufms.br\/<\/a><\/p>\n","protected":false},"excerpt":{"rendered":"<p>Est\u00e3o abertas as inscri\u00e7\u00f5es de 12 a 15 de maio, para o processo seletivo de estudantes matriculados no cursos presenciais de gradua\u00e7\u00e3o da UFMS no primeiro semestre de 2020, para receber aux\u00edlio emergencial para aquisi\u00e7\u00e3o de Equipamentos de Prote\u00e7\u00e3o Individual (EPIs) para uso em atividades pr\u00e1ticas com risco biol\u00f3gico, de acordo com a Nota T\u00e9cnica [&hellip;]<\/p>\n","protected":false},"author":2862,"featured_media":0,"comment_status":"closed","ping_status":"open","sticky":false,"template":"","format":"standard","meta":{"footnotes":""},"categories":[3,1],"tags":[],"coauthors":[],"class_list":["post-9728","post","type-post","status-publish","format-standard","hentry","category-fotos-imagens","category-noticias"],"yoast_head":"<!-- This site is optimized with the Yoast SEO plugin v26.2 - https:\/\/yoast.com\/wordpress\/plugins\/seo\/ -->\n<title>Processo seletivo: Aux\u00edlio emergencial para aquisi\u00e7\u00e3o de Equipamentos de Prote\u00e7\u00e3o Individual (EPI) - CPAR - Campus de Parana\u00edba<\/title>\n<meta name=\"robots\" content=\"index, follow, max-snippet:-1, max-image-preview:large, max-video-preview:-1\" \/>\n<link rel=\"canonical\" href=\"https:\/\/cpar.ufms.br\/processo-seletivo-auxilio-emergencial-para-aquisicao-de-equipamentos-de-protecao-individual-epi\/\" \/>\n<meta property=\"og:locale\" content=\"en_US\" \/>\n<meta property=\"og:type\" content=\"article\" \/>\n<meta property=\"og:title\" content=\"Processo seletivo: Aux\u00edlio emergencial para aquisi\u00e7\u00e3o de Equipamentos de Prote\u00e7\u00e3o Individual (EPI) - CPAR - Campus de Parana\u00edba\" \/>\n<meta property=\"og:description\" content=\"Est\u00e3o abertas as inscri\u00e7\u00f5es de 12 a 15 de maio, para o processo seletivo de estudantes matriculados no cursos presenciais de gradua\u00e7\u00e3o da UFMS no primeiro semestre de 2020, para receber aux\u00edlio emergencial para aquisi\u00e7\u00e3o de Equipamentos de Prote\u00e7\u00e3o Individual (EPIs) para uso em atividades pr\u00e1ticas com risco biol\u00f3gico, de acordo com a Nota T\u00e9cnica [&hellip;]\" \/>\n<meta property=\"og:url\" content=\"https:\/\/cpar.ufms.br\/processo-seletivo-auxilio-emergencial-para-aquisicao-de-equipamentos-de-protecao-individual-epi\/\" \/>\n<meta property=\"og:site_name\" content=\"CPAR - Campus de Parana\u00edba\" \/>\n<meta property=\"article:published_time\" content=\"2020-05-13T11:52:30+00:00\" \/>\n<meta property=\"article:modified_time\" content=\"2020-05-13T11:54:43+00:00\" \/>\n<meta property=\"og:image\" content=\"https:\/\/cpar.ufms.br\/files\/2020\/03\/Destac\u00e3o1-1.jpg\" \/>\n\t<meta property=\"og:image:width\" content=\"1584\" \/>\n\t<meta property=\"og:image:height\" content=\"508\" \/>\n\t<meta property=\"og:image:type\" content=\"image\/jpeg\" \/>\n<meta name=\"author\" content=\"leonardo.chaves\" \/>\n<meta name=\"twitter:label1\" content=\"Written by\" \/>\n\t<meta name=\"twitter:data1\" content=\"leonardo.chaves\" \/>\n\t<meta name=\"twitter:label2\" content=\"Est. reading time\" \/>\n\t<meta name=\"twitter:data2\" content=\"1 minute\" \/>\n<script type=\"application\/ld+json\" class=\"yoast-schema-graph\">{\"@context\":\"https:\/\/schema.org\",\"@graph\":[{\"@type\":\"WebPage\",\"@id\":\"https:\/\/cpar.ufms.br\/processo-seletivo-auxilio-emergencial-para-aquisicao-de-equipamentos-de-protecao-individual-epi\/\",\"url\":\"https:\/\/cpar.ufms.br\/processo-seletivo-auxilio-emergencial-para-aquisicao-de-equipamentos-de-protecao-individual-epi\/\",\"name\":\"Processo seletivo: Aux\u00edlio emergencial para aquisi\u00e7\u00e3o de Equipamentos de Prote\u00e7\u00e3o Individual (EPI) - CPAR - Campus de Parana\u00edba\",\"isPartOf\":{\"@id\":\"https:\/\/cpar.ufms.br\/#website\"},\"datePublished\":\"2020-05-13T11:52:30+00:00\",\"dateModified\":\"2020-05-13T11:54:43+00:00\",\"author\":{\"@id\":\"https:\/\/cpar.ufms.br\/#\/schema\/person\/59587bd0b789889f7c25a946467cc6ee\"},\"breadcrumb\":{\"@id\":\"https:\/\/cpar.ufms.br\/processo-seletivo-auxilio-emergencial-para-aquisicao-de-equipamentos-de-protecao-individual-epi\/#breadcrumb\"},\"inLanguage\":\"en-US\",\"potentialAction\":[{\"@type\":\"ReadAction\",\"target\":[\"https:\/\/cpar.ufms.br\/processo-seletivo-auxilio-emergencial-para-aquisicao-de-equipamentos-de-protecao-individual-epi\/\"]}]},{\"@type\":\"BreadcrumbList\",\"@id\":\"https:\/\/cpar.ufms.br\/processo-seletivo-auxilio-emergencial-para-aquisicao-de-equipamentos-de-protecao-individual-epi\/#breadcrumb\",\"itemListElement\":[{\"@type\":\"ListItem\",\"position\":1,\"name\":\"In\u00edcio\",\"item\":\"https:\/\/cpar.ufms.br\/\"},{\"@type\":\"ListItem\",\"position\":2,\"name\":\"Processo seletivo: Aux\u00edlio emergencial para aquisi\u00e7\u00e3o de Equipamentos de Prote\u00e7\u00e3o Individual (EPI)\"}]},{\"@type\":\"WebSite\",\"@id\":\"https:\/\/cpar.ufms.br\/#website\",\"url\":\"https:\/\/cpar.ufms.br\/\",\"name\":\"CPAR - Campus de Parana\u00edba\",\"description\":\"Universidade Federal de Mato Grosso do Sul\",\"potentialAction\":[{\"@type\":\"SearchAction\",\"target\":{\"@type\":\"EntryPoint\",\"urlTemplate\":\"https:\/\/cpar.ufms.br\/?s={search_term_string}\"},\"query-input\":{\"@type\":\"PropertyValueSpecification\",\"valueRequired\":true,\"valueName\":\"search_term_string\"}}],\"inLanguage\":\"en-US\"},{\"@type\":\"Person\",\"@id\":\"https:\/\/cpar.ufms.br\/#\/schema\/person\/59587bd0b789889f7c25a946467cc6ee\",\"name\":\"leonardo.chaves\",\"image\":{\"@type\":\"ImageObject\",\"inLanguage\":\"en-US\",\"@id\":\"https:\/\/cpar.ufms.br\/#\/schema\/person\/image\/8d5547fb00bb666fef0f1247643a766d\",\"url\":\"https:\/\/secure.gravatar.com\/avatar\/2d276c35f5a2d842904264c905380e54d2fae11553a818c64073429e2e797d61?s=96&d=mm&r=g\",\"contentUrl\":\"https:\/\/secure.gravatar.com\/avatar\/2d276c35f5a2d842904264c905380e54d2fae11553a818c64073429e2e797d61?s=96&d=mm&r=g\",\"caption\":\"leonardo.chaves\"},\"url\":\"https:\/\/cpar.ufms.br\/en\/author\/leonardo-chaves\/\"}]}<\/script>\n<!-- \/ Yoast SEO plugin. -->","yoast_head_json":{"title":"Processo seletivo: Aux\u00edlio emergencial para aquisi\u00e7\u00e3o de Equipamentos de Prote\u00e7\u00e3o Individual (EPI) - CPAR - Campus de Parana\u00edba","robots":{"index":"index","follow":"follow","max-snippet":"max-snippet:-1","max-image-preview":"max-image-preview:large","max-video-preview":"max-video-preview:-1"},"canonical":"https:\/\/cpar.ufms.br\/processo-seletivo-auxilio-emergencial-para-aquisicao-de-equipamentos-de-protecao-individual-epi\/","og_locale":"en_US","og_type":"article","og_title":"Processo seletivo: Aux\u00edlio emergencial para aquisi\u00e7\u00e3o de Equipamentos de Prote\u00e7\u00e3o Individual (EPI) - CPAR - Campus de Parana\u00edba","og_description":"Est\u00e3o abertas as inscri\u00e7\u00f5es de 12 a 15 de maio, para o processo seletivo de estudantes matriculados no cursos presenciais de gradua\u00e7\u00e3o da UFMS no primeiro semestre de 2020, para receber aux\u00edlio emergencial para aquisi\u00e7\u00e3o de Equipamentos de Prote\u00e7\u00e3o Individual (EPIs) para uso em atividades pr\u00e1ticas com risco biol\u00f3gico, de acordo com a Nota T\u00e9cnica [&hellip;]","og_url":"https:\/\/cpar.ufms.br\/processo-seletivo-auxilio-emergencial-para-aquisicao-de-equipamentos-de-protecao-individual-epi\/","og_site_name":"CPAR - Campus de Parana\u00edba","article_published_time":"2020-05-13T11:52:30+00:00","article_modified_time":"2020-05-13T11:54:43+00:00","og_image":[{"width":1584,"height":508,"url":"https:\/\/cpar.ufms.br\/files\/2020\/03\/Destac\u00e3o1-1.jpg","type":"image\/jpeg"}],"author":"leonardo.chaves","twitter_misc":{"Written by":"leonardo.chaves","Est. reading time":"1 minute"},"schema":{"@context":"https:\/\/schema.org","@graph":[{"@type":"WebPage","@id":"https:\/\/cpar.ufms.br\/processo-seletivo-auxilio-emergencial-para-aquisicao-de-equipamentos-de-protecao-individual-epi\/","url":"https:\/\/cpar.ufms.br\/processo-seletivo-auxilio-emergencial-para-aquisicao-de-equipamentos-de-protecao-individual-epi\/","name":"Processo seletivo: Aux\u00edlio emergencial para aquisi\u00e7\u00e3o de Equipamentos de Prote\u00e7\u00e3o Individual (EPI) - CPAR - Campus de Parana\u00edba","isPartOf":{"@id":"https:\/\/cpar.ufms.br\/#website"},"datePublished":"2020-05-13T11:52:30+00:00","dateModified":"2020-05-13T11:54:43+00:00","author":{"@id":"https:\/\/cpar.ufms.br\/#\/schema\/person\/59587bd0b789889f7c25a946467cc6ee"},"breadcrumb":{"@id":"https:\/\/cpar.ufms.br\/processo-seletivo-auxilio-emergencial-para-aquisicao-de-equipamentos-de-protecao-individual-epi\/#breadcrumb"},"inLanguage":"en-US","potentialAction":[{"@type":"ReadAction","target":["https:\/\/cpar.ufms.br\/processo-seletivo-auxilio-emergencial-para-aquisicao-de-equipamentos-de-protecao-individual-epi\/"]}]},{"@type":"BreadcrumbList","@id":"https:\/\/cpar.ufms.br\/processo-seletivo-auxilio-emergencial-para-aquisicao-de-equipamentos-de-protecao-individual-epi\/#breadcrumb","itemListElement":[{"@type":"ListItem","position":1,"name":"In\u00edcio","item":"https:\/\/cpar.ufms.br\/"},{"@type":"ListItem","position":2,"name":"Processo seletivo: Aux\u00edlio emergencial para aquisi\u00e7\u00e3o de Equipamentos de Prote\u00e7\u00e3o Individual (EPI)"}]},{"@type":"WebSite","@id":"https:\/\/cpar.ufms.br\/#website","url":"https:\/\/cpar.ufms.br\/","name":"CPAR - Campus de Parana\u00edba","description":"Universidade Federal de Mato Grosso do Sul","potentialAction":[{"@type":"SearchAction","target":{"@type":"EntryPoint","urlTemplate":"https:\/\/cpar.ufms.br\/?s={search_term_string}"},"query-input":{"@type":"PropertyValueSpecification","valueRequired":true,"valueName":"search_term_string"}}],"inLanguage":"en-US"},{"@type":"Person","@id":"https:\/\/cpar.ufms.br\/#\/schema\/person\/59587bd0b789889f7c25a946467cc6ee","name":"leonardo.chaves","image":{"@type":"ImageObject","inLanguage":"en-US","@id":"https:\/\/cpar.ufms.br\/#\/schema\/person\/image\/8d5547fb00bb666fef0f1247643a766d","url":"https:\/\/secure.gravatar.com\/avatar\/2d276c35f5a2d842904264c905380e54d2fae11553a818c64073429e2e797d61?s=96&d=mm&r=g","contentUrl":"https:\/\/secure.gravatar.com\/avatar\/2d276c35f5a2d842904264c905380e54d2fae11553a818c64073429e2e797d61?s=96&d=mm&r=g","caption":"leonardo.chaves"},"url":"https:\/\/cpar.ufms.br\/en\/author\/leonardo-chaves\/"}]}},"_links":{"self":[{"href":"https:\/\/cpar.ufms.br\/en\/wp-json\/wp\/v2\/posts\/9728","targetHints":{"allow":["GET"]}}],"collection":[{"href":"https:\/\/cpar.ufms.br\/en\/wp-json\/wp\/v2\/posts"}],"about":[{"href":"https:\/\/cpar.ufms.br\/en\/wp-json\/wp\/v2\/types\/post"}],"author":[{"embeddable":true,"href":"https:\/\/cpar.ufms.br\/en\/wp-json\/wp\/v2\/users\/2862"}],"replies":[{"embeddable":true,"href":"https:\/\/cpar.ufms.br\/en\/wp-json\/wp\/v2\/comments?post=9728"}],"version-history":[{"count":2,"href":"https:\/\/cpar.ufms.br\/en\/wp-json\/wp\/v2\/posts\/9728\/revisions"}],"predecessor-version":[{"id":9730,"href":"https:\/\/cpar.ufms.br\/en\/wp-json\/wp\/v2\/posts\/9728\/revisions\/9730"}],"wp:attachment":[{"href":"https:\/\/cpar.ufms.br\/en\/wp-json\/wp\/v2\/media?parent=9728"}],"wp:term":[{"taxonomy":"category","embeddable":true,"href":"https:\/\/cpar.ufms.br\/en\/wp-json\/wp\/v2\/categories?post=9728"},{"taxonomy":"post_tag","embeddable":true,"href":"https:\/\/cpar.ufms.br\/en\/wp-json\/wp\/v2\/tags?post=9728"},{"taxonomy":"author","embeddable":true,"href":"https:\/\/cpar.ufms.br\/en\/wp-json\/wp\/v2\/coauthors?post=9728"}],"curies":[{"name":"wp","href":"https:\/\/api.w.org\/{rel}","templated":true}]}}