{"id":9740,"date":"2020-05-20T16:47:54","date_gmt":"2020-05-20T20:47:54","guid":{"rendered":"https:\/\/cpar.ufms.br\/?p=9740"},"modified":"2020-05-20T17:55:25","modified_gmt":"2020-05-20T21:55:25","slug":"curso-combatendo-a-ansiedade-de-augusto-cury-disponibiliza-100-vagas-para-o-cpar","status":"publish","type":"post","link":"https:\/\/cpar.ufms.br\/en\/curso-combatendo-a-ansiedade-de-augusto-cury-disponibiliza-100-vagas-para-o-cpar\/","title":{"rendered":"Curso &#8220;Combatendo a Ansiedade&#8221; de Augusto Cury disponibiliza 100 vagas gratuitas para o CPAR"},"content":{"rendered":"<p style=\"text-align: justify\"><span style=\"color: #000000\">O mundo passa por um momento dif\u00edcil e incomum para todos, diante disso professores e servidores da UFMS est\u00e3o se organizando em projetos e atividades que possam colaborar com a sociedade na busca de amenizar o sofrimento que essa pandemia vem causando.<\/span><\/p>\n<p style=\"text-align: justify\"><span style=\"color: #000000\">Pensando nisso o professor Wesley Ricardo, coordenador do Curso de Administra\u00e7\u00e3o do C\u00e2mpus de Parana\u00edba, planejava promover uma palestra para a comunidade acad\u00eamica com o m\u00e9dico psiquiatra Augusto Cury, entretanto, por conta do distanciamento social e por motivos de agenda,\u00a0 isso n\u00e3o foi poss\u00edvel.<\/span><\/p>\n<p style=\"text-align: justify\"><span style=\"color: #000000\">Contudo, a equipe de Augusto Cury disponibilizou 100 vagas no curso online <strong>&#8220;Combatendo a Ansiedade&#8221;<\/strong>, as quais ser\u00e3o disponibilizadas, prioritariamente para membros da comunidade universit\u00e1ria do C\u00e2mpus de Parana\u00edba (estudantes e servidores), e demais pessoas interessadas. O curso disponibilizado gratuitamente, tinha o custo de R$ 697,00.<\/span><\/p>\n<p style=\"text-align: justify\"><span style=\"color: #000000\">Os interessados dever\u00e3o realizar sua inscri\u00e7\u00e3o no per\u00edodo <span style=\"color: #ff0000\"><strong>20 a 22 de maio (at\u00e9 \u00e0s 12h)<\/strong><\/span>, preenchendo o formul\u00e1rio clicando no link: <a href=\"http:\/\/abre.ai\/curso__ansiedade\">http:\/\/abre.ai\/curso__ansiedade<\/a><\/span><\/p>\n<p>Maiores informa\u00e7\u00f5es sobre o curso: <a href=\"https:\/\/www.omelhoranodasuahistoria.com.br\/lp\/spa\/#comprar\">https:\/\/www.omelhoranodasuahistoria.com.br\/lp\/spa\/#comprar<\/a><\/p>\n<p style=\"text-align: justify\"><span style=\"color: #000000\">Augusto Cury \u00e9 m\u00e9dico psiquiatra com mais de 30 anos de experi\u00eancia, pesquisador e escritor brasileiro. Foi criador da primeira Academia de Gest\u00e3o da Emo\u00e7\u00e3o (AGE) online, adquirido por mais de 25 mil alunos, e autor de livros best-sellers sobre qualidade de vida e sa\u00fade mental como \u201cAnsiedade \u2013 Como enfrentar o mal do s\u00e9culo\u201d, \u201cIntelig\u00eancia Multifocal\u201d e \u201cArmadilhas da Mente\u201d (informa\u00e7\u00f5es retiradas da Revista Veja).<\/span><\/p>\n<p style=\"text-align: justify\"><span style=\"color: #000000\">Para mais informa\u00e7\u00f5es e sanar d\u00favidas, enviar e-mail para: wesley.freitas@ufms.br<\/span><\/p>\n","protected":false},"excerpt":{"rendered":"<p>O mundo passa por um momento dif\u00edcil e incomum para todos, diante disso professores e servidores da UFMS est\u00e3o se organizando em projetos e atividades que possam colaborar com a sociedade na busca de amenizar o sofrimento que essa pandemia vem causando. Pensando nisso o professor Wesley Ricardo, coordenador do Curso de Administra\u00e7\u00e3o do C\u00e2mpus [&hellip;]<\/p>\n","protected":false},"author":2862,"featured_media":0,"comment_status":"closed","ping_status":"open","sticky":false,"template":"","format":"standard","meta":{"footnotes":""},"categories":[3,1],"tags":[],"coauthors":[],"class_list":["post-9740","post","type-post","status-publish","format-standard","hentry","category-fotos-imagens","category-noticias"],"yoast_head":"<!-- This site is optimized with the Yoast SEO plugin v26.2 - https:\/\/yoast.com\/wordpress\/plugins\/seo\/ -->\n<title>Curso &quot;Combatendo a Ansiedade&quot; de Augusto Cury disponibiliza 100 vagas gratuitas para o CPAR - CPAR - Campus de Parana\u00edba<\/title>\n<meta name=\"robots\" content=\"index, follow, max-snippet:-1, max-image-preview:large, max-video-preview:-1\" \/>\n<link rel=\"canonical\" href=\"https:\/\/cpar.ufms.br\/curso-combatendo-a-ansiedade-de-augusto-cury-disponibiliza-100-vagas-para-o-cpar\/\" \/>\n<meta property=\"og:locale\" content=\"en_US\" \/>\n<meta property=\"og:type\" content=\"article\" \/>\n<meta property=\"og:title\" content=\"Curso &quot;Combatendo a Ansiedade&quot; de Augusto Cury disponibiliza 100 vagas gratuitas para o CPAR - CPAR - Campus de Parana\u00edba\" \/>\n<meta property=\"og:description\" content=\"O mundo passa por um momento dif\u00edcil e incomum para todos, diante disso professores e servidores da UFMS est\u00e3o se organizando em projetos e atividades que possam colaborar com a sociedade na busca de amenizar o sofrimento que essa pandemia vem causando. Pensando nisso o professor Wesley Ricardo, coordenador do Curso de Administra\u00e7\u00e3o do C\u00e2mpus [&hellip;]\" \/>\n<meta property=\"og:url\" content=\"https:\/\/cpar.ufms.br\/curso-combatendo-a-ansiedade-de-augusto-cury-disponibiliza-100-vagas-para-o-cpar\/\" \/>\n<meta property=\"og:site_name\" content=\"CPAR - Campus de Parana\u00edba\" \/>\n<meta property=\"article:published_time\" content=\"2020-05-20T20:47:54+00:00\" \/>\n<meta property=\"article:modified_time\" content=\"2020-05-20T21:55:25+00:00\" \/>\n<meta property=\"og:image\" content=\"https:\/\/cpar.ufms.br\/files\/2020\/05\/Augusto-Cury.Wesley.jpg\" \/>\n\t<meta property=\"og:image:width\" content=\"940\" \/>\n\t<meta property=\"og:image:height\" content=\"788\" \/>\n\t<meta property=\"og:image:type\" content=\"image\/jpeg\" \/>\n<meta name=\"author\" content=\"leonardo.chaves\" \/>\n<meta name=\"twitter:label1\" content=\"Written by\" \/>\n\t<meta name=\"twitter:data1\" content=\"leonardo.chaves\" \/>\n\t<meta name=\"twitter:label2\" content=\"Est. reading time\" \/>\n\t<meta name=\"twitter:data2\" content=\"1 minute\" \/>\n<script type=\"application\/ld+json\" class=\"yoast-schema-graph\">{\"@context\":\"https:\/\/schema.org\",\"@graph\":[{\"@type\":\"WebPage\",\"@id\":\"https:\/\/cpar.ufms.br\/curso-combatendo-a-ansiedade-de-augusto-cury-disponibiliza-100-vagas-para-o-cpar\/\",\"url\":\"https:\/\/cpar.ufms.br\/curso-combatendo-a-ansiedade-de-augusto-cury-disponibiliza-100-vagas-para-o-cpar\/\",\"name\":\"Curso \\\"Combatendo a Ansiedade\\\" de Augusto Cury disponibiliza 100 vagas gratuitas para o CPAR - CPAR - Campus de Parana\u00edba\",\"isPartOf\":{\"@id\":\"https:\/\/cpar.ufms.br\/#website\"},\"datePublished\":\"2020-05-20T20:47:54+00:00\",\"dateModified\":\"2020-05-20T21:55:25+00:00\",\"author\":{\"@id\":\"https:\/\/cpar.ufms.br\/#\/schema\/person\/59587bd0b789889f7c25a946467cc6ee\"},\"breadcrumb\":{\"@id\":\"https:\/\/cpar.ufms.br\/curso-combatendo-a-ansiedade-de-augusto-cury-disponibiliza-100-vagas-para-o-cpar\/#breadcrumb\"},\"inLanguage\":\"en-US\",\"potentialAction\":[{\"@type\":\"ReadAction\",\"target\":[\"https:\/\/cpar.ufms.br\/curso-combatendo-a-ansiedade-de-augusto-cury-disponibiliza-100-vagas-para-o-cpar\/\"]}]},{\"@type\":\"BreadcrumbList\",\"@id\":\"https:\/\/cpar.ufms.br\/curso-combatendo-a-ansiedade-de-augusto-cury-disponibiliza-100-vagas-para-o-cpar\/#breadcrumb\",\"itemListElement\":[{\"@type\":\"ListItem\",\"position\":1,\"name\":\"In\u00edcio\",\"item\":\"https:\/\/cpar.ufms.br\/\"},{\"@type\":\"ListItem\",\"position\":2,\"name\":\"Curso &#8220;Combatendo a Ansiedade&#8221; de Augusto Cury disponibiliza 100 vagas gratuitas para o CPAR\"}]},{\"@type\":\"WebSite\",\"@id\":\"https:\/\/cpar.ufms.br\/#website\",\"url\":\"https:\/\/cpar.ufms.br\/\",\"name\":\"CPAR - Campus de Parana\u00edba\",\"description\":\"Universidade Federal de Mato Grosso do Sul\",\"potentialAction\":[{\"@type\":\"SearchAction\",\"target\":{\"@type\":\"EntryPoint\",\"urlTemplate\":\"https:\/\/cpar.ufms.br\/?s={search_term_string}\"},\"query-input\":{\"@type\":\"PropertyValueSpecification\",\"valueRequired\":true,\"valueName\":\"search_term_string\"}}],\"inLanguage\":\"en-US\"},{\"@type\":\"Person\",\"@id\":\"https:\/\/cpar.ufms.br\/#\/schema\/person\/59587bd0b789889f7c25a946467cc6ee\",\"name\":\"leonardo.chaves\",\"image\":{\"@type\":\"ImageObject\",\"inLanguage\":\"en-US\",\"@id\":\"https:\/\/cpar.ufms.br\/#\/schema\/person\/image\/8d5547fb00bb666fef0f1247643a766d\",\"url\":\"https:\/\/secure.gravatar.com\/avatar\/2d276c35f5a2d842904264c905380e54d2fae11553a818c64073429e2e797d61?s=96&d=mm&r=g\",\"contentUrl\":\"https:\/\/secure.gravatar.com\/avatar\/2d276c35f5a2d842904264c905380e54d2fae11553a818c64073429e2e797d61?s=96&d=mm&r=g\",\"caption\":\"leonardo.chaves\"},\"url\":\"https:\/\/cpar.ufms.br\/en\/author\/leonardo-chaves\/\"}]}<\/script>\n<!-- \/ Yoast SEO plugin. -->","yoast_head_json":{"title":"Curso \"Combatendo a Ansiedade\" de Augusto Cury disponibiliza 100 vagas gratuitas para o CPAR - CPAR - Campus de Parana\u00edba","robots":{"index":"index","follow":"follow","max-snippet":"max-snippet:-1","max-image-preview":"max-image-preview:large","max-video-preview":"max-video-preview:-1"},"canonical":"https:\/\/cpar.ufms.br\/curso-combatendo-a-ansiedade-de-augusto-cury-disponibiliza-100-vagas-para-o-cpar\/","og_locale":"en_US","og_type":"article","og_title":"Curso \"Combatendo a Ansiedade\" de Augusto Cury disponibiliza 100 vagas gratuitas para o CPAR - CPAR - Campus de Parana\u00edba","og_description":"O mundo passa por um momento dif\u00edcil e incomum para todos, diante disso professores e servidores da UFMS est\u00e3o se organizando em projetos e atividades que possam colaborar com a sociedade na busca de amenizar o sofrimento que essa pandemia vem causando. Pensando nisso o professor Wesley Ricardo, coordenador do Curso de Administra\u00e7\u00e3o do C\u00e2mpus [&hellip;]","og_url":"https:\/\/cpar.ufms.br\/curso-combatendo-a-ansiedade-de-augusto-cury-disponibiliza-100-vagas-para-o-cpar\/","og_site_name":"CPAR - Campus de Parana\u00edba","article_published_time":"2020-05-20T20:47:54+00:00","article_modified_time":"2020-05-20T21:55:25+00:00","og_image":[{"width":940,"height":788,"url":"https:\/\/cpar.ufms.br\/files\/2020\/05\/Augusto-Cury.Wesley.jpg","type":"image\/jpeg"}],"author":"leonardo.chaves","twitter_misc":{"Written by":"leonardo.chaves","Est. reading time":"1 minute"},"schema":{"@context":"https:\/\/schema.org","@graph":[{"@type":"WebPage","@id":"https:\/\/cpar.ufms.br\/curso-combatendo-a-ansiedade-de-augusto-cury-disponibiliza-100-vagas-para-o-cpar\/","url":"https:\/\/cpar.ufms.br\/curso-combatendo-a-ansiedade-de-augusto-cury-disponibiliza-100-vagas-para-o-cpar\/","name":"Curso \"Combatendo a Ansiedade\" de Augusto Cury disponibiliza 100 vagas gratuitas para o CPAR - CPAR - Campus de Parana\u00edba","isPartOf":{"@id":"https:\/\/cpar.ufms.br\/#website"},"datePublished":"2020-05-20T20:47:54+00:00","dateModified":"2020-05-20T21:55:25+00:00","author":{"@id":"https:\/\/cpar.ufms.br\/#\/schema\/person\/59587bd0b789889f7c25a946467cc6ee"},"breadcrumb":{"@id":"https:\/\/cpar.ufms.br\/curso-combatendo-a-ansiedade-de-augusto-cury-disponibiliza-100-vagas-para-o-cpar\/#breadcrumb"},"inLanguage":"en-US","potentialAction":[{"@type":"ReadAction","target":["https:\/\/cpar.ufms.br\/curso-combatendo-a-ansiedade-de-augusto-cury-disponibiliza-100-vagas-para-o-cpar\/"]}]},{"@type":"BreadcrumbList","@id":"https:\/\/cpar.ufms.br\/curso-combatendo-a-ansiedade-de-augusto-cury-disponibiliza-100-vagas-para-o-cpar\/#breadcrumb","itemListElement":[{"@type":"ListItem","position":1,"name":"In\u00edcio","item":"https:\/\/cpar.ufms.br\/"},{"@type":"ListItem","position":2,"name":"Curso &#8220;Combatendo a Ansiedade&#8221; de Augusto Cury disponibiliza 100 vagas gratuitas para o CPAR"}]},{"@type":"WebSite","@id":"https:\/\/cpar.ufms.br\/#website","url":"https:\/\/cpar.ufms.br\/","name":"CPAR - Campus de Parana\u00edba","description":"Universidade Federal de Mato Grosso do Sul","potentialAction":[{"@type":"SearchAction","target":{"@type":"EntryPoint","urlTemplate":"https:\/\/cpar.ufms.br\/?s={search_term_string}"},"query-input":{"@type":"PropertyValueSpecification","valueRequired":true,"valueName":"search_term_string"}}],"inLanguage":"en-US"},{"@type":"Person","@id":"https:\/\/cpar.ufms.br\/#\/schema\/person\/59587bd0b789889f7c25a946467cc6ee","name":"leonardo.chaves","image":{"@type":"ImageObject","inLanguage":"en-US","@id":"https:\/\/cpar.ufms.br\/#\/schema\/person\/image\/8d5547fb00bb666fef0f1247643a766d","url":"https:\/\/secure.gravatar.com\/avatar\/2d276c35f5a2d842904264c905380e54d2fae11553a818c64073429e2e797d61?s=96&d=mm&r=g","contentUrl":"https:\/\/secure.gravatar.com\/avatar\/2d276c35f5a2d842904264c905380e54d2fae11553a818c64073429e2e797d61?s=96&d=mm&r=g","caption":"leonardo.chaves"},"url":"https:\/\/cpar.ufms.br\/en\/author\/leonardo-chaves\/"}]}},"_links":{"self":[{"href":"https:\/\/cpar.ufms.br\/en\/wp-json\/wp\/v2\/posts\/9740","targetHints":{"allow":["GET"]}}],"collection":[{"href":"https:\/\/cpar.ufms.br\/en\/wp-json\/wp\/v2\/posts"}],"about":[{"href":"https:\/\/cpar.ufms.br\/en\/wp-json\/wp\/v2\/types\/post"}],"author":[{"embeddable":true,"href":"https:\/\/cpar.ufms.br\/en\/wp-json\/wp\/v2\/users\/2862"}],"replies":[{"embeddable":true,"href":"https:\/\/cpar.ufms.br\/en\/wp-json\/wp\/v2\/comments?post=9740"}],"version-history":[{"count":5,"href":"https:\/\/cpar.ufms.br\/en\/wp-json\/wp\/v2\/posts\/9740\/revisions"}],"predecessor-version":[{"id":9746,"href":"https:\/\/cpar.ufms.br\/en\/wp-json\/wp\/v2\/posts\/9740\/revisions\/9746"}],"wp:attachment":[{"href":"https:\/\/cpar.ufms.br\/en\/wp-json\/wp\/v2\/media?parent=9740"}],"wp:term":[{"taxonomy":"category","embeddable":true,"href":"https:\/\/cpar.ufms.br\/en\/wp-json\/wp\/v2\/categories?post=9740"},{"taxonomy":"post_tag","embeddable":true,"href":"https:\/\/cpar.ufms.br\/en\/wp-json\/wp\/v2\/tags?post=9740"},{"taxonomy":"author","embeddable":true,"href":"https:\/\/cpar.ufms.br\/en\/wp-json\/wp\/v2\/coauthors?post=9740"}],"curies":[{"name":"wp","href":"https:\/\/api.w.org\/{rel}","templated":true}]}}