{"id":9815,"date":"2020-06-04T14:10:06","date_gmt":"2020-06-04T18:10:06","guid":{"rendered":"https:\/\/cpar.ufms.br\/?p=9815"},"modified":"2020-06-04T14:10:06","modified_gmt":"2020-06-04T18:10:06","slug":"ufms-divulga-lista-de-espera-para-as-acoes-de-assistencia-estudantil","status":"publish","type":"post","link":"https:\/\/cpar.ufms.br\/en\/ufms-divulga-lista-de-espera-para-as-acoes-de-assistencia-estudantil\/","title":{"rendered":"UFMS divulga lista de espera para as a\u00e7\u00f5es de Assist\u00eancia Estudantil"},"content":{"rendered":"<p style=\"text-align: justify\">A FUNDA\u00c7\u00c3O UNIVERSIDADE FEDERAL DE MATO GROSSO DO SUL (UFMS), por meio da Pr\u00f3-Reitoria de Assuntos Estudantis &#8211; Proaes, no uso de suas atribui\u00e7\u00f5es legais e, considerando a Resolu\u00e7\u00e3o n\u00b0 135\/2018 &#8211; Coun, de 28 de dezembro de 2018(*), e a Instru\u00e7\u00e3o Normativa Proaes n\u00b0 2, de 19 de janeiro de 2020, torna p\u00fablica a Lista de Espera ap\u00f3s a Entrevista de Sele\u00e7\u00e3o para as a\u00e7\u00f5es de Assist\u00eancia Estudantil para os seguintes aux\u00edlios: Aux\u00edlio Perman\u00eancia, Aux\u00edlio Moradia e Aux\u00edlio Creche.<\/p>\n<p style=\"text-align: justify\">Os estudantes inscritos na Primeira Chamada e que fazem parte da Lista de Espera publicada nesse Edital, n\u00e3o precisar\u00e3o realizar nova inscri\u00e7\u00e3o, mas dever\u00e3o atualizar os documentos comprobat\u00f3rios\u00a0de renda e o perfil sociodemogr\u00e1fico no site da UFMS.<\/p>\n<p>Para conferir a Lista de Espera leia o Edital abaixo.<\/p>\n<p><a href=\"https:\/\/cpar.ufms.br\/files\/2020\/06\/Edital-36.pdf\" target=\"_blank\" rel=\"noopener noreferrer\">Edital Proaes\/UFMS n\u00b0 36, de 3 de junho de 2020<\/a><\/p>\n<p>Para mais informa\u00e7\u00f5es sobre o processo seletivo leia o edital de Assist\u00eancia Estudantil.<\/p>\n<p><a href=\"https:\/\/proaes.ufms.br\/files\/2020\/06\/Edital-Republicado-32.pdf\" target=\"_blank\" rel=\"noopener noreferrer\">Edital Proaes\/UFMS n\u00b0 32, de 1\u00b0 de Junho de 2020<\/a><\/p>\n","protected":false},"excerpt":{"rendered":"<p>A FUNDA\u00c7\u00c3O UNIVERSIDADE FEDERAL DE MATO GROSSO DO SUL (UFMS), por meio da Pr\u00f3-Reitoria de Assuntos Estudantis &#8211; Proaes, no uso de suas atribui\u00e7\u00f5es legais e, considerando a Resolu\u00e7\u00e3o n\u00b0 135\/2018 &#8211; Coun, de 28 de dezembro de 2018(*), e a Instru\u00e7\u00e3o Normativa Proaes n\u00b0 2, de 19 de janeiro de 2020, torna p\u00fablica a [&hellip;]<\/p>\n","protected":false},"author":12416,"featured_media":9818,"comment_status":"closed","ping_status":"open","sticky":false,"template":"","format":"standard","meta":{"footnotes":""},"categories":[3,1],"tags":[],"coauthors":[],"class_list":["post-9815","post","type-post","status-publish","format-standard","has-post-thumbnail","hentry","category-fotos-imagens","category-noticias"],"yoast_head":"<!-- This site is optimized with the Yoast SEO plugin v26.2 - https:\/\/yoast.com\/wordpress\/plugins\/seo\/ -->\n<title>UFMS divulga lista de espera para as a\u00e7\u00f5es de Assist\u00eancia Estudantil - CPAR - Campus de Parana\u00edba<\/title>\n<meta name=\"robots\" content=\"index, follow, max-snippet:-1, max-image-preview:large, max-video-preview:-1\" \/>\n<link rel=\"canonical\" href=\"https:\/\/cpar.ufms.br\/ufms-divulga-lista-de-espera-para-as-acoes-de-assistencia-estudantil\/\" \/>\n<meta property=\"og:locale\" content=\"en_US\" \/>\n<meta property=\"og:type\" content=\"article\" \/>\n<meta property=\"og:title\" content=\"UFMS divulga lista de espera para as a\u00e7\u00f5es de Assist\u00eancia Estudantil - CPAR - Campus de Parana\u00edba\" \/>\n<meta property=\"og:description\" content=\"A FUNDA\u00c7\u00c3O UNIVERSIDADE FEDERAL DE MATO GROSSO DO SUL (UFMS), por meio da Pr\u00f3-Reitoria de Assuntos Estudantis &#8211; Proaes, no uso de suas atribui\u00e7\u00f5es legais e, considerando a Resolu\u00e7\u00e3o n\u00b0 135\/2018 &#8211; Coun, de 28 de dezembro de 2018(*), e a Instru\u00e7\u00e3o Normativa Proaes n\u00b0 2, de 19 de janeiro de 2020, torna p\u00fablica a [&hellip;]\" \/>\n<meta property=\"og:url\" content=\"https:\/\/cpar.ufms.br\/ufms-divulga-lista-de-espera-para-as-acoes-de-assistencia-estudantil\/\" \/>\n<meta property=\"og:site_name\" content=\"CPAR - Campus de Parana\u00edba\" \/>\n<meta property=\"article:published_time\" content=\"2020-06-04T18:10:06+00:00\" \/>\n<meta property=\"og:image\" content=\"https:\/\/cpar.ufms.br\/files\/2020\/06\/Assistencia-Estudantil-1-facebook-1024x535.png\" \/>\n\t<meta property=\"og:image:width\" content=\"1024\" \/>\n\t<meta property=\"og:image:height\" content=\"535\" \/>\n\t<meta property=\"og:image:type\" content=\"image\/png\" \/>\n<meta name=\"author\" content=\"BRUNNA DE OLIVEIRA FREITAS\" \/>\n<meta name=\"twitter:label1\" content=\"Written by\" \/>\n\t<meta name=\"twitter:data1\" content=\"BRUNNA DE OLIVEIRA FREITAS\" \/>\n\t<meta name=\"twitter:label2\" content=\"Est. reading time\" \/>\n\t<meta name=\"twitter:data2\" content=\"1 minute\" \/>\n<script type=\"application\/ld+json\" class=\"yoast-schema-graph\">{\"@context\":\"https:\/\/schema.org\",\"@graph\":[{\"@type\":\"WebPage\",\"@id\":\"https:\/\/cpar.ufms.br\/ufms-divulga-lista-de-espera-para-as-acoes-de-assistencia-estudantil\/\",\"url\":\"https:\/\/cpar.ufms.br\/ufms-divulga-lista-de-espera-para-as-acoes-de-assistencia-estudantil\/\",\"name\":\"UFMS divulga lista de espera para as a\u00e7\u00f5es de Assist\u00eancia Estudantil - CPAR - Campus de Parana\u00edba\",\"isPartOf\":{\"@id\":\"https:\/\/cpar.ufms.br\/#website\"},\"primaryImageOfPage\":{\"@id\":\"https:\/\/cpar.ufms.br\/ufms-divulga-lista-de-espera-para-as-acoes-de-assistencia-estudantil\/#primaryimage\"},\"image\":{\"@id\":\"https:\/\/cpar.ufms.br\/ufms-divulga-lista-de-espera-para-as-acoes-de-assistencia-estudantil\/#primaryimage\"},\"thumbnailUrl\":\"https:\/\/cpar.ufms.br\/files\/2020\/06\/Assistencia-Estudantil-1-facebook-1024x535.png\",\"datePublished\":\"2020-06-04T18:10:06+00:00\",\"author\":{\"@id\":\"https:\/\/cpar.ufms.br\/#\/schema\/person\/e75a5c4d95c933476a42c9eed9d6d303\"},\"breadcrumb\":{\"@id\":\"https:\/\/cpar.ufms.br\/ufms-divulga-lista-de-espera-para-as-acoes-de-assistencia-estudantil\/#breadcrumb\"},\"inLanguage\":\"en-US\",\"potentialAction\":[{\"@type\":\"ReadAction\",\"target\":[\"https:\/\/cpar.ufms.br\/ufms-divulga-lista-de-espera-para-as-acoes-de-assistencia-estudantil\/\"]}]},{\"@type\":\"ImageObject\",\"inLanguage\":\"en-US\",\"@id\":\"https:\/\/cpar.ufms.br\/ufms-divulga-lista-de-espera-para-as-acoes-de-assistencia-estudantil\/#primaryimage\",\"url\":\"https:\/\/cpar.ufms.br\/files\/2020\/06\/Assistencia-Estudantil-1-facebook-1024x535.png\",\"contentUrl\":\"https:\/\/cpar.ufms.br\/files\/2020\/06\/Assistencia-Estudantil-1-facebook-1024x535.png\",\"width\":1024,\"height\":535},{\"@type\":\"BreadcrumbList\",\"@id\":\"https:\/\/cpar.ufms.br\/ufms-divulga-lista-de-espera-para-as-acoes-de-assistencia-estudantil\/#breadcrumb\",\"itemListElement\":[{\"@type\":\"ListItem\",\"position\":1,\"name\":\"In\u00edcio\",\"item\":\"https:\/\/cpar.ufms.br\/\"},{\"@type\":\"ListItem\",\"position\":2,\"name\":\"UFMS divulga lista de espera para as a\u00e7\u00f5es de Assist\u00eancia Estudantil\"}]},{\"@type\":\"WebSite\",\"@id\":\"https:\/\/cpar.ufms.br\/#website\",\"url\":\"https:\/\/cpar.ufms.br\/\",\"name\":\"CPAR - Campus de Parana\u00edba\",\"description\":\"Universidade Federal de Mato Grosso do Sul\",\"potentialAction\":[{\"@type\":\"SearchAction\",\"target\":{\"@type\":\"EntryPoint\",\"urlTemplate\":\"https:\/\/cpar.ufms.br\/?s={search_term_string}\"},\"query-input\":{\"@type\":\"PropertyValueSpecification\",\"valueRequired\":true,\"valueName\":\"search_term_string\"}}],\"inLanguage\":\"en-US\"},{\"@type\":\"Person\",\"@id\":\"https:\/\/cpar.ufms.br\/#\/schema\/person\/e75a5c4d95c933476a42c9eed9d6d303\",\"name\":\"BRUNNA DE OLIVEIRA FREITAS\",\"image\":{\"@type\":\"ImageObject\",\"inLanguage\":\"en-US\",\"@id\":\"https:\/\/cpar.ufms.br\/#\/schema\/person\/image\/a5b1ee798b6a6714654635c4095dd105\",\"url\":\"https:\/\/secure.gravatar.com\/avatar\/0e568014b00d86ba9cccf606b7c7dc623dec5048de6cf896970c939fc6e3ddc4?s=96&d=mm&r=g\",\"contentUrl\":\"https:\/\/secure.gravatar.com\/avatar\/0e568014b00d86ba9cccf606b7c7dc623dec5048de6cf896970c939fc6e3ddc4?s=96&d=mm&r=g\",\"caption\":\"BRUNNA DE OLIVEIRA FREITAS\"},\"url\":\"https:\/\/cpar.ufms.br\/en\/author\/brunna-oliveira\/\"}]}<\/script>\n<!-- \/ Yoast SEO plugin. -->","yoast_head_json":{"title":"UFMS divulga lista de espera para as a\u00e7\u00f5es de Assist\u00eancia Estudantil - CPAR - Campus de Parana\u00edba","robots":{"index":"index","follow":"follow","max-snippet":"max-snippet:-1","max-image-preview":"max-image-preview:large","max-video-preview":"max-video-preview:-1"},"canonical":"https:\/\/cpar.ufms.br\/ufms-divulga-lista-de-espera-para-as-acoes-de-assistencia-estudantil\/","og_locale":"en_US","og_type":"article","og_title":"UFMS divulga lista de espera para as a\u00e7\u00f5es de Assist\u00eancia Estudantil - CPAR - Campus de Parana\u00edba","og_description":"A FUNDA\u00c7\u00c3O UNIVERSIDADE FEDERAL DE MATO GROSSO DO SUL (UFMS), por meio da Pr\u00f3-Reitoria de Assuntos Estudantis &#8211; Proaes, no uso de suas atribui\u00e7\u00f5es legais e, considerando a Resolu\u00e7\u00e3o n\u00b0 135\/2018 &#8211; Coun, de 28 de dezembro de 2018(*), e a Instru\u00e7\u00e3o Normativa Proaes n\u00b0 2, de 19 de janeiro de 2020, torna p\u00fablica a [&hellip;]","og_url":"https:\/\/cpar.ufms.br\/ufms-divulga-lista-de-espera-para-as-acoes-de-assistencia-estudantil\/","og_site_name":"CPAR - Campus de Parana\u00edba","article_published_time":"2020-06-04T18:10:06+00:00","og_image":[{"width":1024,"height":535,"url":"https:\/\/cpar.ufms.br\/files\/2020\/06\/Assistencia-Estudantil-1-facebook-1024x535.png","type":"image\/png"}],"author":"BRUNNA DE OLIVEIRA FREITAS","twitter_misc":{"Written by":"BRUNNA DE OLIVEIRA FREITAS","Est. reading time":"1 minute"},"schema":{"@context":"https:\/\/schema.org","@graph":[{"@type":"WebPage","@id":"https:\/\/cpar.ufms.br\/ufms-divulga-lista-de-espera-para-as-acoes-de-assistencia-estudantil\/","url":"https:\/\/cpar.ufms.br\/ufms-divulga-lista-de-espera-para-as-acoes-de-assistencia-estudantil\/","name":"UFMS divulga lista de espera para as a\u00e7\u00f5es de Assist\u00eancia Estudantil - CPAR - Campus de Parana\u00edba","isPartOf":{"@id":"https:\/\/cpar.ufms.br\/#website"},"primaryImageOfPage":{"@id":"https:\/\/cpar.ufms.br\/ufms-divulga-lista-de-espera-para-as-acoes-de-assistencia-estudantil\/#primaryimage"},"image":{"@id":"https:\/\/cpar.ufms.br\/ufms-divulga-lista-de-espera-para-as-acoes-de-assistencia-estudantil\/#primaryimage"},"thumbnailUrl":"https:\/\/cpar.ufms.br\/files\/2020\/06\/Assistencia-Estudantil-1-facebook-1024x535.png","datePublished":"2020-06-04T18:10:06+00:00","author":{"@id":"https:\/\/cpar.ufms.br\/#\/schema\/person\/e75a5c4d95c933476a42c9eed9d6d303"},"breadcrumb":{"@id":"https:\/\/cpar.ufms.br\/ufms-divulga-lista-de-espera-para-as-acoes-de-assistencia-estudantil\/#breadcrumb"},"inLanguage":"en-US","potentialAction":[{"@type":"ReadAction","target":["https:\/\/cpar.ufms.br\/ufms-divulga-lista-de-espera-para-as-acoes-de-assistencia-estudantil\/"]}]},{"@type":"ImageObject","inLanguage":"en-US","@id":"https:\/\/cpar.ufms.br\/ufms-divulga-lista-de-espera-para-as-acoes-de-assistencia-estudantil\/#primaryimage","url":"https:\/\/cpar.ufms.br\/files\/2020\/06\/Assistencia-Estudantil-1-facebook-1024x535.png","contentUrl":"https:\/\/cpar.ufms.br\/files\/2020\/06\/Assistencia-Estudantil-1-facebook-1024x535.png","width":1024,"height":535},{"@type":"BreadcrumbList","@id":"https:\/\/cpar.ufms.br\/ufms-divulga-lista-de-espera-para-as-acoes-de-assistencia-estudantil\/#breadcrumb","itemListElement":[{"@type":"ListItem","position":1,"name":"In\u00edcio","item":"https:\/\/cpar.ufms.br\/"},{"@type":"ListItem","position":2,"name":"UFMS divulga lista de espera para as a\u00e7\u00f5es de Assist\u00eancia Estudantil"}]},{"@type":"WebSite","@id":"https:\/\/cpar.ufms.br\/#website","url":"https:\/\/cpar.ufms.br\/","name":"CPAR - Campus de Parana\u00edba","description":"Universidade Federal de Mato Grosso do Sul","potentialAction":[{"@type":"SearchAction","target":{"@type":"EntryPoint","urlTemplate":"https:\/\/cpar.ufms.br\/?s={search_term_string}"},"query-input":{"@type":"PropertyValueSpecification","valueRequired":true,"valueName":"search_term_string"}}],"inLanguage":"en-US"},{"@type":"Person","@id":"https:\/\/cpar.ufms.br\/#\/schema\/person\/e75a5c4d95c933476a42c9eed9d6d303","name":"BRUNNA DE OLIVEIRA FREITAS","image":{"@type":"ImageObject","inLanguage":"en-US","@id":"https:\/\/cpar.ufms.br\/#\/schema\/person\/image\/a5b1ee798b6a6714654635c4095dd105","url":"https:\/\/secure.gravatar.com\/avatar\/0e568014b00d86ba9cccf606b7c7dc623dec5048de6cf896970c939fc6e3ddc4?s=96&d=mm&r=g","contentUrl":"https:\/\/secure.gravatar.com\/avatar\/0e568014b00d86ba9cccf606b7c7dc623dec5048de6cf896970c939fc6e3ddc4?s=96&d=mm&r=g","caption":"BRUNNA DE OLIVEIRA FREITAS"},"url":"https:\/\/cpar.ufms.br\/en\/author\/brunna-oliveira\/"}]}},"_links":{"self":[{"href":"https:\/\/cpar.ufms.br\/en\/wp-json\/wp\/v2\/posts\/9815","targetHints":{"allow":["GET"]}}],"collection":[{"href":"https:\/\/cpar.ufms.br\/en\/wp-json\/wp\/v2\/posts"}],"about":[{"href":"https:\/\/cpar.ufms.br\/en\/wp-json\/wp\/v2\/types\/post"}],"author":[{"embeddable":true,"href":"https:\/\/cpar.ufms.br\/en\/wp-json\/wp\/v2\/users\/12416"}],"replies":[{"embeddable":true,"href":"https:\/\/cpar.ufms.br\/en\/wp-json\/wp\/v2\/comments?post=9815"}],"version-history":[{"count":1,"href":"https:\/\/cpar.ufms.br\/en\/wp-json\/wp\/v2\/posts\/9815\/revisions"}],"predecessor-version":[{"id":9819,"href":"https:\/\/cpar.ufms.br\/en\/wp-json\/wp\/v2\/posts\/9815\/revisions\/9819"}],"wp:featuredmedia":[{"embeddable":true,"href":"https:\/\/cpar.ufms.br\/en\/wp-json\/wp\/v2\/media\/9818"}],"wp:attachment":[{"href":"https:\/\/cpar.ufms.br\/en\/wp-json\/wp\/v2\/media?parent=9815"}],"wp:term":[{"taxonomy":"category","embeddable":true,"href":"https:\/\/cpar.ufms.br\/en\/wp-json\/wp\/v2\/categories?post=9815"},{"taxonomy":"post_tag","embeddable":true,"href":"https:\/\/cpar.ufms.br\/en\/wp-json\/wp\/v2\/tags?post=9815"},{"taxonomy":"author","embeddable":true,"href":"https:\/\/cpar.ufms.br\/en\/wp-json\/wp\/v2\/coauthors?post=9815"}],"curies":[{"name":"wp","href":"https:\/\/api.w.org\/{rel}","templated":true}]}}