{"id":9825,"date":"2020-06-05T10:22:05","date_gmt":"2020-06-05T14:22:05","guid":{"rendered":"https:\/\/cpar.ufms.br\/?p=9825"},"modified":"2020-06-05T10:46:42","modified_gmt":"2020-06-05T14:46:42","slug":"prorrogado-o-prazo-de-inscricao-para-receber-auxilio-para-aquisicao-de-equipamentos-de-protecao-individual","status":"publish","type":"post","link":"https:\/\/cpar.ufms.br\/en\/prorrogado-o-prazo-de-inscricao-para-receber-auxilio-para-aquisicao-de-equipamentos-de-protecao-individual\/","title":{"rendered":"Prorrogado o prazo de inscri\u00e7\u00e3o para receber aux\u00edlio para aquisi\u00e7\u00e3o de equipamentos de prote\u00e7\u00e3o individual"},"content":{"rendered":"<p style=\"text-align: justify\">A FUNDA\u00c7\u00c3O UNIVERSIDADE FEDERAL DE MATO GROSSO DO SUL (UFMS), por meio da Pr\u00f3-Reitoria de Assuntos Estudantis (Proaes), em parceria com a Pr\u00f3-Reitoria de Gradua\u00e7\u00e3o (Prograd), no uso de suas atribui\u00e7\u00f5es legais, torna p\u00fablica a prorroga\u00e7\u00e3o do prazo estabelecido por meio do EDITAL PROAES\/PROGRAD UFMS N\u00ba 7, DE 12 DE MAIO DE 2020, que regulamentou a abertura das inscri\u00e7\u00f5es para o Processo Seletivo de estudantes regularmente, em vulnerabilidade, matriculados no cursos presenciais de Gradua\u00e7\u00e3o da UFMS no primeiro semestre de 2020, para receber aux\u00edlio emergencial para aquisi\u00e7\u00e3o de Equipamentos de Prote\u00e7\u00e3o Individual (EPIs) para uso em atividades pr\u00e1ticas com risco biol\u00f3gico, de acordo com a Nota T\u00e9cnica P\u00fablica CSIPS\/GGTES\/ANVISA N\u00ba 01\/2020 \u2013 Orienta\u00e7\u00f5es para a preven\u00e7\u00e3o e o controle de infec\u00e7\u00f5es pelo novo Coronav\u00edrus, com a Nota T\u00e9cnica GVIMS\/GGTES\/ANVISA N\u00ba 4\/2020 de 31 de janeiro de 2020, a Portaria UFMS n\u00ba 494, RTR\/UFMS, de 9 de abril de 2020 e do Plano de Biosseguran\u00e7a da UFMS, Resolu\u00e7\u00e3o n\u00ba 37, CD\/UFMS, de 29 de abril de 2020. O recurso financeiro destinado a atender este Edital \u00e9 proveniente do Programa Nacional de Assist\u00eancia Estudantil (Pnaes), aten\u00e7\u00e3o \u00e0 sa\u00fade, regulamentado pelo Decreto n\u00ba 7.234, de 19 de julho de 2010.<\/p>\n<p>As inscri\u00e7\u00f5es podem ser realizadas at\u00e9 dia 1\u00b0 de agosto, para mais informa\u00e7\u00f5es leia o edital.<\/p>\n<p><a href=\"https:\/\/proaes.ufms.br\/files\/2020\/05\/Republica%C3%A7%C3%A3o-Edital-Conjunto-7.pdf\" target=\"_blank\" rel=\"noopener noreferrer\">Edital Proaes\/Prograd UFMS \u00b0 7, de 12 de maio de 2020<\/a> &#8211; Edital<\/p>\n<p><a href=\"https:\/\/cpar.ufms.br\/files\/2020\/06\/Edital-conjunto-16-PRORROGA-PRAZO-AUXILIO-EPI.pdf\" target=\"_blank\" rel=\"noopener noreferrer\">Edital Proaes\/prograd UFMS n\u00b0 16, de 3 de junho de 2020<\/a>&#8211; Novo cronograma<\/p>\n","protected":false},"excerpt":{"rendered":"<p>A FUNDA\u00c7\u00c3O UNIVERSIDADE FEDERAL DE MATO GROSSO DO SUL (UFMS), por meio da Pr\u00f3-Reitoria de Assuntos Estudantis (Proaes), em parceria com a Pr\u00f3-Reitoria de Gradua\u00e7\u00e3o (Prograd), no uso de suas atribui\u00e7\u00f5es legais, torna p\u00fablica a prorroga\u00e7\u00e3o do prazo estabelecido por meio do EDITAL PROAES\/PROGRAD UFMS N\u00ba 7, DE 12 DE MAIO DE 2020, que regulamentou [&hellip;]<\/p>\n","protected":false},"author":12416,"featured_media":0,"comment_status":"closed","ping_status":"open","sticky":false,"template":"","format":"standard","meta":{"footnotes":""},"categories":[3,1],"tags":[],"coauthors":[],"class_list":["post-9825","post","type-post","status-publish","format-standard","hentry","category-fotos-imagens","category-noticias"],"yoast_head":"<!-- This site is optimized with the Yoast SEO plugin v26.2 - https:\/\/yoast.com\/wordpress\/plugins\/seo\/ -->\n<title>Prorrogado o prazo de inscri\u00e7\u00e3o para receber aux\u00edlio para aquisi\u00e7\u00e3o de equipamentos de prote\u00e7\u00e3o individual - CPAR - Campus de Parana\u00edba<\/title>\n<meta name=\"robots\" content=\"index, follow, max-snippet:-1, max-image-preview:large, max-video-preview:-1\" \/>\n<link rel=\"canonical\" href=\"https:\/\/cpar.ufms.br\/prorrogado-o-prazo-de-inscricao-para-receber-auxilio-para-aquisicao-de-equipamentos-de-protecao-individual\/\" \/>\n<meta property=\"og:locale\" content=\"en_US\" \/>\n<meta property=\"og:type\" content=\"article\" \/>\n<meta property=\"og:title\" content=\"Prorrogado o prazo de inscri\u00e7\u00e3o para receber aux\u00edlio para aquisi\u00e7\u00e3o de equipamentos de prote\u00e7\u00e3o individual - CPAR - Campus de Parana\u00edba\" \/>\n<meta property=\"og:description\" content=\"A FUNDA\u00c7\u00c3O UNIVERSIDADE FEDERAL DE MATO GROSSO DO SUL (UFMS), por meio da Pr\u00f3-Reitoria de Assuntos Estudantis (Proaes), em parceria com a Pr\u00f3-Reitoria de Gradua\u00e7\u00e3o (Prograd), no uso de suas atribui\u00e7\u00f5es legais, torna p\u00fablica a prorroga\u00e7\u00e3o do prazo estabelecido por meio do EDITAL PROAES\/PROGRAD UFMS N\u00ba 7, DE 12 DE MAIO DE 2020, que regulamentou [&hellip;]\" \/>\n<meta property=\"og:url\" content=\"https:\/\/cpar.ufms.br\/prorrogado-o-prazo-de-inscricao-para-receber-auxilio-para-aquisicao-de-equipamentos-de-protecao-individual\/\" \/>\n<meta property=\"og:site_name\" content=\"CPAR - Campus de Parana\u00edba\" \/>\n<meta property=\"article:published_time\" content=\"2020-06-05T14:22:05+00:00\" \/>\n<meta property=\"article:modified_time\" content=\"2020-06-05T14:46:42+00:00\" \/>\n<meta property=\"og:image\" content=\"https:\/\/cpar.ufms.br\/files\/2020\/06\/EPI.jpg\" \/>\n\t<meta property=\"og:image:width\" content=\"1182\" \/>\n\t<meta property=\"og:image:height\" content=\"707\" \/>\n\t<meta property=\"og:image:type\" content=\"image\/jpeg\" \/>\n<meta name=\"author\" content=\"BRUNNA DE OLIVEIRA FREITAS\" \/>\n<meta name=\"twitter:label1\" content=\"Written by\" \/>\n\t<meta name=\"twitter:data1\" content=\"BRUNNA DE OLIVEIRA FREITAS\" \/>\n\t<meta name=\"twitter:label2\" content=\"Est. reading time\" \/>\n\t<meta name=\"twitter:data2\" content=\"1 minute\" \/>\n<script type=\"application\/ld+json\" class=\"yoast-schema-graph\">{\"@context\":\"https:\/\/schema.org\",\"@graph\":[{\"@type\":\"WebPage\",\"@id\":\"https:\/\/cpar.ufms.br\/prorrogado-o-prazo-de-inscricao-para-receber-auxilio-para-aquisicao-de-equipamentos-de-protecao-individual\/\",\"url\":\"https:\/\/cpar.ufms.br\/prorrogado-o-prazo-de-inscricao-para-receber-auxilio-para-aquisicao-de-equipamentos-de-protecao-individual\/\",\"name\":\"Prorrogado o prazo de inscri\u00e7\u00e3o para receber aux\u00edlio para aquisi\u00e7\u00e3o de equipamentos de prote\u00e7\u00e3o individual - CPAR - Campus de Parana\u00edba\",\"isPartOf\":{\"@id\":\"https:\/\/cpar.ufms.br\/#website\"},\"datePublished\":\"2020-06-05T14:22:05+00:00\",\"dateModified\":\"2020-06-05T14:46:42+00:00\",\"author\":{\"@id\":\"https:\/\/cpar.ufms.br\/#\/schema\/person\/e75a5c4d95c933476a42c9eed9d6d303\"},\"breadcrumb\":{\"@id\":\"https:\/\/cpar.ufms.br\/prorrogado-o-prazo-de-inscricao-para-receber-auxilio-para-aquisicao-de-equipamentos-de-protecao-individual\/#breadcrumb\"},\"inLanguage\":\"en-US\",\"potentialAction\":[{\"@type\":\"ReadAction\",\"target\":[\"https:\/\/cpar.ufms.br\/prorrogado-o-prazo-de-inscricao-para-receber-auxilio-para-aquisicao-de-equipamentos-de-protecao-individual\/\"]}]},{\"@type\":\"BreadcrumbList\",\"@id\":\"https:\/\/cpar.ufms.br\/prorrogado-o-prazo-de-inscricao-para-receber-auxilio-para-aquisicao-de-equipamentos-de-protecao-individual\/#breadcrumb\",\"itemListElement\":[{\"@type\":\"ListItem\",\"position\":1,\"name\":\"In\u00edcio\",\"item\":\"https:\/\/cpar.ufms.br\/\"},{\"@type\":\"ListItem\",\"position\":2,\"name\":\"Prorrogado o prazo de inscri\u00e7\u00e3o para receber aux\u00edlio para aquisi\u00e7\u00e3o de equipamentos de prote\u00e7\u00e3o individual\"}]},{\"@type\":\"WebSite\",\"@id\":\"https:\/\/cpar.ufms.br\/#website\",\"url\":\"https:\/\/cpar.ufms.br\/\",\"name\":\"CPAR - Campus de Parana\u00edba\",\"description\":\"Universidade Federal de Mato Grosso do Sul\",\"potentialAction\":[{\"@type\":\"SearchAction\",\"target\":{\"@type\":\"EntryPoint\",\"urlTemplate\":\"https:\/\/cpar.ufms.br\/?s={search_term_string}\"},\"query-input\":{\"@type\":\"PropertyValueSpecification\",\"valueRequired\":true,\"valueName\":\"search_term_string\"}}],\"inLanguage\":\"en-US\"},{\"@type\":\"Person\",\"@id\":\"https:\/\/cpar.ufms.br\/#\/schema\/person\/e75a5c4d95c933476a42c9eed9d6d303\",\"name\":\"BRUNNA DE OLIVEIRA FREITAS\",\"image\":{\"@type\":\"ImageObject\",\"inLanguage\":\"en-US\",\"@id\":\"https:\/\/cpar.ufms.br\/#\/schema\/person\/image\/a5b1ee798b6a6714654635c4095dd105\",\"url\":\"https:\/\/secure.gravatar.com\/avatar\/0e568014b00d86ba9cccf606b7c7dc623dec5048de6cf896970c939fc6e3ddc4?s=96&d=mm&r=g\",\"contentUrl\":\"https:\/\/secure.gravatar.com\/avatar\/0e568014b00d86ba9cccf606b7c7dc623dec5048de6cf896970c939fc6e3ddc4?s=96&d=mm&r=g\",\"caption\":\"BRUNNA DE OLIVEIRA FREITAS\"},\"url\":\"https:\/\/cpar.ufms.br\/en\/author\/brunna-oliveira\/\"}]}<\/script>\n<!-- \/ Yoast SEO plugin. -->","yoast_head_json":{"title":"Prorrogado o prazo de inscri\u00e7\u00e3o para receber aux\u00edlio para aquisi\u00e7\u00e3o de equipamentos de prote\u00e7\u00e3o individual - CPAR - Campus de Parana\u00edba","robots":{"index":"index","follow":"follow","max-snippet":"max-snippet:-1","max-image-preview":"max-image-preview:large","max-video-preview":"max-video-preview:-1"},"canonical":"https:\/\/cpar.ufms.br\/prorrogado-o-prazo-de-inscricao-para-receber-auxilio-para-aquisicao-de-equipamentos-de-protecao-individual\/","og_locale":"en_US","og_type":"article","og_title":"Prorrogado o prazo de inscri\u00e7\u00e3o para receber aux\u00edlio para aquisi\u00e7\u00e3o de equipamentos de prote\u00e7\u00e3o individual - CPAR - Campus de Parana\u00edba","og_description":"A FUNDA\u00c7\u00c3O UNIVERSIDADE FEDERAL DE MATO GROSSO DO SUL (UFMS), por meio da Pr\u00f3-Reitoria de Assuntos Estudantis (Proaes), em parceria com a Pr\u00f3-Reitoria de Gradua\u00e7\u00e3o (Prograd), no uso de suas atribui\u00e7\u00f5es legais, torna p\u00fablica a prorroga\u00e7\u00e3o do prazo estabelecido por meio do EDITAL PROAES\/PROGRAD UFMS N\u00ba 7, DE 12 DE MAIO DE 2020, que regulamentou [&hellip;]","og_url":"https:\/\/cpar.ufms.br\/prorrogado-o-prazo-de-inscricao-para-receber-auxilio-para-aquisicao-de-equipamentos-de-protecao-individual\/","og_site_name":"CPAR - Campus de Parana\u00edba","article_published_time":"2020-06-05T14:22:05+00:00","article_modified_time":"2020-06-05T14:46:42+00:00","og_image":[{"width":1182,"height":707,"url":"https:\/\/cpar.ufms.br\/files\/2020\/06\/EPI.jpg","type":"image\/jpeg"}],"author":"BRUNNA DE OLIVEIRA FREITAS","twitter_misc":{"Written by":"BRUNNA DE OLIVEIRA FREITAS","Est. reading time":"1 minute"},"schema":{"@context":"https:\/\/schema.org","@graph":[{"@type":"WebPage","@id":"https:\/\/cpar.ufms.br\/prorrogado-o-prazo-de-inscricao-para-receber-auxilio-para-aquisicao-de-equipamentos-de-protecao-individual\/","url":"https:\/\/cpar.ufms.br\/prorrogado-o-prazo-de-inscricao-para-receber-auxilio-para-aquisicao-de-equipamentos-de-protecao-individual\/","name":"Prorrogado o prazo de inscri\u00e7\u00e3o para receber aux\u00edlio para aquisi\u00e7\u00e3o de equipamentos de prote\u00e7\u00e3o individual - CPAR - Campus de Parana\u00edba","isPartOf":{"@id":"https:\/\/cpar.ufms.br\/#website"},"datePublished":"2020-06-05T14:22:05+00:00","dateModified":"2020-06-05T14:46:42+00:00","author":{"@id":"https:\/\/cpar.ufms.br\/#\/schema\/person\/e75a5c4d95c933476a42c9eed9d6d303"},"breadcrumb":{"@id":"https:\/\/cpar.ufms.br\/prorrogado-o-prazo-de-inscricao-para-receber-auxilio-para-aquisicao-de-equipamentos-de-protecao-individual\/#breadcrumb"},"inLanguage":"en-US","potentialAction":[{"@type":"ReadAction","target":["https:\/\/cpar.ufms.br\/prorrogado-o-prazo-de-inscricao-para-receber-auxilio-para-aquisicao-de-equipamentos-de-protecao-individual\/"]}]},{"@type":"BreadcrumbList","@id":"https:\/\/cpar.ufms.br\/prorrogado-o-prazo-de-inscricao-para-receber-auxilio-para-aquisicao-de-equipamentos-de-protecao-individual\/#breadcrumb","itemListElement":[{"@type":"ListItem","position":1,"name":"In\u00edcio","item":"https:\/\/cpar.ufms.br\/"},{"@type":"ListItem","position":2,"name":"Prorrogado o prazo de inscri\u00e7\u00e3o para receber aux\u00edlio para aquisi\u00e7\u00e3o de equipamentos de prote\u00e7\u00e3o individual"}]},{"@type":"WebSite","@id":"https:\/\/cpar.ufms.br\/#website","url":"https:\/\/cpar.ufms.br\/","name":"CPAR - Campus de Parana\u00edba","description":"Universidade Federal de Mato Grosso do Sul","potentialAction":[{"@type":"SearchAction","target":{"@type":"EntryPoint","urlTemplate":"https:\/\/cpar.ufms.br\/?s={search_term_string}"},"query-input":{"@type":"PropertyValueSpecification","valueRequired":true,"valueName":"search_term_string"}}],"inLanguage":"en-US"},{"@type":"Person","@id":"https:\/\/cpar.ufms.br\/#\/schema\/person\/e75a5c4d95c933476a42c9eed9d6d303","name":"BRUNNA DE OLIVEIRA FREITAS","image":{"@type":"ImageObject","inLanguage":"en-US","@id":"https:\/\/cpar.ufms.br\/#\/schema\/person\/image\/a5b1ee798b6a6714654635c4095dd105","url":"https:\/\/secure.gravatar.com\/avatar\/0e568014b00d86ba9cccf606b7c7dc623dec5048de6cf896970c939fc6e3ddc4?s=96&d=mm&r=g","contentUrl":"https:\/\/secure.gravatar.com\/avatar\/0e568014b00d86ba9cccf606b7c7dc623dec5048de6cf896970c939fc6e3ddc4?s=96&d=mm&r=g","caption":"BRUNNA DE OLIVEIRA FREITAS"},"url":"https:\/\/cpar.ufms.br\/en\/author\/brunna-oliveira\/"}]}},"_links":{"self":[{"href":"https:\/\/cpar.ufms.br\/en\/wp-json\/wp\/v2\/posts\/9825","targetHints":{"allow":["GET"]}}],"collection":[{"href":"https:\/\/cpar.ufms.br\/en\/wp-json\/wp\/v2\/posts"}],"about":[{"href":"https:\/\/cpar.ufms.br\/en\/wp-json\/wp\/v2\/types\/post"}],"author":[{"embeddable":true,"href":"https:\/\/cpar.ufms.br\/en\/wp-json\/wp\/v2\/users\/12416"}],"replies":[{"embeddable":true,"href":"https:\/\/cpar.ufms.br\/en\/wp-json\/wp\/v2\/comments?post=9825"}],"version-history":[{"count":1,"href":"https:\/\/cpar.ufms.br\/en\/wp-json\/wp\/v2\/posts\/9825\/revisions"}],"predecessor-version":[{"id":9828,"href":"https:\/\/cpar.ufms.br\/en\/wp-json\/wp\/v2\/posts\/9825\/revisions\/9828"}],"wp:attachment":[{"href":"https:\/\/cpar.ufms.br\/en\/wp-json\/wp\/v2\/media?parent=9825"}],"wp:term":[{"taxonomy":"category","embeddable":true,"href":"https:\/\/cpar.ufms.br\/en\/wp-json\/wp\/v2\/categories?post=9825"},{"taxonomy":"post_tag","embeddable":true,"href":"https:\/\/cpar.ufms.br\/en\/wp-json\/wp\/v2\/tags?post=9825"},{"taxonomy":"author","embeddable":true,"href":"https:\/\/cpar.ufms.br\/en\/wp-json\/wp\/v2\/coauthors?post=9825"}],"curies":[{"name":"wp","href":"https:\/\/api.w.org\/{rel}","templated":true}]}}