{"id":9835,"date":"2020-06-09T14:36:15","date_gmt":"2020-06-09T18:36:15","guid":{"rendered":"https:\/\/cpar.ufms.br\/?p=9835"},"modified":"2020-06-09T15:21:27","modified_gmt":"2020-06-09T19:21:27","slug":"confira-a-lista-de-editais-abertos-para-a-solicitacao-de-auxilios","status":"publish","type":"post","link":"https:\/\/cpar.ufms.br\/en\/confira-a-lista-de-editais-abertos-para-a-solicitacao-de-auxilios\/","title":{"rendered":"Confira a lista de editais abertos para a solicita\u00e7\u00e3o de aux\u00edlios"},"content":{"rendered":"<p style=\"text-align: justify\">Nos \u00faltimos meses a UFMS divulgou diversos editais que concedem aux\u00edlio para estudantes e professores. Confira abaixo os processos seletivos abertos e acesse o edital de seu interesse para obter as informa\u00e7\u00f5es completas.<\/p>\n<p style=\"text-align: justify\"><strong>Aten\u00e7\u00e3o:<\/strong> os estudantes poder\u00e3o utilizar o laborat\u00f3rio de inform\u00e1tica do CPAR para realizarem as inscri\u00e7\u00f5es, caso necessitarem. Para isso, <strong>\u00e9 preciso agendar via e-mail com o t\u00e9cnico respons\u00e1vel pelo laborat\u00f3rio<\/strong>.<\/p>\n<p style=\"text-align: justify\">Contato: dirceu.matos@ufms.br<\/p>\n<p style=\"text-align: justify\"><strong>PROGRAMA BOLSA ATLETA\u00a0<\/strong><\/p>\n<p style=\"text-align: justify\">Oito vagas ainda est\u00e3o dispon\u00edveis para estudantes de gradua\u00e7\u00e3o participarem do Programa Bolsa Atleta e representarem a UFMS em competi\u00e7\u00f5es esportivas.<\/p>\n<p style=\"text-align: justify\">Os interessados podem se inscrever para atletismo, basquetebol, e-esportes, futsal, handebol, lutas, nata\u00e7\u00e3o, paradesporto, voleibol e xadrez. As bolsas s\u00e3o no valor de R$ 400 mensais e ser\u00e1 v\u00e1lida de julho a dezembro de 2020.<\/p>\n<p style=\"text-align: justify\">A oportunidade vale para estudantes de todos os c\u00e2mpus da Universidade, desde que estejam regularmente matriculados, tenham disponibilidade para cumprir 20 horas semanais de treinamento e possuam um tutor que seja servidor da UFMS para o acompanhar.<\/p>\n<p style=\"text-align: justify\">As inscri\u00e7\u00f5es devem ser realizadas pelo site\u00a0<a href=\"https:\/\/sigproj.ufms.br\/\">sigproj.ufms.br<\/a>, entre os dias<strong>\u00a08 e 14 de junho<\/strong>.<\/p>\n<p style=\"text-align: justify\"><a href=\"https:\/\/docs.google.com\/viewerng\/viewer?url=https:\/\/www.ufms.br\/wp-content\/uploads\/2020\/06\/Edital_PROECE_-_bolsa_atleta_-_remanescentes.pdf&amp;hl=pt_BR\" target=\"_blank\" rel=\"noopener noreferrer\">Edital UFMS\/PROECE n\u00b0 89, de 1\u00b0 de junho de 2020<\/a><\/p>\n<p style=\"text-align: justify\"><strong>AUX\u00cdLIOS ESTUDANTIS\u00a0<\/strong><\/p>\n<p style=\"text-align: justify\">Est\u00e1 aberta a segunda chamada de sele\u00e7\u00e3o para as a\u00e7\u00f5es de Assist\u00eancia Estudantil para os aux\u00edlios perman\u00eancia, moradia e creche. O per\u00edodo de inscri\u00e7\u00e3o \u00e9 <strong>02 a 19 de junh<\/strong><strong>o<\/strong>.<\/p>\n<p style=\"text-align: justify\">As inscri\u00e7\u00f5es para o processo seletivo ser\u00e3o online e contar\u00e3o com duas fases distintas. Na primeira etapa, o estudante dever\u00e1 atualizar seu perfil sociodemogr\u00e1fico e, na segunda etapa, incluir no sistema os documentos exigidos no edital e selecionar as modalidades de aux\u00edlios que deseja concorrer.<\/p>\n<p style=\"text-align: justify\">Como requisito para participa\u00e7\u00e3o, o estudante deve estar devidamente matriculado em apenas um curso de gradua\u00e7\u00e3o presencial, possuir renda <em>per capita<\/em> de at\u00e9 um sal\u00e1rio m\u00ednimo e meio.<\/p>\n<p style=\"text-align: justify\">Para receber o aux\u00edlio creche, o interessado deve ser respons\u00e1vel por uma crian\u00e7a com idade inferior a seis anos e para o aux\u00edlio moradia, o acad\u00eamico deve ter mudado do seu munic\u00edpio de origem para cursar a gradua\u00e7\u00e3o e n\u00e3o residir com seu grupo familiar de origem.<\/p>\n<p style=\"text-align: justify\">Os estudantes inscritos na primeira chamada e que estiverem na Lista de Espera \u00danica n\u00e3o precisar\u00e3o fazer nova inscri\u00e7\u00e3o, mas dever\u00e3o atualizar os documentos comprobat\u00f3rios de renda e o perfil sociodemogr\u00e1fico.<\/p>\n<p style=\"text-align: justify\"><a href=\"https:\/\/cpar.ufms.br\/files\/2020\/06\/Edital-36.pdf\" target=\"_blank\" rel=\"noopener noreferrer\">Lista de espera <\/a><\/p>\n<p style=\"text-align: justify\"><a href=\"https:\/\/proaes.ufms.br\/files\/2020\/06\/Edital-Republicado-32.pdf\" target=\"_blank\" rel=\"noopener noreferrer\">Edital Proaes\/UFMS n\u00b0 32, de 1\u00b0 de junho de 2020.<\/a><\/p>\n<p style=\"text-align: justify\"><strong>SELE\u00c7\u00c3O DE BOLSISTAS DE EXTENS\u00c3O\u00a0<\/strong><\/p>\n<p style=\"text-align: justify\">Est\u00e3o abertas as inscri\u00e7\u00f5es do processo seletivo para a concess\u00e3o de bolsas de extens\u00e3o a estudantes de gradua\u00e7\u00e3o. Os interessados devem realizar a <strong>inscri\u00e7\u00e3o pelo SIGProj at\u00e9 o dia 25 de junho<\/strong>.<\/p>\n<p style=\"text-align: justify\">Em Parana\u00edba, est\u00e3o sendo ofertadas 14 vagas em quatro projetos e estudantes de todos os cursos do CPAR podem participar. O valor mensal da bolsa \u00e9 de R$ 400 e pode durar de dois a seis meses, a depender do projeto.<\/p>\n<p style=\"text-align: justify\"><a href=\"https:\/\/proece.ufms.br\/files\/2020\/05\/SEI_UFMS-1972439-Edital-86-1.pdf\" target=\"_blank\" rel=\"noopener noreferrer\">Edital UFMS\/PROECE n\u00b0 86, de 27 de maio de 2020<\/a><\/p>\n<p style=\"text-align: justify\"><strong>AUX\u00cdLIO DE INCLUS\u00c3O DIGITAL\u00a0<\/strong><\/p>\n<p style=\"text-align: justify\">Est\u00e3o abertas as inscri\u00e7\u00f5es para o processo seletivo de estudantes regularmente matriculados nos cursos presenciais de gradua\u00e7\u00e3o para receber o Aux\u00edlio de Inclus\u00e3o Digital &#8211; Acesso \u00e0 Internet, em car\u00e1ter emergencial. Os interessados podem se inscrever at\u00e9 <strong>dia 4 de julho<\/strong>.<\/p>\n<p style=\"text-align: justify\">O estudante deve estar regularmente matriculado em curso de gradua\u00e7\u00e3o da UFMS e cursando pelo menos uma disciplina no semestre 2020\/1, possuir renda <em>per capita<\/em> de at\u00e9 um sal\u00e1rio m\u00ednimo e meio e possuir acesso a celular, tablet, computador, notebook ou outro equipamento para ser poss\u00edvel adquirir pacote de dados de internet.<\/p>\n<p style=\"text-align: justify\">Os valores dos aux\u00edlios ser\u00e3o concedidos de acordo com o n\u00famero de disciplinas nas quais o estudante esteja matriculado no semestre. At\u00e9 tr\u00eas disciplinas ser\u00e1 pago R$ 30 por m\u00eas, de quatro a cinco disciplinas ser\u00e1 pago R$ 45 e de seis ou mais ser\u00e1 pago R$ 60.<\/p>\n<p style=\"text-align: justify\"><a href=\"https:\/\/www.ufms.br\/wp-content\/uploads\/2020\/04\/EDITAL_PROAES_AGETIC_SEAD_UFMS_N_4_DE_28_DE_ABRIL_DE_2020..pdf\" target=\"_blank\" rel=\"noopener noreferrer\">Edital Proaes\/Agetic\/Sead\/UFMS n\u00b0 4, de 28 de abril de 2020<\/a><\/p>\n<p style=\"text-align: justify\"><a href=\"https:\/\/cpar.ufms.br\/files\/2020\/04\/Edital-PROAES.AGETIC.SEAD_.UFMS-n.-9.2020-Altera-o-cronograma-de-inscricoes.pdf\" target=\"_blank\" rel=\"noopener noreferrer\">Novo cronograma <\/a><\/p>\n<p style=\"text-align: justify\"><strong>AUX\u00cdLIO PARA PUBLICA\u00c7\u00d5ES E SERVI\u00c7OS DE REVIS\u00c3O DE ARTIGOS CIENT\u00cdFICOS\u00a0<\/strong><\/p>\n<p style=\"text-align: justify\">Pesquisadores da UFMS podem solicitar aux\u00edlio financeiro para pagamento de taxas de publica\u00e7\u00e3o e servi\u00e7os de revis\u00e3o de artigos cient\u00edficos publicados ou submetidos a peri\u00f3dicos qualificados em 2020.<\/p>\n<p style=\"text-align: justify\">Ser\u00e3o considerados apenas artigos qualificados como A1, A2, A3 ou A4. Para a taxa de publica\u00e7\u00e3o de A1 e A2, n\u00e3o existe limites para o aux\u00edlio. Artigos qualificados como A3 ou A4 podem receber at\u00e9 R$ 4 mil. Para os servi\u00e7os de revis\u00e3o de artigo, o valor \u00e9 de at\u00e9 R$ 2 mil.<\/p>\n<p style=\"text-align: justify\">Os interessados devem submeter as propostas pelo site\u00a0<a href=\"https:\/\/sigproj.ufms.br\/\">sigproj.ufms.br<\/a>, de <strong>03 de junho a 31 de outubro<\/strong>.<\/p>\n<p style=\"text-align: justify\"><a href=\"https:\/\/propp.ufms.br\/files\/2020\/06\/SEI_UFMS-1976851-Edital.pdf\" target=\"_blank\" rel=\"noopener noreferrer\">Edital Propp\/UFMS n\u00b0 37\/2020<\/a><\/p>\n<p style=\"text-align: justify\"><strong>AUX\u00cdLIO DE APOIO A INSTALA\u00c7\u00c3O E MANUTEN\u00c7\u00c3O DE EQUIPAMENTOS DE LABORAT\u00d3RIOS\u00a0<\/strong><\/p>\n<p style=\"text-align: justify\">Coordenadores ou membros de projetos em andamento e cadastrados na Propp podem solicitar aux\u00edlio financeiro para instala\u00e7\u00e3o\/manuten\u00e7\u00e3o de equipamentos utilizados em laborat\u00f3rios de pesquisa, de extens\u00e3o tecnol\u00f3gica e\/ou de inova\u00e7\u00e3o da UFMS.<\/p>\n<p style=\"text-align: justify\">Poder\u00e3o ser financiadas apenas despesas com servi\u00e7o de instala\u00e7\u00e3o e de manuten\u00e7\u00e3o preventiva ou corretiva de equipamentos, no valor m\u00e1ximo de R$ 30 mil por proposta.<\/p>\n<p style=\"text-align: justify\">Para requerer o aux\u00edlio, o interessado deve submeter a proposta pelo site\u00a0<a href=\"https:\/\/sigproj.ufms.br\/\">sigproj.ufms.br<\/a>, de <strong>03 de junho a 31 de outubro<\/strong>.<\/p>\n<p style=\"text-align: justify\"><a href=\"https:\/\/propp.ufms.br\/files\/2020\/06\/SEI_UFMS-1976854-Edital.pdf\" target=\"_blank\" rel=\"noopener noreferrer\">Edital n\u00b0 38\/2020 \u2013 Propp\/UFMS <\/a><\/p>\n<p><strong>MULHERES NA CI\u00caNCIA UFMS 2020<\/strong><\/p>\n<p>A Pr\u00f3-Reitoria de Pesquisa e P\u00f3s-Gradua\u00e7\u00e3o (Propp) tornou p\u00fablica a abertura para servidoras-pesquisadoras da UFMS requerem apoio financeiro para despesas de custeio em projetos de pesquisa e inova\u00e7\u00e3o, em andamento, no ano de 2020.<\/p>\n<p>O objetivo dessa iniciativa \u00e9 promover e incrementar a participa\u00e7\u00e3o das mulheres da UFMS em projetos de pesquisa, como uma pol\u00edtica p\u00fablica de Ci\u00eancia, Tecnologia e Inova\u00e7\u00e3o no Estado de Mato Grosso do Sul e no Brasil.<\/p>\n<p>Para concess\u00e3o de aux\u00edlio, as propostas devem ser submetidas no SIGProj<strong> at\u00e9 31 de outubro de 2o2o<\/strong>.<\/p>\n<p><a href=\"https:\/\/propp.ufms.br\/files\/2020\/06\/SEI_UFMS-1988297-Edital.pdf\" target=\"_blank\" rel=\"noopener noreferrer\">Edital n\u00b0 40\/2020 &#8211; Propp\/UFMS<\/a><\/p>\n<p><em>Texto: Brunna Oliveira \u2013 Estagi\u00e1ria da Agecom no Cpar<\/em><\/p>\n","protected":false},"excerpt":{"rendered":"<p>Nos \u00faltimos meses a UFMS divulgou diversos editais que concedem aux\u00edlio para estudantes e professores. Confira abaixo os processos seletivos abertos e acesse o edital de seu interesse para obter as informa\u00e7\u00f5es completas. Aten\u00e7\u00e3o: os estudantes poder\u00e3o utilizar o laborat\u00f3rio de inform\u00e1tica do CPAR para realizarem as inscri\u00e7\u00f5es, caso necessitarem. Para isso, \u00e9 preciso agendar [&hellip;]<\/p>\n","protected":false},"author":12416,"featured_media":4846,"comment_status":"closed","ping_status":"open","sticky":false,"template":"","format":"standard","meta":{"footnotes":""},"categories":[3,1],"tags":[],"coauthors":[],"class_list":["post-9835","post","type-post","status-publish","format-standard","has-post-thumbnail","hentry","category-fotos-imagens","category-noticias"],"yoast_head":"<!-- This site is optimized with the Yoast SEO plugin v26.2 - https:\/\/yoast.com\/wordpress\/plugins\/seo\/ -->\n<title>Confira a lista de editais abertos para a solicita\u00e7\u00e3o de aux\u00edlios - CPAR - Campus de Parana\u00edba<\/title>\n<meta name=\"robots\" content=\"index, follow, max-snippet:-1, max-image-preview:large, max-video-preview:-1\" \/>\n<link rel=\"canonical\" href=\"https:\/\/cpar.ufms.br\/confira-a-lista-de-editais-abertos-para-a-solicitacao-de-auxilios\/\" \/>\n<meta property=\"og:locale\" content=\"en_US\" \/>\n<meta property=\"og:type\" content=\"article\" \/>\n<meta property=\"og:title\" content=\"Confira a lista de editais abertos para a solicita\u00e7\u00e3o de aux\u00edlios - CPAR - Campus de Parana\u00edba\" \/>\n<meta property=\"og:description\" content=\"Nos \u00faltimos meses a UFMS divulgou diversos editais que concedem aux\u00edlio para estudantes e professores. Confira abaixo os processos seletivos abertos e acesse o edital de seu interesse para obter as informa\u00e7\u00f5es completas. Aten\u00e7\u00e3o: os estudantes poder\u00e3o utilizar o laborat\u00f3rio de inform\u00e1tica do CPAR para realizarem as inscri\u00e7\u00f5es, caso necessitarem. Para isso, \u00e9 preciso agendar [&hellip;]\" \/>\n<meta property=\"og:url\" content=\"https:\/\/cpar.ufms.br\/confira-a-lista-de-editais-abertos-para-a-solicitacao-de-auxilios\/\" \/>\n<meta property=\"og:site_name\" content=\"CPAR - Campus de Parana\u00edba\" \/>\n<meta property=\"article:published_time\" content=\"2020-06-09T18:36:15+00:00\" \/>\n<meta property=\"article:modified_time\" content=\"2020-06-09T19:21:27+00:00\" \/>\n<meta property=\"og:image\" content=\"https:\/\/cpar.ufms.br\/files\/2017\/01\/Atencao-site2.jpg\" \/>\n\t<meta property=\"og:image:width\" content=\"668\" \/>\n\t<meta property=\"og:image:height\" content=\"242\" \/>\n\t<meta property=\"og:image:type\" content=\"image\/jpeg\" \/>\n<meta name=\"author\" content=\"BRUNNA DE OLIVEIRA FREITAS\" \/>\n<meta name=\"twitter:label1\" content=\"Written by\" \/>\n\t<meta name=\"twitter:data1\" content=\"BRUNNA DE OLIVEIRA FREITAS\" \/>\n\t<meta name=\"twitter:label2\" content=\"Est. reading time\" \/>\n\t<meta name=\"twitter:data2\" content=\"5 minutes\" \/>\n<script type=\"application\/ld+json\" class=\"yoast-schema-graph\">{\"@context\":\"https:\/\/schema.org\",\"@graph\":[{\"@type\":\"WebPage\",\"@id\":\"https:\/\/cpar.ufms.br\/confira-a-lista-de-editais-abertos-para-a-solicitacao-de-auxilios\/\",\"url\":\"https:\/\/cpar.ufms.br\/confira-a-lista-de-editais-abertos-para-a-solicitacao-de-auxilios\/\",\"name\":\"Confira a lista de editais abertos para a solicita\u00e7\u00e3o de aux\u00edlios - CPAR - Campus de Parana\u00edba\",\"isPartOf\":{\"@id\":\"https:\/\/cpar.ufms.br\/#website\"},\"primaryImageOfPage\":{\"@id\":\"https:\/\/cpar.ufms.br\/confira-a-lista-de-editais-abertos-para-a-solicitacao-de-auxilios\/#primaryimage\"},\"image\":{\"@id\":\"https:\/\/cpar.ufms.br\/confira-a-lista-de-editais-abertos-para-a-solicitacao-de-auxilios\/#primaryimage\"},\"thumbnailUrl\":\"https:\/\/cpar.ufms.br\/files\/2017\/01\/Atencao-site2.jpg\",\"datePublished\":\"2020-06-09T18:36:15+00:00\",\"dateModified\":\"2020-06-09T19:21:27+00:00\",\"author\":{\"@id\":\"https:\/\/cpar.ufms.br\/#\/schema\/person\/e75a5c4d95c933476a42c9eed9d6d303\"},\"breadcrumb\":{\"@id\":\"https:\/\/cpar.ufms.br\/confira-a-lista-de-editais-abertos-para-a-solicitacao-de-auxilios\/#breadcrumb\"},\"inLanguage\":\"en-US\",\"potentialAction\":[{\"@type\":\"ReadAction\",\"target\":[\"https:\/\/cpar.ufms.br\/confira-a-lista-de-editais-abertos-para-a-solicitacao-de-auxilios\/\"]}]},{\"@type\":\"ImageObject\",\"inLanguage\":\"en-US\",\"@id\":\"https:\/\/cpar.ufms.br\/confira-a-lista-de-editais-abertos-para-a-solicitacao-de-auxilios\/#primaryimage\",\"url\":\"https:\/\/cpar.ufms.br\/files\/2017\/01\/Atencao-site2.jpg\",\"contentUrl\":\"https:\/\/cpar.ufms.br\/files\/2017\/01\/Atencao-site2.jpg\",\"width\":668,\"height\":242},{\"@type\":\"BreadcrumbList\",\"@id\":\"https:\/\/cpar.ufms.br\/confira-a-lista-de-editais-abertos-para-a-solicitacao-de-auxilios\/#breadcrumb\",\"itemListElement\":[{\"@type\":\"ListItem\",\"position\":1,\"name\":\"In\u00edcio\",\"item\":\"https:\/\/cpar.ufms.br\/\"},{\"@type\":\"ListItem\",\"position\":2,\"name\":\"Confira a lista de editais abertos para a solicita\u00e7\u00e3o de aux\u00edlios\"}]},{\"@type\":\"WebSite\",\"@id\":\"https:\/\/cpar.ufms.br\/#website\",\"url\":\"https:\/\/cpar.ufms.br\/\",\"name\":\"CPAR - Campus de Parana\u00edba\",\"description\":\"Universidade Federal de Mato Grosso do Sul\",\"potentialAction\":[{\"@type\":\"SearchAction\",\"target\":{\"@type\":\"EntryPoint\",\"urlTemplate\":\"https:\/\/cpar.ufms.br\/?s={search_term_string}\"},\"query-input\":{\"@type\":\"PropertyValueSpecification\",\"valueRequired\":true,\"valueName\":\"search_term_string\"}}],\"inLanguage\":\"en-US\"},{\"@type\":\"Person\",\"@id\":\"https:\/\/cpar.ufms.br\/#\/schema\/person\/e75a5c4d95c933476a42c9eed9d6d303\",\"name\":\"BRUNNA DE OLIVEIRA FREITAS\",\"image\":{\"@type\":\"ImageObject\",\"inLanguage\":\"en-US\",\"@id\":\"https:\/\/cpar.ufms.br\/#\/schema\/person\/image\/a5b1ee798b6a6714654635c4095dd105\",\"url\":\"https:\/\/secure.gravatar.com\/avatar\/0e568014b00d86ba9cccf606b7c7dc623dec5048de6cf896970c939fc6e3ddc4?s=96&d=mm&r=g\",\"contentUrl\":\"https:\/\/secure.gravatar.com\/avatar\/0e568014b00d86ba9cccf606b7c7dc623dec5048de6cf896970c939fc6e3ddc4?s=96&d=mm&r=g\",\"caption\":\"BRUNNA DE OLIVEIRA FREITAS\"},\"url\":\"https:\/\/cpar.ufms.br\/en\/author\/brunna-oliveira\/\"}]}<\/script>\n<!-- \/ Yoast SEO plugin. -->","yoast_head_json":{"title":"Confira a lista de editais abertos para a solicita\u00e7\u00e3o de aux\u00edlios - CPAR - Campus de Parana\u00edba","robots":{"index":"index","follow":"follow","max-snippet":"max-snippet:-1","max-image-preview":"max-image-preview:large","max-video-preview":"max-video-preview:-1"},"canonical":"https:\/\/cpar.ufms.br\/confira-a-lista-de-editais-abertos-para-a-solicitacao-de-auxilios\/","og_locale":"en_US","og_type":"article","og_title":"Confira a lista de editais abertos para a solicita\u00e7\u00e3o de aux\u00edlios - CPAR - Campus de Parana\u00edba","og_description":"Nos \u00faltimos meses a UFMS divulgou diversos editais que concedem aux\u00edlio para estudantes e professores. Confira abaixo os processos seletivos abertos e acesse o edital de seu interesse para obter as informa\u00e7\u00f5es completas. Aten\u00e7\u00e3o: os estudantes poder\u00e3o utilizar o laborat\u00f3rio de inform\u00e1tica do CPAR para realizarem as inscri\u00e7\u00f5es, caso necessitarem. Para isso, \u00e9 preciso agendar [&hellip;]","og_url":"https:\/\/cpar.ufms.br\/confira-a-lista-de-editais-abertos-para-a-solicitacao-de-auxilios\/","og_site_name":"CPAR - Campus de Parana\u00edba","article_published_time":"2020-06-09T18:36:15+00:00","article_modified_time":"2020-06-09T19:21:27+00:00","og_image":[{"width":668,"height":242,"url":"https:\/\/cpar.ufms.br\/files\/2017\/01\/Atencao-site2.jpg","type":"image\/jpeg"}],"author":"BRUNNA DE OLIVEIRA FREITAS","twitter_misc":{"Written by":"BRUNNA DE OLIVEIRA FREITAS","Est. reading time":"5 minutes"},"schema":{"@context":"https:\/\/schema.org","@graph":[{"@type":"WebPage","@id":"https:\/\/cpar.ufms.br\/confira-a-lista-de-editais-abertos-para-a-solicitacao-de-auxilios\/","url":"https:\/\/cpar.ufms.br\/confira-a-lista-de-editais-abertos-para-a-solicitacao-de-auxilios\/","name":"Confira a lista de editais abertos para a solicita\u00e7\u00e3o de aux\u00edlios - CPAR - Campus de Parana\u00edba","isPartOf":{"@id":"https:\/\/cpar.ufms.br\/#website"},"primaryImageOfPage":{"@id":"https:\/\/cpar.ufms.br\/confira-a-lista-de-editais-abertos-para-a-solicitacao-de-auxilios\/#primaryimage"},"image":{"@id":"https:\/\/cpar.ufms.br\/confira-a-lista-de-editais-abertos-para-a-solicitacao-de-auxilios\/#primaryimage"},"thumbnailUrl":"https:\/\/cpar.ufms.br\/files\/2017\/01\/Atencao-site2.jpg","datePublished":"2020-06-09T18:36:15+00:00","dateModified":"2020-06-09T19:21:27+00:00","author":{"@id":"https:\/\/cpar.ufms.br\/#\/schema\/person\/e75a5c4d95c933476a42c9eed9d6d303"},"breadcrumb":{"@id":"https:\/\/cpar.ufms.br\/confira-a-lista-de-editais-abertos-para-a-solicitacao-de-auxilios\/#breadcrumb"},"inLanguage":"en-US","potentialAction":[{"@type":"ReadAction","target":["https:\/\/cpar.ufms.br\/confira-a-lista-de-editais-abertos-para-a-solicitacao-de-auxilios\/"]}]},{"@type":"ImageObject","inLanguage":"en-US","@id":"https:\/\/cpar.ufms.br\/confira-a-lista-de-editais-abertos-para-a-solicitacao-de-auxilios\/#primaryimage","url":"https:\/\/cpar.ufms.br\/files\/2017\/01\/Atencao-site2.jpg","contentUrl":"https:\/\/cpar.ufms.br\/files\/2017\/01\/Atencao-site2.jpg","width":668,"height":242},{"@type":"BreadcrumbList","@id":"https:\/\/cpar.ufms.br\/confira-a-lista-de-editais-abertos-para-a-solicitacao-de-auxilios\/#breadcrumb","itemListElement":[{"@type":"ListItem","position":1,"name":"In\u00edcio","item":"https:\/\/cpar.ufms.br\/"},{"@type":"ListItem","position":2,"name":"Confira a lista de editais abertos para a solicita\u00e7\u00e3o de aux\u00edlios"}]},{"@type":"WebSite","@id":"https:\/\/cpar.ufms.br\/#website","url":"https:\/\/cpar.ufms.br\/","name":"CPAR - Campus de Parana\u00edba","description":"Universidade Federal de Mato Grosso do Sul","potentialAction":[{"@type":"SearchAction","target":{"@type":"EntryPoint","urlTemplate":"https:\/\/cpar.ufms.br\/?s={search_term_string}"},"query-input":{"@type":"PropertyValueSpecification","valueRequired":true,"valueName":"search_term_string"}}],"inLanguage":"en-US"},{"@type":"Person","@id":"https:\/\/cpar.ufms.br\/#\/schema\/person\/e75a5c4d95c933476a42c9eed9d6d303","name":"BRUNNA DE OLIVEIRA FREITAS","image":{"@type":"ImageObject","inLanguage":"en-US","@id":"https:\/\/cpar.ufms.br\/#\/schema\/person\/image\/a5b1ee798b6a6714654635c4095dd105","url":"https:\/\/secure.gravatar.com\/avatar\/0e568014b00d86ba9cccf606b7c7dc623dec5048de6cf896970c939fc6e3ddc4?s=96&d=mm&r=g","contentUrl":"https:\/\/secure.gravatar.com\/avatar\/0e568014b00d86ba9cccf606b7c7dc623dec5048de6cf896970c939fc6e3ddc4?s=96&d=mm&r=g","caption":"BRUNNA DE OLIVEIRA FREITAS"},"url":"https:\/\/cpar.ufms.br\/en\/author\/brunna-oliveira\/"}]}},"_links":{"self":[{"href":"https:\/\/cpar.ufms.br\/en\/wp-json\/wp\/v2\/posts\/9835","targetHints":{"allow":["GET"]}}],"collection":[{"href":"https:\/\/cpar.ufms.br\/en\/wp-json\/wp\/v2\/posts"}],"about":[{"href":"https:\/\/cpar.ufms.br\/en\/wp-json\/wp\/v2\/types\/post"}],"author":[{"embeddable":true,"href":"https:\/\/cpar.ufms.br\/en\/wp-json\/wp\/v2\/users\/12416"}],"replies":[{"embeddable":true,"href":"https:\/\/cpar.ufms.br\/en\/wp-json\/wp\/v2\/comments?post=9835"}],"version-history":[{"count":3,"href":"https:\/\/cpar.ufms.br\/en\/wp-json\/wp\/v2\/posts\/9835\/revisions"}],"predecessor-version":[{"id":9845,"href":"https:\/\/cpar.ufms.br\/en\/wp-json\/wp\/v2\/posts\/9835\/revisions\/9845"}],"wp:featuredmedia":[{"embeddable":true,"href":"https:\/\/cpar.ufms.br\/en\/wp-json\/wp\/v2\/media\/4846"}],"wp:attachment":[{"href":"https:\/\/cpar.ufms.br\/en\/wp-json\/wp\/v2\/media?parent=9835"}],"wp:term":[{"taxonomy":"category","embeddable":true,"href":"https:\/\/cpar.ufms.br\/en\/wp-json\/wp\/v2\/categories?post=9835"},{"taxonomy":"post_tag","embeddable":true,"href":"https:\/\/cpar.ufms.br\/en\/wp-json\/wp\/v2\/tags?post=9835"},{"taxonomy":"author","embeddable":true,"href":"https:\/\/cpar.ufms.br\/en\/wp-json\/wp\/v2\/coauthors?post=9835"}],"curies":[{"name":"wp","href":"https:\/\/api.w.org\/{rel}","templated":true}]}}