{"id":9863,"date":"2020-06-16T09:57:52","date_gmt":"2020-06-16T13:57:52","guid":{"rendered":"https:\/\/cpar.ufms.br\/?p=9863"},"modified":"2020-06-16T13:35:07","modified_gmt":"2020-06-16T17:35:07","slug":"ufms-profissionalizante-oferta-bolsas-para-estudantes-de-administracao","status":"publish","type":"post","link":"https:\/\/cpar.ufms.br\/en\/ufms-profissionalizante-oferta-bolsas-para-estudantes-de-administracao\/","title":{"rendered":"UFMS Profissionalizante oferta bolsas para estudantes de Administra\u00e7\u00e3o"},"content":{"rendered":"<p style=\"text-align: justify\">A a\u00e7\u00e3o UFMS Profissionalizante foi contemplada com cinco bolsas de extens\u00e3o pelo Edital PAEXT\/2020. O projeto ofertar\u00e1 um curso profissionalizante de administra\u00e7\u00e3o, que ter\u00e1 como professores os pr\u00f3prios estudantes do curso de Administra\u00e7\u00e3o do Campus de Parana\u00edba.<\/p>\n<p style=\"text-align: justify\">Rafael Pazeto Alvarenga, professor e coordenador do projeto, explica que o curso ser\u00e1 ofertado no formato de Ensino a Dist\u00e2ncia (EaD) e o bolsista selecionado atuar\u00e1 como professor e tutor virtual. \u201cCada bolsista ser\u00e1 orientado por um professor com experi\u00eancia nas disciplinas que ser\u00e3o ministradas. Quatro disciplinas s\u00e3o os pilares do curso: Secretariado, Empreendedorismo, Recursos Humanos e Inova\u00e7\u00e3o. Assim, o bolsista da disciplina de Secretariado ter\u00e1 um professor do curso de Administra\u00e7\u00e3o que o orientar\u00e1 sobre Secretariado e assim por diante\u201d.<\/p>\n<p style=\"text-align: justify\">Das cinco bolsas ofertadas, quatro s\u00e3o destinadas aos estudantes que atuar\u00e3o como professores e uma \u00e9 para o estudante que ajudar\u00e1 na gest\u00e3o do curso. Segundo o professor, as bolsas de tutoria s\u00e3o equivalentes aos meses em que a disciplina for ministrada e a bolsa de gest\u00e3o do curso ser\u00e1 v\u00e1lida por quatro meses.<\/p>\n<p style=\"text-align: justify\">Podem se candidatar a bolsa para ministrar as aulas os discentes que j\u00e1 conclu\u00edram, pelo menos, os tr\u00eas primeiros semestres do curso de Administra\u00e7\u00e3o. J\u00e1 o estudante que ser\u00e1 respons\u00e1vel pela gest\u00e3o do projeto pode estar em qualquer per\u00edodo do curso.<\/p>\n<p style=\"text-align: justify\">Al\u00e9m de uma oportunidade enriquecedora para os estudantes de Administra\u00e7\u00e3o, ser\u00e3o oferecidas 100 vagas para os interessados em realizar o curso de profissionaliza\u00e7\u00e3o em Administra\u00e7\u00e3o. O p\u00fablico alvo pode ser diverso, Rafael explica que n\u00e3o existem muitos pr\u00e9-requisitos, a \u00fanica exig\u00eancia \u00e9 idade m\u00ednima de 16 anos. Mais informa\u00e7\u00f5es sobre o curso ser\u00e3o divulgadas no pr\u00f3ximo semestre.<\/p>\n<p style=\"text-align: justify\">Para atuar como bolsista, o estudante deve realizar a inscri\u00e7\u00e3o at\u00e9 o dia <strong>25 de junho<\/strong>. Para mais informa\u00e7\u00f5es leia o edital abaixo e, em casos de d\u00favidas sobre o projeto, entrar em contato pelo e-mail rafael.pazeto@ufms.br.<\/p>\n<p><a href=\"https:\/\/proece.ufms.br\/files\/2020\/05\/SEI_UFMS-1972439-Edital-86-1.pdf\" target=\"_blank\" rel=\"noopener noreferrer\">Edital UFMS\/PROECE n\u00b0 86, de 27 de maio de 2020.<\/a><\/p>\n<p><strong><em>Brunna Oliveira &#8211; Estagi\u00e1ria da Agecom no CPAR<\/em><\/strong><\/p>\n<p>&nbsp;<\/p>\n","protected":false},"excerpt":{"rendered":"<p>A a\u00e7\u00e3o UFMS Profissionalizante foi contemplada com cinco bolsas de extens\u00e3o pelo Edital PAEXT\/2020. O projeto ofertar\u00e1 um curso profissionalizante de administra\u00e7\u00e3o, que ter\u00e1 como professores os pr\u00f3prios estudantes do curso de Administra\u00e7\u00e3o do Campus de Parana\u00edba. Rafael Pazeto Alvarenga, professor e coordenador do projeto, explica que o curso ser\u00e1 ofertado no formato de Ensino [&hellip;]<\/p>\n","protected":false},"author":12416,"featured_media":0,"comment_status":"closed","ping_status":"open","sticky":false,"template":"","format":"standard","meta":{"footnotes":""},"categories":[3,1],"tags":[],"coauthors":[],"class_list":["post-9863","post","type-post","status-publish","format-standard","hentry","category-fotos-imagens","category-noticias"],"yoast_head":"<!-- This site is optimized with the Yoast SEO plugin v26.2 - https:\/\/yoast.com\/wordpress\/plugins\/seo\/ -->\n<title>UFMS Profissionalizante oferta bolsas para estudantes de Administra\u00e7\u00e3o - CPAR - Campus de Parana\u00edba<\/title>\n<meta name=\"robots\" content=\"index, follow, max-snippet:-1, max-image-preview:large, max-video-preview:-1\" \/>\n<link rel=\"canonical\" href=\"https:\/\/cpar.ufms.br\/ufms-profissionalizante-oferta-bolsas-para-estudantes-de-administracao\/\" \/>\n<meta property=\"og:locale\" content=\"en_US\" \/>\n<meta property=\"og:type\" content=\"article\" \/>\n<meta property=\"og:title\" content=\"UFMS Profissionalizante oferta bolsas para estudantes de Administra\u00e7\u00e3o - CPAR - Campus de Parana\u00edba\" \/>\n<meta property=\"og:description\" content=\"A a\u00e7\u00e3o UFMS Profissionalizante foi contemplada com cinco bolsas de extens\u00e3o pelo Edital PAEXT\/2020. O projeto ofertar\u00e1 um curso profissionalizante de administra\u00e7\u00e3o, que ter\u00e1 como professores os pr\u00f3prios estudantes do curso de Administra\u00e7\u00e3o do Campus de Parana\u00edba. Rafael Pazeto Alvarenga, professor e coordenador do projeto, explica que o curso ser\u00e1 ofertado no formato de Ensino [&hellip;]\" \/>\n<meta property=\"og:url\" content=\"https:\/\/cpar.ufms.br\/ufms-profissionalizante-oferta-bolsas-para-estudantes-de-administracao\/\" \/>\n<meta property=\"og:site_name\" content=\"CPAR - Campus de Parana\u00edba\" \/>\n<meta property=\"article:published_time\" content=\"2020-06-16T13:57:52+00:00\" \/>\n<meta property=\"article:modified_time\" content=\"2020-06-16T17:35:07+00:00\" \/>\n<meta property=\"og:image\" content=\"https:\/\/cpar.ufms.br\/files\/2020\/06\/Verde-e-Branco-Games-Canal-de-YouTube-Arte-1.jpg\" \/>\n\t<meta property=\"og:image:width\" content=\"2560\" \/>\n\t<meta property=\"og:image:height\" content=\"1440\" \/>\n\t<meta property=\"og:image:type\" content=\"image\/jpeg\" \/>\n<meta name=\"author\" content=\"BRUNNA DE OLIVEIRA FREITAS\" \/>\n<meta name=\"twitter:label1\" content=\"Written by\" \/>\n\t<meta name=\"twitter:data1\" content=\"BRUNNA DE OLIVEIRA FREITAS\" \/>\n\t<meta name=\"twitter:label2\" content=\"Est. reading time\" \/>\n\t<meta name=\"twitter:data2\" content=\"2 minutes\" \/>\n<script type=\"application\/ld+json\" class=\"yoast-schema-graph\">{\"@context\":\"https:\/\/schema.org\",\"@graph\":[{\"@type\":\"WebPage\",\"@id\":\"https:\/\/cpar.ufms.br\/ufms-profissionalizante-oferta-bolsas-para-estudantes-de-administracao\/\",\"url\":\"https:\/\/cpar.ufms.br\/ufms-profissionalizante-oferta-bolsas-para-estudantes-de-administracao\/\",\"name\":\"UFMS Profissionalizante oferta bolsas para estudantes de Administra\u00e7\u00e3o - CPAR - Campus de Parana\u00edba\",\"isPartOf\":{\"@id\":\"https:\/\/cpar.ufms.br\/#website\"},\"datePublished\":\"2020-06-16T13:57:52+00:00\",\"dateModified\":\"2020-06-16T17:35:07+00:00\",\"author\":{\"@id\":\"https:\/\/cpar.ufms.br\/#\/schema\/person\/e75a5c4d95c933476a42c9eed9d6d303\"},\"breadcrumb\":{\"@id\":\"https:\/\/cpar.ufms.br\/ufms-profissionalizante-oferta-bolsas-para-estudantes-de-administracao\/#breadcrumb\"},\"inLanguage\":\"en-US\",\"potentialAction\":[{\"@type\":\"ReadAction\",\"target\":[\"https:\/\/cpar.ufms.br\/ufms-profissionalizante-oferta-bolsas-para-estudantes-de-administracao\/\"]}]},{\"@type\":\"BreadcrumbList\",\"@id\":\"https:\/\/cpar.ufms.br\/ufms-profissionalizante-oferta-bolsas-para-estudantes-de-administracao\/#breadcrumb\",\"itemListElement\":[{\"@type\":\"ListItem\",\"position\":1,\"name\":\"In\u00edcio\",\"item\":\"https:\/\/cpar.ufms.br\/\"},{\"@type\":\"ListItem\",\"position\":2,\"name\":\"UFMS Profissionalizante oferta bolsas para estudantes de Administra\u00e7\u00e3o\"}]},{\"@type\":\"WebSite\",\"@id\":\"https:\/\/cpar.ufms.br\/#website\",\"url\":\"https:\/\/cpar.ufms.br\/\",\"name\":\"CPAR - Campus de Parana\u00edba\",\"description\":\"Universidade Federal de Mato Grosso do Sul\",\"potentialAction\":[{\"@type\":\"SearchAction\",\"target\":{\"@type\":\"EntryPoint\",\"urlTemplate\":\"https:\/\/cpar.ufms.br\/?s={search_term_string}\"},\"query-input\":{\"@type\":\"PropertyValueSpecification\",\"valueRequired\":true,\"valueName\":\"search_term_string\"}}],\"inLanguage\":\"en-US\"},{\"@type\":\"Person\",\"@id\":\"https:\/\/cpar.ufms.br\/#\/schema\/person\/e75a5c4d95c933476a42c9eed9d6d303\",\"name\":\"BRUNNA DE OLIVEIRA FREITAS\",\"image\":{\"@type\":\"ImageObject\",\"inLanguage\":\"en-US\",\"@id\":\"https:\/\/cpar.ufms.br\/#\/schema\/person\/image\/a5b1ee798b6a6714654635c4095dd105\",\"url\":\"https:\/\/secure.gravatar.com\/avatar\/0e568014b00d86ba9cccf606b7c7dc623dec5048de6cf896970c939fc6e3ddc4?s=96&d=mm&r=g\",\"contentUrl\":\"https:\/\/secure.gravatar.com\/avatar\/0e568014b00d86ba9cccf606b7c7dc623dec5048de6cf896970c939fc6e3ddc4?s=96&d=mm&r=g\",\"caption\":\"BRUNNA DE OLIVEIRA FREITAS\"},\"url\":\"https:\/\/cpar.ufms.br\/en\/author\/brunna-oliveira\/\"}]}<\/script>\n<!-- \/ Yoast SEO plugin. -->","yoast_head_json":{"title":"UFMS Profissionalizante oferta bolsas para estudantes de Administra\u00e7\u00e3o - CPAR - Campus de Parana\u00edba","robots":{"index":"index","follow":"follow","max-snippet":"max-snippet:-1","max-image-preview":"max-image-preview:large","max-video-preview":"max-video-preview:-1"},"canonical":"https:\/\/cpar.ufms.br\/ufms-profissionalizante-oferta-bolsas-para-estudantes-de-administracao\/","og_locale":"en_US","og_type":"article","og_title":"UFMS Profissionalizante oferta bolsas para estudantes de Administra\u00e7\u00e3o - CPAR - Campus de Parana\u00edba","og_description":"A a\u00e7\u00e3o UFMS Profissionalizante foi contemplada com cinco bolsas de extens\u00e3o pelo Edital PAEXT\/2020. O projeto ofertar\u00e1 um curso profissionalizante de administra\u00e7\u00e3o, que ter\u00e1 como professores os pr\u00f3prios estudantes do curso de Administra\u00e7\u00e3o do Campus de Parana\u00edba. Rafael Pazeto Alvarenga, professor e coordenador do projeto, explica que o curso ser\u00e1 ofertado no formato de Ensino [&hellip;]","og_url":"https:\/\/cpar.ufms.br\/ufms-profissionalizante-oferta-bolsas-para-estudantes-de-administracao\/","og_site_name":"CPAR - Campus de Parana\u00edba","article_published_time":"2020-06-16T13:57:52+00:00","article_modified_time":"2020-06-16T17:35:07+00:00","og_image":[{"width":2560,"height":1440,"url":"https:\/\/cpar.ufms.br\/files\/2020\/06\/Verde-e-Branco-Games-Canal-de-YouTube-Arte-1.jpg","type":"image\/jpeg"}],"author":"BRUNNA DE OLIVEIRA FREITAS","twitter_misc":{"Written by":"BRUNNA DE OLIVEIRA FREITAS","Est. reading time":"2 minutes"},"schema":{"@context":"https:\/\/schema.org","@graph":[{"@type":"WebPage","@id":"https:\/\/cpar.ufms.br\/ufms-profissionalizante-oferta-bolsas-para-estudantes-de-administracao\/","url":"https:\/\/cpar.ufms.br\/ufms-profissionalizante-oferta-bolsas-para-estudantes-de-administracao\/","name":"UFMS Profissionalizante oferta bolsas para estudantes de Administra\u00e7\u00e3o - CPAR - Campus de Parana\u00edba","isPartOf":{"@id":"https:\/\/cpar.ufms.br\/#website"},"datePublished":"2020-06-16T13:57:52+00:00","dateModified":"2020-06-16T17:35:07+00:00","author":{"@id":"https:\/\/cpar.ufms.br\/#\/schema\/person\/e75a5c4d95c933476a42c9eed9d6d303"},"breadcrumb":{"@id":"https:\/\/cpar.ufms.br\/ufms-profissionalizante-oferta-bolsas-para-estudantes-de-administracao\/#breadcrumb"},"inLanguage":"en-US","potentialAction":[{"@type":"ReadAction","target":["https:\/\/cpar.ufms.br\/ufms-profissionalizante-oferta-bolsas-para-estudantes-de-administracao\/"]}]},{"@type":"BreadcrumbList","@id":"https:\/\/cpar.ufms.br\/ufms-profissionalizante-oferta-bolsas-para-estudantes-de-administracao\/#breadcrumb","itemListElement":[{"@type":"ListItem","position":1,"name":"In\u00edcio","item":"https:\/\/cpar.ufms.br\/"},{"@type":"ListItem","position":2,"name":"UFMS Profissionalizante oferta bolsas para estudantes de Administra\u00e7\u00e3o"}]},{"@type":"WebSite","@id":"https:\/\/cpar.ufms.br\/#website","url":"https:\/\/cpar.ufms.br\/","name":"CPAR - Campus de Parana\u00edba","description":"Universidade Federal de Mato Grosso do Sul","potentialAction":[{"@type":"SearchAction","target":{"@type":"EntryPoint","urlTemplate":"https:\/\/cpar.ufms.br\/?s={search_term_string}"},"query-input":{"@type":"PropertyValueSpecification","valueRequired":true,"valueName":"search_term_string"}}],"inLanguage":"en-US"},{"@type":"Person","@id":"https:\/\/cpar.ufms.br\/#\/schema\/person\/e75a5c4d95c933476a42c9eed9d6d303","name":"BRUNNA DE OLIVEIRA FREITAS","image":{"@type":"ImageObject","inLanguage":"en-US","@id":"https:\/\/cpar.ufms.br\/#\/schema\/person\/image\/a5b1ee798b6a6714654635c4095dd105","url":"https:\/\/secure.gravatar.com\/avatar\/0e568014b00d86ba9cccf606b7c7dc623dec5048de6cf896970c939fc6e3ddc4?s=96&d=mm&r=g","contentUrl":"https:\/\/secure.gravatar.com\/avatar\/0e568014b00d86ba9cccf606b7c7dc623dec5048de6cf896970c939fc6e3ddc4?s=96&d=mm&r=g","caption":"BRUNNA DE OLIVEIRA FREITAS"},"url":"https:\/\/cpar.ufms.br\/en\/author\/brunna-oliveira\/"}]}},"_links":{"self":[{"href":"https:\/\/cpar.ufms.br\/en\/wp-json\/wp\/v2\/posts\/9863","targetHints":{"allow":["GET"]}}],"collection":[{"href":"https:\/\/cpar.ufms.br\/en\/wp-json\/wp\/v2\/posts"}],"about":[{"href":"https:\/\/cpar.ufms.br\/en\/wp-json\/wp\/v2\/types\/post"}],"author":[{"embeddable":true,"href":"https:\/\/cpar.ufms.br\/en\/wp-json\/wp\/v2\/users\/12416"}],"replies":[{"embeddable":true,"href":"https:\/\/cpar.ufms.br\/en\/wp-json\/wp\/v2\/comments?post=9863"}],"version-history":[{"count":2,"href":"https:\/\/cpar.ufms.br\/en\/wp-json\/wp\/v2\/posts\/9863\/revisions"}],"predecessor-version":[{"id":9867,"href":"https:\/\/cpar.ufms.br\/en\/wp-json\/wp\/v2\/posts\/9863\/revisions\/9867"}],"wp:attachment":[{"href":"https:\/\/cpar.ufms.br\/en\/wp-json\/wp\/v2\/media?parent=9863"}],"wp:term":[{"taxonomy":"category","embeddable":true,"href":"https:\/\/cpar.ufms.br\/en\/wp-json\/wp\/v2\/categories?post=9863"},{"taxonomy":"post_tag","embeddable":true,"href":"https:\/\/cpar.ufms.br\/en\/wp-json\/wp\/v2\/tags?post=9863"},{"taxonomy":"author","embeddable":true,"href":"https:\/\/cpar.ufms.br\/en\/wp-json\/wp\/v2\/coauthors?post=9863"}],"curies":[{"name":"wp","href":"https:\/\/api.w.org\/{rel}","templated":true}]}}