{"id":9898,"date":"2020-06-24T08:02:08","date_gmt":"2020-06-24T12:02:08","guid":{"rendered":"https:\/\/cpar.ufms.br\/?p=9898"},"modified":"2020-06-24T08:02:08","modified_gmt":"2020-06-24T12:02:08","slug":"relacao-dos-estudantes-habilitados-ao-recebimento-do-auxilio-inclusao-digital-2","status":"publish","type":"post","link":"https:\/\/cpar.ufms.br\/en\/relacao-dos-estudantes-habilitados-ao-recebimento-do-auxilio-inclusao-digital-2\/","title":{"rendered":"Rela\u00e7\u00e3o dos estudantes habilitados ao recebimento do Aux\u00edlio Inclus\u00e3o Digital"},"content":{"rendered":"<p style=\"text-align: justify\"><span class=\"fontstyle0\">A <\/span><span class=\"fontstyle2\">FUNDA\u00c7\u00c3O UNIVERSIDADE FEDERAL DE MATO GROSSO DO SUL <\/span><span class=\"fontstyle0\">(UFMS), por meio da Pr\u00f3-Reitoria de Assuntos Estudantis (Proaes), em parceria com a Ag\u00eancia de Tecnologia da Informa\u00e7\u00e3o e Comunica\u00e7\u00e3o (Agetic) e a Secretaria Especial de Educa\u00e7\u00e3o a Dist\u00e2ncia (Sead), no uso de suas atribui\u00e7\u00f5es legais, torna p\u00fablica a rela\u00e7\u00e3o dos estudantes habilitados ao recebimento do Aux\u00edlio Inclus\u00e3o Digital, de acordo com a Resolu\u00e7\u00e3o n\u00ba 59\/2020- CD, de 18 de junho de 2020. O recurso financeiro destinado a atender este Edital \u00e9 proveniente do Programa Nacional de Assist\u00eancia Estudantil (PNAES), regulamentado pelo Decreto n\u00ba 7.234, de 19 de julho de 2010.<\/span><\/p>\n<p>Confira a rela\u00e7\u00e3o de candidatos aprovados no Edital abaixo.<\/p>\n<p><a href=\"https:\/\/cpar.ufms.br\/files\/2020\/06\/EDITAL-PROAES_AGETIC_SEAD_UFMS-N-21-DE-23-DE-JUNHO-DE-2020.pdf\" target=\"_blank\" rel=\"noopener noreferrer\">Edital Proaes\/Agetic\/Sead\/UFMS n\u00b0 21, de 23 de junho de 2020.<\/a><\/p>\n<p>&nbsp;<\/p>\n","protected":false},"excerpt":{"rendered":"<p>A FUNDA\u00c7\u00c3O UNIVERSIDADE FEDERAL DE MATO GROSSO DO SUL (UFMS), por meio da Pr\u00f3-Reitoria de Assuntos Estudantis (Proaes), em parceria com a Ag\u00eancia de Tecnologia da Informa\u00e7\u00e3o e Comunica\u00e7\u00e3o (Agetic) e a Secretaria Especial de Educa\u00e7\u00e3o a Dist\u00e2ncia (Sead), no uso de suas atribui\u00e7\u00f5es legais, torna p\u00fablica a rela\u00e7\u00e3o dos estudantes habilitados ao recebimento do [&hellip;]<\/p>\n","protected":false},"author":12416,"featured_media":0,"comment_status":"closed","ping_status":"open","sticky":false,"template":"","format":"standard","meta":{"footnotes":""},"categories":[3,1],"tags":[],"coauthors":[],"class_list":["post-9898","post","type-post","status-publish","format-standard","hentry","category-fotos-imagens","category-noticias"],"yoast_head":"<!-- This site is optimized with the Yoast SEO plugin v26.2 - https:\/\/yoast.com\/wordpress\/plugins\/seo\/ -->\n<title>Rela\u00e7\u00e3o dos estudantes habilitados ao recebimento do Aux\u00edlio Inclus\u00e3o Digital - CPAR - Campus de Parana\u00edba<\/title>\n<meta name=\"robots\" content=\"index, follow, max-snippet:-1, max-image-preview:large, max-video-preview:-1\" \/>\n<link rel=\"canonical\" href=\"https:\/\/cpar.ufms.br\/relacao-dos-estudantes-habilitados-ao-recebimento-do-auxilio-inclusao-digital-2\/\" \/>\n<meta property=\"og:locale\" content=\"en_US\" \/>\n<meta property=\"og:type\" content=\"article\" \/>\n<meta property=\"og:title\" content=\"Rela\u00e7\u00e3o dos estudantes habilitados ao recebimento do Aux\u00edlio Inclus\u00e3o Digital - CPAR - Campus de Parana\u00edba\" \/>\n<meta property=\"og:description\" content=\"A FUNDA\u00c7\u00c3O UNIVERSIDADE FEDERAL DE MATO GROSSO DO SUL (UFMS), por meio da Pr\u00f3-Reitoria de Assuntos Estudantis (Proaes), em parceria com a Ag\u00eancia de Tecnologia da Informa\u00e7\u00e3o e Comunica\u00e7\u00e3o (Agetic) e a Secretaria Especial de Educa\u00e7\u00e3o a Dist\u00e2ncia (Sead), no uso de suas atribui\u00e7\u00f5es legais, torna p\u00fablica a rela\u00e7\u00e3o dos estudantes habilitados ao recebimento do [&hellip;]\" \/>\n<meta property=\"og:url\" content=\"https:\/\/cpar.ufms.br\/relacao-dos-estudantes-habilitados-ao-recebimento-do-auxilio-inclusao-digital-2\/\" \/>\n<meta property=\"og:site_name\" content=\"CPAR - Campus de Parana\u00edba\" \/>\n<meta property=\"article:published_time\" content=\"2020-06-24T12:02:08+00:00\" \/>\n<meta property=\"og:image\" content=\"https:\/\/cpar.ufms.br\/files\/2020\/06\/auxilio-digital.jpg\" \/>\n\t<meta property=\"og:image:width\" content=\"1182\" \/>\n\t<meta property=\"og:image:height\" content=\"710\" \/>\n\t<meta property=\"og:image:type\" content=\"image\/jpeg\" \/>\n<meta name=\"author\" content=\"BRUNNA DE OLIVEIRA FREITAS\" \/>\n<meta name=\"twitter:label1\" content=\"Written by\" \/>\n\t<meta name=\"twitter:data1\" content=\"BRUNNA DE OLIVEIRA FREITAS\" \/>\n\t<meta name=\"twitter:label2\" content=\"Est. reading time\" \/>\n\t<meta name=\"twitter:data2\" content=\"1 minute\" \/>\n<script type=\"application\/ld+json\" class=\"yoast-schema-graph\">{\"@context\":\"https:\/\/schema.org\",\"@graph\":[{\"@type\":\"WebPage\",\"@id\":\"https:\/\/cpar.ufms.br\/relacao-dos-estudantes-habilitados-ao-recebimento-do-auxilio-inclusao-digital-2\/\",\"url\":\"https:\/\/cpar.ufms.br\/relacao-dos-estudantes-habilitados-ao-recebimento-do-auxilio-inclusao-digital-2\/\",\"name\":\"Rela\u00e7\u00e3o dos estudantes habilitados ao recebimento do Aux\u00edlio Inclus\u00e3o Digital - CPAR - Campus de Parana\u00edba\",\"isPartOf\":{\"@id\":\"https:\/\/cpar.ufms.br\/#website\"},\"datePublished\":\"2020-06-24T12:02:08+00:00\",\"author\":{\"@id\":\"https:\/\/cpar.ufms.br\/#\/schema\/person\/e75a5c4d95c933476a42c9eed9d6d303\"},\"breadcrumb\":{\"@id\":\"https:\/\/cpar.ufms.br\/relacao-dos-estudantes-habilitados-ao-recebimento-do-auxilio-inclusao-digital-2\/#breadcrumb\"},\"inLanguage\":\"en-US\",\"potentialAction\":[{\"@type\":\"ReadAction\",\"target\":[\"https:\/\/cpar.ufms.br\/relacao-dos-estudantes-habilitados-ao-recebimento-do-auxilio-inclusao-digital-2\/\"]}]},{\"@type\":\"BreadcrumbList\",\"@id\":\"https:\/\/cpar.ufms.br\/relacao-dos-estudantes-habilitados-ao-recebimento-do-auxilio-inclusao-digital-2\/#breadcrumb\",\"itemListElement\":[{\"@type\":\"ListItem\",\"position\":1,\"name\":\"In\u00edcio\",\"item\":\"https:\/\/cpar.ufms.br\/\"},{\"@type\":\"ListItem\",\"position\":2,\"name\":\"Rela\u00e7\u00e3o dos estudantes habilitados ao recebimento do Aux\u00edlio Inclus\u00e3o Digital\"}]},{\"@type\":\"WebSite\",\"@id\":\"https:\/\/cpar.ufms.br\/#website\",\"url\":\"https:\/\/cpar.ufms.br\/\",\"name\":\"CPAR - Campus de Parana\u00edba\",\"description\":\"Universidade Federal de Mato Grosso do Sul\",\"potentialAction\":[{\"@type\":\"SearchAction\",\"target\":{\"@type\":\"EntryPoint\",\"urlTemplate\":\"https:\/\/cpar.ufms.br\/?s={search_term_string}\"},\"query-input\":{\"@type\":\"PropertyValueSpecification\",\"valueRequired\":true,\"valueName\":\"search_term_string\"}}],\"inLanguage\":\"en-US\"},{\"@type\":\"Person\",\"@id\":\"https:\/\/cpar.ufms.br\/#\/schema\/person\/e75a5c4d95c933476a42c9eed9d6d303\",\"name\":\"BRUNNA DE OLIVEIRA FREITAS\",\"image\":{\"@type\":\"ImageObject\",\"inLanguage\":\"en-US\",\"@id\":\"https:\/\/cpar.ufms.br\/#\/schema\/person\/image\/a5b1ee798b6a6714654635c4095dd105\",\"url\":\"https:\/\/secure.gravatar.com\/avatar\/0e568014b00d86ba9cccf606b7c7dc623dec5048de6cf896970c939fc6e3ddc4?s=96&d=mm&r=g\",\"contentUrl\":\"https:\/\/secure.gravatar.com\/avatar\/0e568014b00d86ba9cccf606b7c7dc623dec5048de6cf896970c939fc6e3ddc4?s=96&d=mm&r=g\",\"caption\":\"BRUNNA DE OLIVEIRA FREITAS\"},\"url\":\"https:\/\/cpar.ufms.br\/en\/author\/brunna-oliveira\/\"}]}<\/script>\n<!-- \/ Yoast SEO plugin. -->","yoast_head_json":{"title":"Rela\u00e7\u00e3o dos estudantes habilitados ao recebimento do Aux\u00edlio Inclus\u00e3o Digital - CPAR - Campus de Parana\u00edba","robots":{"index":"index","follow":"follow","max-snippet":"max-snippet:-1","max-image-preview":"max-image-preview:large","max-video-preview":"max-video-preview:-1"},"canonical":"https:\/\/cpar.ufms.br\/relacao-dos-estudantes-habilitados-ao-recebimento-do-auxilio-inclusao-digital-2\/","og_locale":"en_US","og_type":"article","og_title":"Rela\u00e7\u00e3o dos estudantes habilitados ao recebimento do Aux\u00edlio Inclus\u00e3o Digital - CPAR - Campus de Parana\u00edba","og_description":"A FUNDA\u00c7\u00c3O UNIVERSIDADE FEDERAL DE MATO GROSSO DO SUL (UFMS), por meio da Pr\u00f3-Reitoria de Assuntos Estudantis (Proaes), em parceria com a Ag\u00eancia de Tecnologia da Informa\u00e7\u00e3o e Comunica\u00e7\u00e3o (Agetic) e a Secretaria Especial de Educa\u00e7\u00e3o a Dist\u00e2ncia (Sead), no uso de suas atribui\u00e7\u00f5es legais, torna p\u00fablica a rela\u00e7\u00e3o dos estudantes habilitados ao recebimento do [&hellip;]","og_url":"https:\/\/cpar.ufms.br\/relacao-dos-estudantes-habilitados-ao-recebimento-do-auxilio-inclusao-digital-2\/","og_site_name":"CPAR - Campus de Parana\u00edba","article_published_time":"2020-06-24T12:02:08+00:00","og_image":[{"width":1182,"height":710,"url":"https:\/\/cpar.ufms.br\/files\/2020\/06\/auxilio-digital.jpg","type":"image\/jpeg"}],"author":"BRUNNA DE OLIVEIRA FREITAS","twitter_misc":{"Written by":"BRUNNA DE OLIVEIRA FREITAS","Est. reading time":"1 minute"},"schema":{"@context":"https:\/\/schema.org","@graph":[{"@type":"WebPage","@id":"https:\/\/cpar.ufms.br\/relacao-dos-estudantes-habilitados-ao-recebimento-do-auxilio-inclusao-digital-2\/","url":"https:\/\/cpar.ufms.br\/relacao-dos-estudantes-habilitados-ao-recebimento-do-auxilio-inclusao-digital-2\/","name":"Rela\u00e7\u00e3o dos estudantes habilitados ao recebimento do Aux\u00edlio Inclus\u00e3o Digital - CPAR - Campus de Parana\u00edba","isPartOf":{"@id":"https:\/\/cpar.ufms.br\/#website"},"datePublished":"2020-06-24T12:02:08+00:00","author":{"@id":"https:\/\/cpar.ufms.br\/#\/schema\/person\/e75a5c4d95c933476a42c9eed9d6d303"},"breadcrumb":{"@id":"https:\/\/cpar.ufms.br\/relacao-dos-estudantes-habilitados-ao-recebimento-do-auxilio-inclusao-digital-2\/#breadcrumb"},"inLanguage":"en-US","potentialAction":[{"@type":"ReadAction","target":["https:\/\/cpar.ufms.br\/relacao-dos-estudantes-habilitados-ao-recebimento-do-auxilio-inclusao-digital-2\/"]}]},{"@type":"BreadcrumbList","@id":"https:\/\/cpar.ufms.br\/relacao-dos-estudantes-habilitados-ao-recebimento-do-auxilio-inclusao-digital-2\/#breadcrumb","itemListElement":[{"@type":"ListItem","position":1,"name":"In\u00edcio","item":"https:\/\/cpar.ufms.br\/"},{"@type":"ListItem","position":2,"name":"Rela\u00e7\u00e3o dos estudantes habilitados ao recebimento do Aux\u00edlio Inclus\u00e3o Digital"}]},{"@type":"WebSite","@id":"https:\/\/cpar.ufms.br\/#website","url":"https:\/\/cpar.ufms.br\/","name":"CPAR - Campus de Parana\u00edba","description":"Universidade Federal de Mato Grosso do Sul","potentialAction":[{"@type":"SearchAction","target":{"@type":"EntryPoint","urlTemplate":"https:\/\/cpar.ufms.br\/?s={search_term_string}"},"query-input":{"@type":"PropertyValueSpecification","valueRequired":true,"valueName":"search_term_string"}}],"inLanguage":"en-US"},{"@type":"Person","@id":"https:\/\/cpar.ufms.br\/#\/schema\/person\/e75a5c4d95c933476a42c9eed9d6d303","name":"BRUNNA DE OLIVEIRA FREITAS","image":{"@type":"ImageObject","inLanguage":"en-US","@id":"https:\/\/cpar.ufms.br\/#\/schema\/person\/image\/a5b1ee798b6a6714654635c4095dd105","url":"https:\/\/secure.gravatar.com\/avatar\/0e568014b00d86ba9cccf606b7c7dc623dec5048de6cf896970c939fc6e3ddc4?s=96&d=mm&r=g","contentUrl":"https:\/\/secure.gravatar.com\/avatar\/0e568014b00d86ba9cccf606b7c7dc623dec5048de6cf896970c939fc6e3ddc4?s=96&d=mm&r=g","caption":"BRUNNA DE OLIVEIRA FREITAS"},"url":"https:\/\/cpar.ufms.br\/en\/author\/brunna-oliveira\/"}]}},"_links":{"self":[{"href":"https:\/\/cpar.ufms.br\/en\/wp-json\/wp\/v2\/posts\/9898","targetHints":{"allow":["GET"]}}],"collection":[{"href":"https:\/\/cpar.ufms.br\/en\/wp-json\/wp\/v2\/posts"}],"about":[{"href":"https:\/\/cpar.ufms.br\/en\/wp-json\/wp\/v2\/types\/post"}],"author":[{"embeddable":true,"href":"https:\/\/cpar.ufms.br\/en\/wp-json\/wp\/v2\/users\/12416"}],"replies":[{"embeddable":true,"href":"https:\/\/cpar.ufms.br\/en\/wp-json\/wp\/v2\/comments?post=9898"}],"version-history":[{"count":1,"href":"https:\/\/cpar.ufms.br\/en\/wp-json\/wp\/v2\/posts\/9898\/revisions"}],"predecessor-version":[{"id":9900,"href":"https:\/\/cpar.ufms.br\/en\/wp-json\/wp\/v2\/posts\/9898\/revisions\/9900"}],"wp:attachment":[{"href":"https:\/\/cpar.ufms.br\/en\/wp-json\/wp\/v2\/media?parent=9898"}],"wp:term":[{"taxonomy":"category","embeddable":true,"href":"https:\/\/cpar.ufms.br\/en\/wp-json\/wp\/v2\/categories?post=9898"},{"taxonomy":"post_tag","embeddable":true,"href":"https:\/\/cpar.ufms.br\/en\/wp-json\/wp\/v2\/tags?post=9898"},{"taxonomy":"author","embeddable":true,"href":"https:\/\/cpar.ufms.br\/en\/wp-json\/wp\/v2\/coauthors?post=9898"}],"curies":[{"name":"wp","href":"https:\/\/api.w.org\/{rel}","templated":true}]}}