{"id":9901,"date":"2020-06-25T07:45:35","date_gmt":"2020-06-25T11:45:35","guid":{"rendered":"https:\/\/cpar.ufms.br\/?p=9901"},"modified":"2020-06-25T07:45:35","modified_gmt":"2020-06-25T11:45:35","slug":"voce-na-universidade-realiza-orientacao-online-para-estudantes-do-ensino-medio","status":"publish","type":"post","link":"https:\/\/cpar.ufms.br\/en\/voce-na-universidade-realiza-orientacao-online-para-estudantes-do-ensino-medio\/","title":{"rendered":"\u201cVoc\u00ea na Universidade\u201d realiza orienta\u00e7\u00e3o online para estudantes do Ensino M\u00e9dio"},"content":{"rendered":"<p style=\"text-align: justify\">\u201cVoc\u00ea na Universidade Federal de Mato Grosso do Sul: visita\u00e7\u00e3o e orienta\u00e7\u00e3o no Campus de Parana\u00edba\u201d \u00e9 um projeto de extens\u00e3o realizado desde 2016 com o objetivo de aproximar o estudante do Ensino M\u00e9dio da Universidade e, dessa forma, estimular a reflex\u00e3o sobre a escolha profissional.<\/p>\n<p style=\"text-align: justify\">Na visita ao campus os acad\u00eamicos que participam do projeto apresentam os cursos existentes, as diversas formas de ingresso no Ensino Superior e os benef\u00edcios para perman\u00eancia na Universidade, como os aux\u00edlios estudantis. Al\u00e9m disso, os estudantes do Ensino M\u00e9dio conhecem as formas de ingresso espec\u00edficas da UFMS, como o PASSE, e tamb\u00e9m s\u00e3o esclarecidas d\u00favidas sobre o cursinho pr\u00e9-vestibular da institui\u00e7\u00e3o.<\/p>\n<p style=\"text-align: justify\">Desde in\u00edcio o projeto promove visitas dos alunos de diversas escolas p\u00fablicas da cidade ao CPAR. Nessa visita, eles conversam sobre os planos para o futuro, as escolhas profissionais que pretendem fazer, al\u00e9m de discutirem sobre as possibilidades para a gradua\u00e7\u00e3o de acordo com o sonho de cada um. Entretanto, devido a pandemia de Covid-19, o projeto teve que se adequar a realidade e desenvolver atividades que respeitem o isolamento social recomendado pelas organiza\u00e7\u00f5es de sa\u00fade.<\/p>\n<p style=\"text-align: justify\">\u201cA proposta \u00e9 continuar na divulga\u00e7\u00e3o das formas de ingresso na Universidade, por\u00e9m n\u00e3o mais atrav\u00e9s de visitas presenciais, mas utilizar outros recursos eletr\u00f4nicos para divulgar aos alunos do Ensino M\u00e9dio as formas de ingresso pertencentes \u00e0s pol\u00edticas afirmativas.\u00a0Para isso, criaremos uma p\u00e1gina no Instagram, j\u00e1 temos uma no Facebook e tamb\u00e9m estamos utilizando o WhatsApp, que ser\u00e1 o canal de contato com os alunos. Nossas parcerias continuam sendo as escolas p\u00fablicas da regi\u00e3o de Parana\u00edba\u201d, explica Ana Cl\u00e1udia dos Santos, professora de Psicologia e coordenadora da a\u00e7\u00e3o.<\/p>\n<p style=\"text-align: justify\">A professora conta que as redes sociais ser\u00e3o abastecidas com informa\u00e7\u00f5es sobre o ingresso na Universidade e de conhecimentos necess\u00e1rios para realiza\u00e7\u00e3o dos processos seletivos. \u201cTalvez exerc\u00edcios, temas de reda\u00e7\u00e3o de outros anos das\u00a0provas do Enem e a discuss\u00e3o importante sobre a\u00a0escolha profissional ou sobre o processo de tomada de decis\u00e3o de uma profiss\u00e3o. \u00c9 importante fazer essa discuss\u00e3o com os alunos, abrir um canal de comunica\u00e7\u00e3o e levar informa\u00e7\u00e3o para os jovens\u201d.<\/p>\n<p style=\"text-align: justify\">De acordo com Ana Cl\u00e1udia, o objetivo \u00e9 construir uma rede de informa\u00e7\u00e3o junto aos alunos do Ensino M\u00e9dio para colaborar com esse momento em que muitas decis\u00f5es s\u00e3o tomadas. \u201cAs escolas p\u00fablicas da cidade, a comunidade acad\u00eamica em geral e a comunidade da cidade devem fazer parte dessa rede. A proposta \u00e9 construir pontes utilizando a tecnologia para contato com os alunos e a comunidade em geral\u201d, afirma.<\/p>\n<p style=\"text-align: justify\">Esse ano o projeto est\u00e1 ofertando duas vagas para bolsistas e os candidatos podem estar matriculados em qualquer curso do CPAR. O trabalho de cria\u00e7\u00e3o, desenvolvimento das p\u00e1ginas e abastecimento constante com informa\u00e7\u00f5es que ser\u00e3o desenvolvidas em equipe deve ser feito por esses bolsistas, explica Ana Cl\u00e1udia.<\/p>\n<p style=\"text-align: justify\">As inscri\u00e7\u00f5es encerram hoje, dia <strong>25 de julho<\/strong>. Para mais informa\u00e7\u00f5es\u00a0<a href=\"https:\/\/cpar.ufms.br\/selecao-de-bolsista-para-atuar-em-acao-de-extensao-14-vagas\/\" target=\"_blank\" rel=\"noopener noreferrer\">clique aqui. <\/a><\/p>\n<p style=\"text-align: justify\"><strong>\u00a0<em>Brunna Oliveira \u2013 estagi\u00e1ria da Agecom no CPAR<\/em><\/strong><\/p>\n<p>&nbsp;<\/p>\n","protected":false},"excerpt":{"rendered":"<p>\u201cVoc\u00ea na Universidade Federal de Mato Grosso do Sul: visita\u00e7\u00e3o e orienta\u00e7\u00e3o no Campus de Parana\u00edba\u201d \u00e9 um projeto de extens\u00e3o realizado desde 2016 com o objetivo de aproximar o estudante do Ensino M\u00e9dio da Universidade e, dessa forma, estimular a reflex\u00e3o sobre a escolha profissional. Na visita ao campus os acad\u00eamicos que participam do [&hellip;]<\/p>\n","protected":false},"author":12416,"featured_media":0,"comment_status":"closed","ping_status":"open","sticky":false,"template":"","format":"standard","meta":{"footnotes":""},"categories":[3,1],"tags":[],"coauthors":[],"class_list":["post-9901","post","type-post","status-publish","format-standard","hentry","category-fotos-imagens","category-noticias"],"yoast_head":"<!-- This site is optimized with the Yoast SEO plugin v26.2 - https:\/\/yoast.com\/wordpress\/plugins\/seo\/ -->\n<title>\u201cVoc\u00ea na Universidade\u201d realiza orienta\u00e7\u00e3o online para estudantes do Ensino M\u00e9dio - CPAR - Campus de Parana\u00edba<\/title>\n<meta name=\"robots\" content=\"index, follow, max-snippet:-1, max-image-preview:large, max-video-preview:-1\" \/>\n<link rel=\"canonical\" href=\"https:\/\/cpar.ufms.br\/voce-na-universidade-realiza-orientacao-online-para-estudantes-do-ensino-medio\/\" \/>\n<meta property=\"og:locale\" content=\"en_US\" \/>\n<meta property=\"og:type\" content=\"article\" \/>\n<meta property=\"og:title\" content=\"\u201cVoc\u00ea na Universidade\u201d realiza orienta\u00e7\u00e3o online para estudantes do Ensino M\u00e9dio - CPAR - Campus de Parana\u00edba\" \/>\n<meta property=\"og:description\" content=\"\u201cVoc\u00ea na Universidade Federal de Mato Grosso do Sul: visita\u00e7\u00e3o e orienta\u00e7\u00e3o no Campus de Parana\u00edba\u201d \u00e9 um projeto de extens\u00e3o realizado desde 2016 com o objetivo de aproximar o estudante do Ensino M\u00e9dio da Universidade e, dessa forma, estimular a reflex\u00e3o sobre a escolha profissional. Na visita ao campus os acad\u00eamicos que participam do [&hellip;]\" \/>\n<meta property=\"og:url\" content=\"https:\/\/cpar.ufms.br\/voce-na-universidade-realiza-orientacao-online-para-estudantes-do-ensino-medio\/\" \/>\n<meta property=\"og:site_name\" content=\"CPAR - Campus de Parana\u00edba\" \/>\n<meta property=\"article:published_time\" content=\"2020-06-25T11:45:35+00:00\" \/>\n<meta property=\"og:image\" content=\"https:\/\/cpar.ufms.br\/files\/2020\/06\/4.jpg\" \/>\n\t<meta property=\"og:image:width\" content=\"1280\" \/>\n\t<meta property=\"og:image:height\" content=\"960\" \/>\n\t<meta property=\"og:image:type\" content=\"image\/jpeg\" \/>\n<meta name=\"author\" content=\"BRUNNA DE OLIVEIRA FREITAS\" \/>\n<meta name=\"twitter:label1\" content=\"Written by\" \/>\n\t<meta name=\"twitter:data1\" content=\"BRUNNA DE OLIVEIRA FREITAS\" \/>\n\t<meta name=\"twitter:label2\" content=\"Est. reading time\" \/>\n\t<meta name=\"twitter:data2\" content=\"3 minutes\" \/>\n<script type=\"application\/ld+json\" class=\"yoast-schema-graph\">{\"@context\":\"https:\/\/schema.org\",\"@graph\":[{\"@type\":\"WebPage\",\"@id\":\"https:\/\/cpar.ufms.br\/voce-na-universidade-realiza-orientacao-online-para-estudantes-do-ensino-medio\/\",\"url\":\"https:\/\/cpar.ufms.br\/voce-na-universidade-realiza-orientacao-online-para-estudantes-do-ensino-medio\/\",\"name\":\"\u201cVoc\u00ea na Universidade\u201d realiza orienta\u00e7\u00e3o online para estudantes do Ensino M\u00e9dio - CPAR - Campus de Parana\u00edba\",\"isPartOf\":{\"@id\":\"https:\/\/cpar.ufms.br\/#website\"},\"datePublished\":\"2020-06-25T11:45:35+00:00\",\"author\":{\"@id\":\"https:\/\/cpar.ufms.br\/#\/schema\/person\/e75a5c4d95c933476a42c9eed9d6d303\"},\"breadcrumb\":{\"@id\":\"https:\/\/cpar.ufms.br\/voce-na-universidade-realiza-orientacao-online-para-estudantes-do-ensino-medio\/#breadcrumb\"},\"inLanguage\":\"en-US\",\"potentialAction\":[{\"@type\":\"ReadAction\",\"target\":[\"https:\/\/cpar.ufms.br\/voce-na-universidade-realiza-orientacao-online-para-estudantes-do-ensino-medio\/\"]}]},{\"@type\":\"BreadcrumbList\",\"@id\":\"https:\/\/cpar.ufms.br\/voce-na-universidade-realiza-orientacao-online-para-estudantes-do-ensino-medio\/#breadcrumb\",\"itemListElement\":[{\"@type\":\"ListItem\",\"position\":1,\"name\":\"In\u00edcio\",\"item\":\"https:\/\/cpar.ufms.br\/\"},{\"@type\":\"ListItem\",\"position\":2,\"name\":\"\u201cVoc\u00ea na Universidade\u201d realiza orienta\u00e7\u00e3o online para estudantes do Ensino M\u00e9dio\"}]},{\"@type\":\"WebSite\",\"@id\":\"https:\/\/cpar.ufms.br\/#website\",\"url\":\"https:\/\/cpar.ufms.br\/\",\"name\":\"CPAR - Campus de Parana\u00edba\",\"description\":\"Universidade Federal de Mato Grosso do Sul\",\"potentialAction\":[{\"@type\":\"SearchAction\",\"target\":{\"@type\":\"EntryPoint\",\"urlTemplate\":\"https:\/\/cpar.ufms.br\/?s={search_term_string}\"},\"query-input\":{\"@type\":\"PropertyValueSpecification\",\"valueRequired\":true,\"valueName\":\"search_term_string\"}}],\"inLanguage\":\"en-US\"},{\"@type\":\"Person\",\"@id\":\"https:\/\/cpar.ufms.br\/#\/schema\/person\/e75a5c4d95c933476a42c9eed9d6d303\",\"name\":\"BRUNNA DE OLIVEIRA FREITAS\",\"image\":{\"@type\":\"ImageObject\",\"inLanguage\":\"en-US\",\"@id\":\"https:\/\/cpar.ufms.br\/#\/schema\/person\/image\/a5b1ee798b6a6714654635c4095dd105\",\"url\":\"https:\/\/secure.gravatar.com\/avatar\/0e568014b00d86ba9cccf606b7c7dc623dec5048de6cf896970c939fc6e3ddc4?s=96&d=mm&r=g\",\"contentUrl\":\"https:\/\/secure.gravatar.com\/avatar\/0e568014b00d86ba9cccf606b7c7dc623dec5048de6cf896970c939fc6e3ddc4?s=96&d=mm&r=g\",\"caption\":\"BRUNNA DE OLIVEIRA FREITAS\"},\"url\":\"https:\/\/cpar.ufms.br\/en\/author\/brunna-oliveira\/\"}]}<\/script>\n<!-- \/ Yoast SEO plugin. -->","yoast_head_json":{"title":"\u201cVoc\u00ea na Universidade\u201d realiza orienta\u00e7\u00e3o online para estudantes do Ensino M\u00e9dio - CPAR - Campus de Parana\u00edba","robots":{"index":"index","follow":"follow","max-snippet":"max-snippet:-1","max-image-preview":"max-image-preview:large","max-video-preview":"max-video-preview:-1"},"canonical":"https:\/\/cpar.ufms.br\/voce-na-universidade-realiza-orientacao-online-para-estudantes-do-ensino-medio\/","og_locale":"en_US","og_type":"article","og_title":"\u201cVoc\u00ea na Universidade\u201d realiza orienta\u00e7\u00e3o online para estudantes do Ensino M\u00e9dio - CPAR - Campus de Parana\u00edba","og_description":"\u201cVoc\u00ea na Universidade Federal de Mato Grosso do Sul: visita\u00e7\u00e3o e orienta\u00e7\u00e3o no Campus de Parana\u00edba\u201d \u00e9 um projeto de extens\u00e3o realizado desde 2016 com o objetivo de aproximar o estudante do Ensino M\u00e9dio da Universidade e, dessa forma, estimular a reflex\u00e3o sobre a escolha profissional. Na visita ao campus os acad\u00eamicos que participam do [&hellip;]","og_url":"https:\/\/cpar.ufms.br\/voce-na-universidade-realiza-orientacao-online-para-estudantes-do-ensino-medio\/","og_site_name":"CPAR - Campus de Parana\u00edba","article_published_time":"2020-06-25T11:45:35+00:00","og_image":[{"width":1280,"height":960,"url":"https:\/\/cpar.ufms.br\/files\/2020\/06\/4.jpg","type":"image\/jpeg"}],"author":"BRUNNA DE OLIVEIRA FREITAS","twitter_misc":{"Written by":"BRUNNA DE OLIVEIRA FREITAS","Est. reading time":"3 minutes"},"schema":{"@context":"https:\/\/schema.org","@graph":[{"@type":"WebPage","@id":"https:\/\/cpar.ufms.br\/voce-na-universidade-realiza-orientacao-online-para-estudantes-do-ensino-medio\/","url":"https:\/\/cpar.ufms.br\/voce-na-universidade-realiza-orientacao-online-para-estudantes-do-ensino-medio\/","name":"\u201cVoc\u00ea na Universidade\u201d realiza orienta\u00e7\u00e3o online para estudantes do Ensino M\u00e9dio - CPAR - Campus de Parana\u00edba","isPartOf":{"@id":"https:\/\/cpar.ufms.br\/#website"},"datePublished":"2020-06-25T11:45:35+00:00","author":{"@id":"https:\/\/cpar.ufms.br\/#\/schema\/person\/e75a5c4d95c933476a42c9eed9d6d303"},"breadcrumb":{"@id":"https:\/\/cpar.ufms.br\/voce-na-universidade-realiza-orientacao-online-para-estudantes-do-ensino-medio\/#breadcrumb"},"inLanguage":"en-US","potentialAction":[{"@type":"ReadAction","target":["https:\/\/cpar.ufms.br\/voce-na-universidade-realiza-orientacao-online-para-estudantes-do-ensino-medio\/"]}]},{"@type":"BreadcrumbList","@id":"https:\/\/cpar.ufms.br\/voce-na-universidade-realiza-orientacao-online-para-estudantes-do-ensino-medio\/#breadcrumb","itemListElement":[{"@type":"ListItem","position":1,"name":"In\u00edcio","item":"https:\/\/cpar.ufms.br\/"},{"@type":"ListItem","position":2,"name":"\u201cVoc\u00ea na Universidade\u201d realiza orienta\u00e7\u00e3o online para estudantes do Ensino M\u00e9dio"}]},{"@type":"WebSite","@id":"https:\/\/cpar.ufms.br\/#website","url":"https:\/\/cpar.ufms.br\/","name":"CPAR - Campus de Parana\u00edba","description":"Universidade Federal de Mato Grosso do Sul","potentialAction":[{"@type":"SearchAction","target":{"@type":"EntryPoint","urlTemplate":"https:\/\/cpar.ufms.br\/?s={search_term_string}"},"query-input":{"@type":"PropertyValueSpecification","valueRequired":true,"valueName":"search_term_string"}}],"inLanguage":"en-US"},{"@type":"Person","@id":"https:\/\/cpar.ufms.br\/#\/schema\/person\/e75a5c4d95c933476a42c9eed9d6d303","name":"BRUNNA DE OLIVEIRA FREITAS","image":{"@type":"ImageObject","inLanguage":"en-US","@id":"https:\/\/cpar.ufms.br\/#\/schema\/person\/image\/a5b1ee798b6a6714654635c4095dd105","url":"https:\/\/secure.gravatar.com\/avatar\/0e568014b00d86ba9cccf606b7c7dc623dec5048de6cf896970c939fc6e3ddc4?s=96&d=mm&r=g","contentUrl":"https:\/\/secure.gravatar.com\/avatar\/0e568014b00d86ba9cccf606b7c7dc623dec5048de6cf896970c939fc6e3ddc4?s=96&d=mm&r=g","caption":"BRUNNA DE OLIVEIRA FREITAS"},"url":"https:\/\/cpar.ufms.br\/en\/author\/brunna-oliveira\/"}]}},"_links":{"self":[{"href":"https:\/\/cpar.ufms.br\/en\/wp-json\/wp\/v2\/posts\/9901","targetHints":{"allow":["GET"]}}],"collection":[{"href":"https:\/\/cpar.ufms.br\/en\/wp-json\/wp\/v2\/posts"}],"about":[{"href":"https:\/\/cpar.ufms.br\/en\/wp-json\/wp\/v2\/types\/post"}],"author":[{"embeddable":true,"href":"https:\/\/cpar.ufms.br\/en\/wp-json\/wp\/v2\/users\/12416"}],"replies":[{"embeddable":true,"href":"https:\/\/cpar.ufms.br\/en\/wp-json\/wp\/v2\/comments?post=9901"}],"version-history":[{"count":1,"href":"https:\/\/cpar.ufms.br\/en\/wp-json\/wp\/v2\/posts\/9901\/revisions"}],"predecessor-version":[{"id":9903,"href":"https:\/\/cpar.ufms.br\/en\/wp-json\/wp\/v2\/posts\/9901\/revisions\/9903"}],"wp:attachment":[{"href":"https:\/\/cpar.ufms.br\/en\/wp-json\/wp\/v2\/media?parent=9901"}],"wp:term":[{"taxonomy":"category","embeddable":true,"href":"https:\/\/cpar.ufms.br\/en\/wp-json\/wp\/v2\/categories?post=9901"},{"taxonomy":"post_tag","embeddable":true,"href":"https:\/\/cpar.ufms.br\/en\/wp-json\/wp\/v2\/tags?post=9901"},{"taxonomy":"author","embeddable":true,"href":"https:\/\/cpar.ufms.br\/en\/wp-json\/wp\/v2\/coauthors?post=9901"}],"curies":[{"name":"wp","href":"https:\/\/api.w.org\/{rel}","templated":true}]}}