{"id":9944,"date":"2020-06-29T10:19:50","date_gmt":"2020-06-29T14:19:50","guid":{"rendered":"https:\/\/cpar.ufms.br\/?p=9944"},"modified":"2020-06-29T10:22:24","modified_gmt":"2020-06-29T14:22:24","slug":"plano-de-biosseguranca-do-campus-e-aprovado","status":"publish","type":"post","link":"https:\/\/cpar.ufms.br\/en\/plano-de-biosseguranca-do-campus-e-aprovado\/","title":{"rendered":"Plano de Biosseguran\u00e7a do campus \u00e9 aprovado"},"content":{"rendered":"<p style=\"text-align: justify\">Com a pandemia da Covid-19, diversos h\u00e1bitos di\u00e1rios se modificaram, empresas e institui\u00e7\u00f5es tiveram que se adaptar \u00e0s condi\u00e7\u00f5es impostas pela r\u00e1pida transmiss\u00e3o do coronav\u00edrus. Entre elas, as universidades que para manter as atividades em funcionamento substitu\u00edram as a\u00e7\u00f5es presenciais que n\u00e3o possu\u00edam car\u00e1ter de urg\u00eancia pelo teletrabalho e estudo com aux\u00edlio das Tecnologias da Informa\u00e7\u00e3o e Comunica\u00e7\u00e3o (TICs).<\/p>\n<p style=\"text-align: justify\">Para programar o retorno \u00e0s atividades presenciais, as unidades da UFMS precisaram planejar a maneira mais adequada e segura, conforme recomenda\u00e7\u00f5es do Comit\u00ea Operativo de Emerg\u00eancia da UFMS. Assim, cada campus teve que criar um Plano de Biosseguran\u00e7a contemplando as caracter\u00edsticas da unidade, contendo normas norteadoras das atividades a serem desenvolvidas pelos servidores e estudantes, tanto presenciais, como remotamente.<\/p>\n<p style=\"text-align: justify\">Sob responsabilidade de uma comiss\u00e3o criada especificamente para esse fim, o campus de Parana\u00edba elaborou seu Plano de Biosseguran\u00e7a, que foi aprovado no \u00faltimo dia 24 de junho. A presidente da Comiss\u00e3o do campus e bioterista Anahi Souto explica que no documento constam medidas para prevenir, controlar, reduzir ou eliminar riscos \u00e0s atividades que possa comprometer a sa\u00fade humana, animal e do meio ambiente. \u201cO Plano de Biosseguran\u00e7a do campus de Parana\u00edba\u00a0foi estabelecido para que sejam adotadas medidas voltadas para a\u00e7\u00f5es de preven\u00e7\u00e3o, minimiza\u00e7\u00e3o ou elimina\u00e7\u00e3o de riscos inerentes \u00e0s atividades administrativas e acad\u00eamicas, que pudessem comprometer a sa\u00fade dos servidores e estudantes, em decorr\u00eancia da Covid-19\u201d, destaca.<\/p>\n<p style=\"text-align: justify\">Anahi aponta que enquanto n\u00e3o houver uma vacina para o novo coronav\u00edrus, as atividades n\u00e3o devem retornar \u00e0 forma como eram desenvolvidas antes da pandemia, pois mesmo quando houver baixo risco de cont\u00e1gio ainda ser\u00e1 preciso tomar todos os cuidados poss\u00edveis. Assim, este plano define a maneira como as tarefas devem ser executadas enquanto durar a pandemia.<\/p>\n<p style=\"text-align: justify\">A presidente da comiss\u00e3o explica que o COE determinou que o plano contemplasse tr\u00eas cen\u00e1rios de contamina\u00e7\u00e3o da Covid-19: alto, m\u00e9dio e baixo. \u201cNo documento constam protocolos que devem ser seguidos em qualquer um desses cen\u00e1rios em caso de atividades necessariamente precisam ser desenvolvidas de forma presencial\u201d, conta a Anahi.<\/p>\n<p style=\"text-align: justify\">Ela ressalta que as aulas continuam a ser ministradas com o uso das TICs e a retomada de aulas s\u00f3 ocorrer\u00e1 caso seja extremamente necess\u00e1rio e visando atender aos estudantes que est\u00e3o no \u00faltimo semestre. \u201cTodas as atividades presenciais est\u00e3o sendo previstas em caso de baixa probabilidade de cont\u00e1gio. Se, por alguma eventualidade, o cen\u00e1rio altere-se para m\u00e9dio ou alto risco, j\u00e1 temos descritos os protocolos que precisaremos seguir para execu\u00e7\u00e3o das mesmas\u201d, explica a presidente da comiss\u00e3o.<\/p>\n<p style=\"text-align: justify\">As mudan\u00e7as previstas no plano foram baseadas em distanciamento social, uso de EPIs e higieniza\u00e7\u00e3o. \u201cNas salas de aula vamos precisar manter um distanciamento de 1,5 metros, alunos e professores precisam usar m\u00e1scara obrigatoriamente, todos devem fazer uso do \u00e1lcool 70%, pois ou entrarem e ao sair da sala de aula ter\u00e3o que higienizar as carteiras utilizadas. Os comportamentos devem ser modificados, pois n\u00e3o ser\u00e3o permitidas aglomera\u00e7\u00f5es nas \u00e1reas externas. As salas de aulas no baixo risco s\u00f3 v\u00e3o comportar 16 pessoas, pra conseguir manter esse distanciamento. O uso de m\u00e1scara, no espa\u00e7o interno e externos, e \u00e1lcool deve permanecer at\u00e9 o final do ano, independentemente da probabilidade de cont\u00e1gio\u201d, explica Anahi.<\/p>\n<p style=\"text-align: justify\">A COE divulga semanalmente a an\u00e1lise do cen\u00e1rio da Covid-19 no estado, com a classe de risco dos munic\u00edpios nos quais est\u00e3o localizados os c\u00e2mpus da UFMS. Atualmente, Parana\u00edba est\u00e1 classificada como alto risco. Anahi explica que essa situa\u00e7\u00e3o \u00e9 muito inst\u00e1vel e pode mudar semanalmente, por isso a import\u00e2ncia de um plano que guie as a\u00e7\u00f5es em um momento de incertezas di\u00e1rias.<\/p>\n<p style=\"text-align: justify\">Para acompanhar a an\u00e1lise do cen\u00e1rio da Covid-19 em Mato Grosso do Sul\u00a0<a href=\"https:\/\/www.ufms.br\/coronavirus\/analise-de-cenario-da-covid-19\/\" target=\"_blank\" rel=\"noopener noreferrer\">clique aqui.<\/a><\/p>\n<p style=\"text-align: justify\"><a href=\"https:\/\/cpar.ufms.br\/files\/2020\/06\/Plano-de-Biosseguran%C3%A7a.pdf\" target=\"_blank\" rel=\"noopener noreferrer\">Plano de Biosseguran\u00e7a do CPAR<\/a><\/p>\n<p style=\"text-align: justify\"><a href=\"https:\/\/www.ufms.br\/wp-content\/uploads\/2020\/05\/Plano-de-Biosseguran%C3%A7a-da-UFMS-4.pdf\" target=\"_blank\" rel=\"noopener noreferrer\">Plano de Biosseguran\u00e7a da UFMS <\/a><\/p>\n<p style=\"text-align: justify\"><strong>Brunna Oliveira &#8211; estagi\u00e1ria da Agecom no CPAR<\/strong><\/p>\n","protected":false},"excerpt":{"rendered":"<p>Com a pandemia da Covid-19, diversos h\u00e1bitos di\u00e1rios se modificaram, empresas e institui\u00e7\u00f5es tiveram que se adaptar \u00e0s condi\u00e7\u00f5es impostas pela r\u00e1pida transmiss\u00e3o do coronav\u00edrus. Entre elas, as universidades que para manter as atividades em funcionamento substitu\u00edram as a\u00e7\u00f5es presenciais que n\u00e3o possu\u00edam car\u00e1ter de urg\u00eancia pelo teletrabalho e estudo com aux\u00edlio das Tecnologias da [&hellip;]<\/p>\n","protected":false},"author":12416,"featured_media":0,"comment_status":"closed","ping_status":"open","sticky":false,"template":"","format":"standard","meta":{"footnotes":""},"categories":[3,1],"tags":[],"coauthors":[],"class_list":["post-9944","post","type-post","status-publish","format-standard","hentry","category-fotos-imagens","category-noticias"],"yoast_head":"<!-- This site is optimized with the Yoast SEO plugin v26.2 - https:\/\/yoast.com\/wordpress\/plugins\/seo\/ -->\n<title>Plano de Biosseguran\u00e7a do campus \u00e9 aprovado - CPAR - Campus de Parana\u00edba<\/title>\n<meta name=\"robots\" content=\"index, follow, max-snippet:-1, max-image-preview:large, max-video-preview:-1\" \/>\n<link rel=\"canonical\" href=\"https:\/\/cpar.ufms.br\/plano-de-biosseguranca-do-campus-e-aprovado\/\" \/>\n<meta property=\"og:locale\" content=\"en_US\" \/>\n<meta property=\"og:type\" content=\"article\" \/>\n<meta property=\"og:title\" content=\"Plano de Biosseguran\u00e7a do campus \u00e9 aprovado - CPAR - Campus de Parana\u00edba\" \/>\n<meta property=\"og:description\" content=\"Com a pandemia da Covid-19, diversos h\u00e1bitos di\u00e1rios se modificaram, empresas e institui\u00e7\u00f5es tiveram que se adaptar \u00e0s condi\u00e7\u00f5es impostas pela r\u00e1pida transmiss\u00e3o do coronav\u00edrus. Entre elas, as universidades que para manter as atividades em funcionamento substitu\u00edram as a\u00e7\u00f5es presenciais que n\u00e3o possu\u00edam car\u00e1ter de urg\u00eancia pelo teletrabalho e estudo com aux\u00edlio das Tecnologias da [&hellip;]\" \/>\n<meta property=\"og:url\" content=\"https:\/\/cpar.ufms.br\/plano-de-biosseguranca-do-campus-e-aprovado\/\" \/>\n<meta property=\"og:site_name\" content=\"CPAR - Campus de Parana\u00edba\" \/>\n<meta property=\"article:published_time\" content=\"2020-06-29T14:19:50+00:00\" \/>\n<meta property=\"article:modified_time\" content=\"2020-06-29T14:22:24+00:00\" \/>\n<meta property=\"og:image\" content=\"https:\/\/cpar.ufms.br\/files\/2020\/06\/C\u00e2mpus-de-Parana\u00edba-1024x636.jpg\" \/>\n\t<meta property=\"og:image:width\" content=\"1024\" \/>\n\t<meta property=\"og:image:height\" content=\"636\" \/>\n\t<meta property=\"og:image:type\" content=\"image\/jpeg\" \/>\n<meta name=\"author\" content=\"BRUNNA DE OLIVEIRA FREITAS\" \/>\n<meta name=\"twitter:label1\" content=\"Written by\" \/>\n\t<meta name=\"twitter:data1\" content=\"BRUNNA DE OLIVEIRA FREITAS\" \/>\n\t<meta name=\"twitter:label2\" content=\"Est. reading time\" \/>\n\t<meta name=\"twitter:data2\" content=\"3 minutes\" \/>\n<script type=\"application\/ld+json\" class=\"yoast-schema-graph\">{\"@context\":\"https:\/\/schema.org\",\"@graph\":[{\"@type\":\"WebPage\",\"@id\":\"https:\/\/cpar.ufms.br\/plano-de-biosseguranca-do-campus-e-aprovado\/\",\"url\":\"https:\/\/cpar.ufms.br\/plano-de-biosseguranca-do-campus-e-aprovado\/\",\"name\":\"Plano de Biosseguran\u00e7a do campus \u00e9 aprovado - CPAR - Campus de Parana\u00edba\",\"isPartOf\":{\"@id\":\"https:\/\/cpar.ufms.br\/#website\"},\"datePublished\":\"2020-06-29T14:19:50+00:00\",\"dateModified\":\"2020-06-29T14:22:24+00:00\",\"author\":{\"@id\":\"https:\/\/cpar.ufms.br\/#\/schema\/person\/e75a5c4d95c933476a42c9eed9d6d303\"},\"breadcrumb\":{\"@id\":\"https:\/\/cpar.ufms.br\/plano-de-biosseguranca-do-campus-e-aprovado\/#breadcrumb\"},\"inLanguage\":\"en-US\",\"potentialAction\":[{\"@type\":\"ReadAction\",\"target\":[\"https:\/\/cpar.ufms.br\/plano-de-biosseguranca-do-campus-e-aprovado\/\"]}]},{\"@type\":\"BreadcrumbList\",\"@id\":\"https:\/\/cpar.ufms.br\/plano-de-biosseguranca-do-campus-e-aprovado\/#breadcrumb\",\"itemListElement\":[{\"@type\":\"ListItem\",\"position\":1,\"name\":\"In\u00edcio\",\"item\":\"https:\/\/cpar.ufms.br\/\"},{\"@type\":\"ListItem\",\"position\":2,\"name\":\"Plano de Biosseguran\u00e7a do campus \u00e9 aprovado\"}]},{\"@type\":\"WebSite\",\"@id\":\"https:\/\/cpar.ufms.br\/#website\",\"url\":\"https:\/\/cpar.ufms.br\/\",\"name\":\"CPAR - Campus de Parana\u00edba\",\"description\":\"Universidade Federal de Mato Grosso do Sul\",\"potentialAction\":[{\"@type\":\"SearchAction\",\"target\":{\"@type\":\"EntryPoint\",\"urlTemplate\":\"https:\/\/cpar.ufms.br\/?s={search_term_string}\"},\"query-input\":{\"@type\":\"PropertyValueSpecification\",\"valueRequired\":true,\"valueName\":\"search_term_string\"}}],\"inLanguage\":\"en-US\"},{\"@type\":\"Person\",\"@id\":\"https:\/\/cpar.ufms.br\/#\/schema\/person\/e75a5c4d95c933476a42c9eed9d6d303\",\"name\":\"BRUNNA DE OLIVEIRA FREITAS\",\"image\":{\"@type\":\"ImageObject\",\"inLanguage\":\"en-US\",\"@id\":\"https:\/\/cpar.ufms.br\/#\/schema\/person\/image\/a5b1ee798b6a6714654635c4095dd105\",\"url\":\"https:\/\/secure.gravatar.com\/avatar\/0e568014b00d86ba9cccf606b7c7dc623dec5048de6cf896970c939fc6e3ddc4?s=96&d=mm&r=g\",\"contentUrl\":\"https:\/\/secure.gravatar.com\/avatar\/0e568014b00d86ba9cccf606b7c7dc623dec5048de6cf896970c939fc6e3ddc4?s=96&d=mm&r=g\",\"caption\":\"BRUNNA DE OLIVEIRA FREITAS\"},\"url\":\"https:\/\/cpar.ufms.br\/en\/author\/brunna-oliveira\/\"}]}<\/script>\n<!-- \/ Yoast SEO plugin. -->","yoast_head_json":{"title":"Plano de Biosseguran\u00e7a do campus \u00e9 aprovado - CPAR - Campus de Parana\u00edba","robots":{"index":"index","follow":"follow","max-snippet":"max-snippet:-1","max-image-preview":"max-image-preview:large","max-video-preview":"max-video-preview:-1"},"canonical":"https:\/\/cpar.ufms.br\/plano-de-biosseguranca-do-campus-e-aprovado\/","og_locale":"en_US","og_type":"article","og_title":"Plano de Biosseguran\u00e7a do campus \u00e9 aprovado - CPAR - Campus de Parana\u00edba","og_description":"Com a pandemia da Covid-19, diversos h\u00e1bitos di\u00e1rios se modificaram, empresas e institui\u00e7\u00f5es tiveram que se adaptar \u00e0s condi\u00e7\u00f5es impostas pela r\u00e1pida transmiss\u00e3o do coronav\u00edrus. Entre elas, as universidades que para manter as atividades em funcionamento substitu\u00edram as a\u00e7\u00f5es presenciais que n\u00e3o possu\u00edam car\u00e1ter de urg\u00eancia pelo teletrabalho e estudo com aux\u00edlio das Tecnologias da [&hellip;]","og_url":"https:\/\/cpar.ufms.br\/plano-de-biosseguranca-do-campus-e-aprovado\/","og_site_name":"CPAR - Campus de Parana\u00edba","article_published_time":"2020-06-29T14:19:50+00:00","article_modified_time":"2020-06-29T14:22:24+00:00","og_image":[{"width":1024,"height":636,"url":"https:\/\/cpar.ufms.br\/files\/2020\/06\/C\u00e2mpus-de-Parana\u00edba-1024x636.jpg","type":"image\/jpeg"}],"author":"BRUNNA DE OLIVEIRA FREITAS","twitter_misc":{"Written by":"BRUNNA DE OLIVEIRA FREITAS","Est. reading time":"3 minutes"},"schema":{"@context":"https:\/\/schema.org","@graph":[{"@type":"WebPage","@id":"https:\/\/cpar.ufms.br\/plano-de-biosseguranca-do-campus-e-aprovado\/","url":"https:\/\/cpar.ufms.br\/plano-de-biosseguranca-do-campus-e-aprovado\/","name":"Plano de Biosseguran\u00e7a do campus \u00e9 aprovado - CPAR - Campus de Parana\u00edba","isPartOf":{"@id":"https:\/\/cpar.ufms.br\/#website"},"datePublished":"2020-06-29T14:19:50+00:00","dateModified":"2020-06-29T14:22:24+00:00","author":{"@id":"https:\/\/cpar.ufms.br\/#\/schema\/person\/e75a5c4d95c933476a42c9eed9d6d303"},"breadcrumb":{"@id":"https:\/\/cpar.ufms.br\/plano-de-biosseguranca-do-campus-e-aprovado\/#breadcrumb"},"inLanguage":"en-US","potentialAction":[{"@type":"ReadAction","target":["https:\/\/cpar.ufms.br\/plano-de-biosseguranca-do-campus-e-aprovado\/"]}]},{"@type":"BreadcrumbList","@id":"https:\/\/cpar.ufms.br\/plano-de-biosseguranca-do-campus-e-aprovado\/#breadcrumb","itemListElement":[{"@type":"ListItem","position":1,"name":"In\u00edcio","item":"https:\/\/cpar.ufms.br\/"},{"@type":"ListItem","position":2,"name":"Plano de Biosseguran\u00e7a do campus \u00e9 aprovado"}]},{"@type":"WebSite","@id":"https:\/\/cpar.ufms.br\/#website","url":"https:\/\/cpar.ufms.br\/","name":"CPAR - Campus de Parana\u00edba","description":"Universidade Federal de Mato Grosso do Sul","potentialAction":[{"@type":"SearchAction","target":{"@type":"EntryPoint","urlTemplate":"https:\/\/cpar.ufms.br\/?s={search_term_string}"},"query-input":{"@type":"PropertyValueSpecification","valueRequired":true,"valueName":"search_term_string"}}],"inLanguage":"en-US"},{"@type":"Person","@id":"https:\/\/cpar.ufms.br\/#\/schema\/person\/e75a5c4d95c933476a42c9eed9d6d303","name":"BRUNNA DE OLIVEIRA FREITAS","image":{"@type":"ImageObject","inLanguage":"en-US","@id":"https:\/\/cpar.ufms.br\/#\/schema\/person\/image\/a5b1ee798b6a6714654635c4095dd105","url":"https:\/\/secure.gravatar.com\/avatar\/0e568014b00d86ba9cccf606b7c7dc623dec5048de6cf896970c939fc6e3ddc4?s=96&d=mm&r=g","contentUrl":"https:\/\/secure.gravatar.com\/avatar\/0e568014b00d86ba9cccf606b7c7dc623dec5048de6cf896970c939fc6e3ddc4?s=96&d=mm&r=g","caption":"BRUNNA DE OLIVEIRA FREITAS"},"url":"https:\/\/cpar.ufms.br\/en\/author\/brunna-oliveira\/"}]}},"_links":{"self":[{"href":"https:\/\/cpar.ufms.br\/en\/wp-json\/wp\/v2\/posts\/9944","targetHints":{"allow":["GET"]}}],"collection":[{"href":"https:\/\/cpar.ufms.br\/en\/wp-json\/wp\/v2\/posts"}],"about":[{"href":"https:\/\/cpar.ufms.br\/en\/wp-json\/wp\/v2\/types\/post"}],"author":[{"embeddable":true,"href":"https:\/\/cpar.ufms.br\/en\/wp-json\/wp\/v2\/users\/12416"}],"replies":[{"embeddable":true,"href":"https:\/\/cpar.ufms.br\/en\/wp-json\/wp\/v2\/comments?post=9944"}],"version-history":[{"count":2,"href":"https:\/\/cpar.ufms.br\/en\/wp-json\/wp\/v2\/posts\/9944\/revisions"}],"predecessor-version":[{"id":9947,"href":"https:\/\/cpar.ufms.br\/en\/wp-json\/wp\/v2\/posts\/9944\/revisions\/9947"}],"wp:attachment":[{"href":"https:\/\/cpar.ufms.br\/en\/wp-json\/wp\/v2\/media?parent=9944"}],"wp:term":[{"taxonomy":"category","embeddable":true,"href":"https:\/\/cpar.ufms.br\/en\/wp-json\/wp\/v2\/categories?post=9944"},{"taxonomy":"post_tag","embeddable":true,"href":"https:\/\/cpar.ufms.br\/en\/wp-json\/wp\/v2\/tags?post=9944"},{"taxonomy":"author","embeddable":true,"href":"https:\/\/cpar.ufms.br\/en\/wp-json\/wp\/v2\/coauthors?post=9944"}],"curies":[{"name":"wp","href":"https:\/\/api.w.org\/{rel}","templated":true}]}}